{"id":63585,"date":"2026-01-22T20:47:22","date_gmt":"2026-01-22T23:47:22","guid":{"rendered":"https:\/\/radiorevelacionfm.cl\/?p=63585"},"modified":"2026-01-22T20:47:22","modified_gmt":"2026-01-22T23:47:22","slug":"ter-declara-admisible-causa-contra-el-alcalde-de-coyhaique-y-se-abre-proceso-que-busca-su-remocion","status":"publish","type":"post","link":"https:\/\/radiorevelacionfm.cl\/?p=63585","title":{"rendered":"TER declara admisible causa contra el alcalde de Coyhaique y se abre proceso que busca su remoci\u00f3n"},"content":{"rendered":"<div class=\"flex_column av_one_full  flex_column_div av-zero-column-padding first  avia-builder-el-0  el_before_av_one_full  avia-builder-el-first  \" style='border-radius:0px; '><div  class='avia-image-container  av-styling-    avia-builder-el-1  avia-builder-el-no-sibling  avia-align-center '  itemprop=\"image\" itemscope=\"itemscope\" itemtype=\"https:\/\/schema.org\/ImageObject\"  ><div class='avia-image-container-inner'><div class='avia-image-overlay-wrap'><img decoding=\"async\" class='wp-image-63586 avia-img-lazy-loading-not-63586 avia_image' src=\"https:\/\/radiorevelacionfm.cl\/wp-content\/uploads\/2026\/01\/ter-causa-1_optimized-1.jpeg\" alt='' title='ter-causa-(1)_optimized (1)' height=\"600\" width=\"1067\"  itemprop=\"thumbnailUrl\" srcset=\"https:\/\/radiorevelacionfm.cl\/wp-content\/uploads\/2026\/01\/ter-causa-1_optimized-1.jpeg 1067w, https:\/\/radiorevelacionfm.cl\/wp-content\/uploads\/2026\/01\/ter-causa-1_optimized-1-300x169.jpeg 300w, https:\/\/radiorevelacionfm.cl\/wp-content\/uploads\/2026\/01\/ter-causa-1_optimized-1-1030x579.jpeg 1030w, https:\/\/radiorevelacionfm.cl\/wp-content\/uploads\/2026\/01\/ter-causa-1_optimized-1-768x432.jpeg 768w, https:\/\/radiorevelacionfm.cl\/wp-content\/uploads\/2026\/01\/ter-causa-1_optimized-1-705x396.jpeg 705w, https:\/\/radiorevelacionfm.cl\/wp-content\/uploads\/2026\/01\/ter-causa-1_optimized-1-450x253.jpeg 450w, https:\/\/radiorevelacionfm.cl\/wp-content\/uploads\/2026\/01\/ter-causa-1_optimized-1-600x337.jpeg 600w\" sizes=\"(max-width: 1067px) 100vw, 1067px\" \/><\/div><\/div><\/div><\/div><div class=\"flex_column av_one_full  flex_column_div av-zero-column-padding first  avia-builder-el-2  el_after_av_one_full  el_before_av_one_full  column-top-margin\" style='border-radius:0px; '><section class=\"av_textblock_section \"  itemscope=\"itemscope\" itemtype=\"https:\/\/schema.org\/BlogPosting\" itemprop=\"blogPost\" ><div class='avia_textblock  '   itemprop=\"text\" ><p style=\"text-align: center;\"><strong><span style=\"font-size: 18pt;\">TER declara admisible causa contra el alcalde de Coyhaique y se abre proceso que busca su remoci\u00f3n<\/span><\/strong><\/p>\n<div id=\"gtx-trans\" style=\"position: absolute; left: -50px; top: 4.31534px;\">\n<div class=\"gtx-trans-icon\"><\/div>\n<\/div>\n<\/div><\/section><\/div><div class=\"flex_column av_one_full  flex_column_div av-zero-column-padding first  avia-builder-el-4  el_after_av_one_full  el_before_av_hr  column-top-margin\" style='border-radius:0px; '><section class=\"av_textblock_section \"  itemscope=\"itemscope\" itemtype=\"https:\/\/schema.org\/BlogPosting\" itemprop=\"blogPost\" ><div class='avia_textblock  '   itemprop=\"text\" ><p style=\"text-align: justify;\">El Tribunal Electoral Regional de Ays\u00e9n <strong>declar\u00f3 admisible y admiti\u00f3 a tramitaci\u00f3n<\/strong> el requerimiento presentado en contra del alcalde de Coyhaique, <strong>Carlos Patricio Gatica Villegas<\/strong>, por los concejales <strong>Sebasti\u00e1n Vera (RN)<\/strong> y <strong>Ana Mar\u00eda Navarrete (PS)<\/strong>, dando inicio formal a una causa judicial que <strong>solicita su remoci\u00f3n del cargo<\/strong>, y en subsidio, la aplicaci\u00f3n de sanciones disciplinarias establecidas en la ley.<\/p>\n<p style=\"text-align: justify;\">Seg\u00fan la resoluci\u00f3n dictada por el propio Tribunal, se <strong>tuvo por interpuesto el requerimiento<\/strong> y se dio curso al procedimiento contemplado en el art\u00edculo 60 de la Ley N\u00b018.695, en relaci\u00f3n con la Ley N\u00b018.593, que regula el funcionamiento de los Tribunales Electorales Regionales. Con ello, el \u00f3rgano jurisdiccional confirm\u00f3 que la presentaci\u00f3n <strong>cumple los requisitos legales para su tramitaci\u00f3n<\/strong>, abriendo formalmente el proceso.<\/p>\n<p style=\"text-align: justify;\">En el mismo acto, el Tribunal orden\u00f3 <strong>notificar oficialmente la existencia de esta causa<\/strong>, tanto mediante la <strong>publicaci\u00f3n de un extracto en un medio de circulaci\u00f3n regional<\/strong>, como a trav\u00e9s de la <strong>notificaci\u00f3n personal al alcalde requerido<\/strong>, confirmando as\u00ed que el procedimiento judicial se encuentra plenamente vigente.<\/p>\n<p style=\"text-align: justify;\">El requerimiento presentado por los concejales solicita la <strong>remoci\u00f3n del alcalde<\/strong>, y de manera subsidiaria, la aplicaci\u00f3n de las <strong>medidas disciplinarias previstas en las letras a), b) y c) del art\u00edculo 120 de la Ley N\u00b018.883<\/strong>, norma que regula el estatuto administrativo de los funcionarios municipales.<\/p>\n<p style=\"text-align: justify;\">Desde los requirentes se indic\u00f3 que esta acci\u00f3n tiene como finalidad <strong>poner en conocimiento del Tribunal una serie de antecedentes que, a su juicio, revisten gravedad y deben ser revisados conforme al marco jur\u00eddico vigente<\/strong>, particularmente en lo relativo a probidad administrativa, responsabilidades y correcto funcionamiento del municipio.<\/p>\n<p style=\"text-align: justify;\">Asimismo, recalcaron que la resoluci\u00f3n del Tribunal <strong>no constituye una sanci\u00f3n<\/strong>, sino que representa un hito jur\u00eddico relevante, ya que <strong>declara admisible la acci\u00f3n y da inicio a un proceso jurisdiccional<\/strong>, en el cual se deber\u00e1n rendir pruebas, ejercer defensas y evacuar traslados, quedando finalmente en manos del Tribunal Electoral Regional la determinaci\u00f3n de responsabilidades.<\/p>\n<p style=\"text-align: justify;\">La causa qued\u00f3 registrada bajo el <strong>Rol N\u00b0 14-2025<\/strong>, y ser\u00e1 conocida por el Tribunal Electoral Regional de Ays\u00e9n, el cual deber\u00e1 dirigir el procedimiento y resolver conforme a derecho, una vez cumplidas todas las etapas legales.<\/p>\n<\/div><\/section><\/div><div  style='height:50px' class='hr hr-invisible   avia-builder-el-6  el_after_av_one_full  el_before_av_social_share '><span class='hr-inner ' ><span class='hr-inner-style'><\/span><\/span><\/div><\/p>\n<div  class='av-social-sharing-box  avia-builder-el-7  el_after_av_hr  el_before_av_hr  '><div class='av-share-box'><h5 class='av-share-link-description av-no-toc '>Compartir esta noticia<\/h5><ul class='av-share-box-list noLightbox'><li class='av-share-link av-social-link-facebook' ><a target=\"_blank\" aria-label=\"Compartir en Facebook\" href='https:\/\/www.facebook.com\/sharer.php?u=https:\/\/radiorevelacionfm.cl\/?p=63585&#038;t=TER%20declara%20admisible%20causa%20contra%20el%20alcalde%20de%20Coyhaique%20y%20se%20abre%20proceso%20que%20busca%20su%20remoci%C3%B3n' aria-hidden='false' data-av_icon='\ue8f3' data-av_iconfont='entypo-fontello' title='' data-avia-related-tooltip='Compartir en Facebook' rel=\"noopener\"><span class='avia_hidden_link_text'>Compartir en Facebook<\/span><\/a><\/li><li class='av-share-link av-social-link-twitter' ><a target=\"_blank\" aria-label=\"Compartir en Twitter\" href='https:\/\/twitter.com\/share?text=TER%20declara%20admisible%20causa%20contra%20el%20alcalde%20de%20Coyhaique%20y%20se%20abre%20proceso%20que%20busca%20su%20remoci%C3%B3n&#038;url=https:\/\/radiorevelacionfm.cl\/?p=63585' aria-hidden='false' data-av_icon='\ue8f1' data-av_iconfont='entypo-fontello' title='' data-avia-related-tooltip='Compartir en Twitter' rel=\"noopener\"><span class='avia_hidden_link_text'>Compartir en Twitter<\/span><\/a><\/li><li class='av-share-link av-social-link-whatsapp' ><a target=\"_blank\" aria-label=\"Compartir en Whatsapp\" href='https:\/\/api.whatsapp.com\/send?text=https:\/\/radiorevelacionfm.cl\/?p=63585' aria-hidden='false' data-av_icon='\uf232' data-av_iconfont='entypo-fontello' title='' data-avia-related-tooltip='Compartir en Whatsapp' rel=\"noopener\"><span class='avia_hidden_link_text'>Compartir en Whatsapp<\/span><\/a><\/li><li class='av-share-link av-social-link-linkedin' ><a target=\"_blank\" aria-label=\"Compartir en LinkedIn\" href='https:\/\/linkedin.com\/shareArticle?mini=true&#038;title=TER%20declara%20admisible%20causa%20contra%20el%20alcalde%20de%20Coyhaique%20y%20se%20abre%20proceso%20que%20busca%20su%20remoci%C3%B3n&#038;url=https:\/\/radiorevelacionfm.cl\/?p=63585' aria-hidden='false' data-av_icon='\ue8fc' data-av_iconfont='entypo-fontello' title='' data-avia-related-tooltip='Compartir en LinkedIn' rel=\"noopener\"><span class='avia_hidden_link_text'>Compartir en LinkedIn<\/span><\/a><\/li><li class='av-share-link av-social-link-mail' ><a  aria-label=\"Compartir por correo\" href='mailto:?subject=TER%20declara%20admisible%20causa%20contra%20el%20alcalde%20de%20Coyhaique%20y%20se%20abre%20proceso%20que%20busca%20su%20remoci%C3%B3n&#038;body=https:\/\/radiorevelacionfm.cl\/?p=63585' aria-hidden='false' data-av_icon='\ue805' data-av_iconfont='entypo-fontello' title='' data-avia-related-tooltip='Compartir por correo'><span class='avia_hidden_link_text'>Compartir por correo<\/span><\/a><\/li><\/ul><\/div><\/div>\n<div  style='height:50px' class='hr hr-invisible   avia-builder-el-8  el_after_av_social_share  el_before_av_comments_list '><span class='hr-inner ' ><span class='hr-inner-style'><\/span><\/span><\/div>\n<div  class='av-buildercomment  av-blog-meta-html-info-disabled av-blog-meta-tag-disabled  '><\/div>\n","protected":false},"excerpt":{"rendered":"","protected":false},"author":1,"featured_media":63586,"comment_status":"closed","ping_status":"closed","sticky":false,"template":"","format":"standard","meta":{"footnotes":""},"categories":[38],"tags":[],"class_list":["post-63585","post","type-post","status-publish","format-standard","has-post-thumbnail","hentry","category-regional"],"jetpack_featured_media_url":"https:\/\/radiorevelacionfm.cl\/wp-content\/uploads\/2026\/01\/ter-causa-1_optimized-1.jpeg","_links":{"self":[{"href":"https:\/\/radiorevelacionfm.cl\/index.php?rest_route=\/wp\/v2\/posts\/63585","targetHints":{"allow":["GET"]}}],"collection":[{"href":"https:\/\/radiorevelacionfm.cl\/index.php?rest_route=\/wp\/v2\/posts"}],"about":[{"href":"https:\/\/radiorevelacionfm.cl\/index.php?rest_route=\/wp\/v2\/types\/post"}],"author":[{"embeddable":true,"href":"https:\/\/radiorevelacionfm.cl\/index.php?rest_route=\/wp\/v2\/users\/1"}],"replies":[{"embeddable":true,"href":"https:\/\/radiorevelacionfm.cl\/index.php?rest_route=%2Fwp%2Fv2%2Fcomments&post=63585"}],"version-history":[{"count":2,"href":"https:\/\/radiorevelacionfm.cl\/index.php?rest_route=\/wp\/v2\/posts\/63585\/revisions"}],"predecessor-version":[{"id":63588,"href":"https:\/\/radiorevelacionfm.cl\/index.php?rest_route=\/wp\/v2\/posts\/63585\/revisions\/63588"}],"wp:featuredmedia":[{"embeddable":true,"href":"https:\/\/radiorevelacionfm.cl\/index.php?rest_route=\/wp\/v2\/media\/63586"}],"wp:attachment":[{"href":"https:\/\/radiorevelacionfm.cl\/index.php?rest_route=%2Fwp%2Fv2%2Fmedia&parent=63585"}],"wp:term":[{"taxonomy":"category","embeddable":true,"href":"https:\/\/radiorevelacionfm.cl\/index.php?rest_route=%2Fwp%2Fv2%2Fcategories&post=63585"},{"taxonomy":"post_tag","embeddable":true,"href":"https:\/\/radiorevelacionfm.cl\/index.php?rest_route=%2Fwp%2Fv2%2Ftags&post=63585"}],"curies":[{"name":"wp","href":"https:\/\/api.w.org\/{rel}","templated":true}]}}