{"id":63582,"date":"2026-01-23T09:58:14","date_gmt":"2026-01-23T12:58:14","guid":{"rendered":"https:\/\/radiorevelacionfm.cl\/?p=63582"},"modified":"2026-01-23T09:58:14","modified_gmt":"2026-01-23T12:58:14","slug":"agricultores-se-capacitan-en-agroecologia-para-una-produccion-sostenible-y-saludable","status":"publish","type":"post","link":"https:\/\/radiorevelacionfm.cl\/?p=63582","title":{"rendered":"Agricultores se capacitan en agroecolog\u00eda para una producci\u00f3n sostenible y saludable"},"content":{"rendered":"<div class=\"flex_column av_one_full  flex_column_div av-zero-column-padding first  avia-builder-el-0  el_before_av_one_full  avia-builder-el-first  \" style='border-radius:0px; '><div  class='avia-image-container  av-styling-    avia-builder-el-1  avia-builder-el-no-sibling  avia-align-center '  itemprop=\"image\" itemscope=\"itemscope\" itemtype=\"https:\/\/schema.org\/ImageObject\"  ><div class='avia-image-container-inner'><div class='avia-image-overlay-wrap'><img decoding=\"async\" class='wp-image-63583 avia-img-lazy-loading-not-63583 avia_image' src=\"https:\/\/radiorevelacionfm.cl\/wp-content\/uploads\/2026\/01\/tas_indap_2-1_optimized-1.jpg\" alt='' title='tas_indap_2-(1)_optimized (1)' height=\"600\" width=\"1321\"  itemprop=\"thumbnailUrl\" srcset=\"https:\/\/radiorevelacionfm.cl\/wp-content\/uploads\/2026\/01\/tas_indap_2-1_optimized-1.jpg 1321w, https:\/\/radiorevelacionfm.cl\/wp-content\/uploads\/2026\/01\/tas_indap_2-1_optimized-1-300x136.jpg 300w, https:\/\/radiorevelacionfm.cl\/wp-content\/uploads\/2026\/01\/tas_indap_2-1_optimized-1-1030x468.jpg 1030w, https:\/\/radiorevelacionfm.cl\/wp-content\/uploads\/2026\/01\/tas_indap_2-1_optimized-1-768x349.jpg 768w, https:\/\/radiorevelacionfm.cl\/wp-content\/uploads\/2026\/01\/tas_indap_2-1_optimized-1-705x320.jpg 705w, https:\/\/radiorevelacionfm.cl\/wp-content\/uploads\/2026\/01\/tas_indap_2-1_optimized-1-450x204.jpg 450w, https:\/\/radiorevelacionfm.cl\/wp-content\/uploads\/2026\/01\/tas_indap_2-1_optimized-1-600x273.jpg 600w\" sizes=\"(max-width: 1321px) 100vw, 1321px\" \/><\/div><\/div><\/div><\/div><div class=\"flex_column av_one_full  flex_column_div av-zero-column-padding first  avia-builder-el-2  el_after_av_one_full  el_before_av_one_full  column-top-margin\" style='border-radius:0px; '><section class=\"av_textblock_section \"  itemscope=\"itemscope\" itemtype=\"https:\/\/schema.org\/BlogPosting\" itemprop=\"blogPost\" ><div class='avia_textblock  '   itemprop=\"text\" ><p style=\"text-align: center;\"><strong><span style=\"font-size: 18pt;\">Agricultores se capacitan en agroecolog\u00eda para una producci\u00f3n sostenible y saludable<\/span><\/strong><\/p>\n<div id=\"gtx-trans\" style=\"position: absolute; left: -50px; top: 4.31534px;\">\n<div class=\"gtx-trans-icon\"><\/div>\n<\/div>\n<\/div><\/section><\/div><div class=\"flex_column av_one_full  flex_column_div av-zero-column-padding first  avia-builder-el-4  el_after_av_one_full  el_before_av_hr  column-top-margin\" style='border-radius:0px; '><section class=\"av_textblock_section \"  itemscope=\"itemscope\" itemtype=\"https:\/\/schema.org\/BlogPosting\" itemprop=\"blogPost\" ><div class='avia_textblock  '   itemprop=\"text\" ><p style=\"text-align: justify;\"><em>El programa ejecutado por INIA Tamel Aike y financiado por INDAP instruye a productores agr\u00edcolas de la regi\u00f3n en t\u00e9cnicas que protegen el suelo, el agua y la biodiversidad, fortaleciendo la agricultura familiar campesina con miras a la autosuficiencia y la soberan\u00eda alimentaria local.<\/em><\/p>\n<p style=\"text-align: justify;\">En el sector Alto Baguales, un grupo de agricultores y agricultoras particip\u00f3 en talleres te\u00f3rico-pr\u00e1cticos del programa \u201cTransici\u00f3n a la Agricultura Sostenible\u201d (TAS). La iniciativa, fruto de un convenio entre INIA Tamel Aike e INDAP, busca capacitar a campesinos y campesinas en agroecolog\u00eda, promoviendo la producci\u00f3n de alimentos sanos y un manejo respetuoso del entorno en el contexto del cambio clim\u00e1tico.<\/p>\n<p style=\"text-align: justify;\">Seg\u00fan detall\u00f3 la directora regional de INIA Tamel Aike, Camila Reyes, el objetivo central del programa es buscar con estos cursos \u201cpoder fortalecer la agricultura familiar campesina con el apoyo nuestro a trav\u00e9s de la investigaci\u00f3n y la transferencia tecnol\u00f3gica, permitiendo producir alimentos sanos en cantidad y generando una agroecolog\u00eda mucho m\u00e1s sostenible en el tiempo\u201d.<\/p>\n<p style=\"text-align: justify;\">Para Yessica Lagos, directora regional de INDAP Ays\u00e9n, resulta importante destacar el foco del taller. Enfatiz\u00f3 en que el suelo es fundamental en la agricultura, \u201cpara poder producir alimentos sanos\u201d. A\u00f1adi\u00f3, la directora de INDAP Ays\u00e9n que las actividades combinan clases te\u00f3ricas con trabajo presencial en terreno, donde aprenden, por ejemplo, \u201cc\u00f3mo detectar un suelo que tiene acidez, o c\u00f3mo hacemos que el suelo tenga mayores nutrientes, de tal manera que las plantas crezcan con m\u00e1s vigor\u201d.<\/p>\n<p style=\"text-align: justify;\">Desde el gobierno, el Seremi de Agricultura, Eugenio Ruiz, resalt\u00f3 el car\u00e1cter estrat\u00e9gico de la iniciativa. Al respecto indic\u00f3 la autoridad sectorial que \u201cla transici\u00f3n a la agricultura sostenible nace desde el gobierno del Presidente Gabriel Boric y lleg\u00f3 para quedarse\u201d. Subray\u00f3 que frente al cambio clim\u00e1tico es clave mejorar \u201cel uso del suelo\u201d y valor\u00f3 el intercambio de saberes, \u201cno es tan solo aprender, sino que tambi\u00e9n cada uno de ellos tiene un bagaje de conocimiento que es fundamental\u201d.<\/p>\n<p style=\"text-align: justify;\">Wenceslao Figueroa, horticultor, del huerto Terrazas en el sector El Peludo, Coyhaique, se\u00f1al\u00f3 estar emocionado de poder participar en este tipo de capacitaciones. \u201cNuestra meta es producir con m\u00e9todos basados en la agroecolog\u00eda para poder entregar alimentos sanos a la comunidad, con un fuerte \u00e9nfasis en la autosuficiencia regional. La idea es no traer insumos de afuera\u2026 y demostrar que s\u00ed es posible producir alimentos sanos con lo que tenemos al alcance de nuestras manos\u201d, afirm\u00f3, consciente de las dificultades log\u00edsticas en la regi\u00f3n de Ays\u00e9n.<\/p>\n<p style=\"text-align: justify;\">Por su parte, Constanza Naiman, productora de Villa Ortega, agradeci\u00f3 estas instancias de formaci\u00f3n, \u201cuno como joven, agradece mucho estas instancias porque te nutren de conocimiento\u201d. Su aspiraci\u00f3n es crecer, \u201cen alg\u00fan momento ojal\u00e1 poder abastecer a gran parte de la localidad\u201d. Destac\u00f3 el ambiente de los talleres, \u201cencuentro que todos est\u00e1n s\u00faper motivados y tambi\u00e9n interesados en aprender, que eso es lo m\u00e1s lindo\u201d.<\/p>\n<p style=\"text-align: justify;\">De esta forma, el programa TAS siembra en la regi\u00f3n algo m\u00e1s que hortalizas; est\u00e1 cultivando conocimiento, comunidad y resiliencia. Cada taller es un paso firme hacia una regi\u00f3n que pueda nutrirse a s\u00ed misma con alimentos saludables, producidos en armon\u00eda con su entorno. As\u00ed, el futuro de la alimentaci\u00f3n en la regi\u00f3n de Ays\u00e9n se cultiva hoy, con las manos en la tierra y con la mirada en el futuro de manera sostenible.<\/p>\n<\/div><\/section><\/div><div  style='height:50px' class='hr hr-invisible   avia-builder-el-6  el_after_av_one_full  el_before_av_social_share '><span class='hr-inner ' ><span class='hr-inner-style'><\/span><\/span><\/div><\/p>\n<div  class='av-social-sharing-box  avia-builder-el-7  el_after_av_hr  el_before_av_hr  '><div class='av-share-box'><h5 class='av-share-link-description av-no-toc '>Compartir esta noticia<\/h5><ul class='av-share-box-list noLightbox'><li class='av-share-link av-social-link-facebook' ><a target=\"_blank\" aria-label=\"Compartir en Facebook\" href='https:\/\/www.facebook.com\/sharer.php?u=https:\/\/radiorevelacionfm.cl\/?p=63582&#038;t=Agricultores%20se%20capacitan%20en%20agroecolog%C3%ADa%20para%20una%20producci%C3%B3n%20sostenible%20y%20saludable' aria-hidden='false' data-av_icon='\ue8f3' data-av_iconfont='entypo-fontello' title='' data-avia-related-tooltip='Compartir en Facebook' rel=\"noopener\"><span class='avia_hidden_link_text'>Compartir en Facebook<\/span><\/a><\/li><li class='av-share-link av-social-link-twitter' ><a target=\"_blank\" aria-label=\"Compartir en Twitter\" href='https:\/\/twitter.com\/share?text=Agricultores%20se%20capacitan%20en%20agroecolog%C3%ADa%20para%20una%20producci%C3%B3n%20sostenible%20y%20saludable&#038;url=https:\/\/radiorevelacionfm.cl\/?p=63582' aria-hidden='false' data-av_icon='\ue8f1' data-av_iconfont='entypo-fontello' title='' data-avia-related-tooltip='Compartir en Twitter' rel=\"noopener\"><span class='avia_hidden_link_text'>Compartir en Twitter<\/span><\/a><\/li><li class='av-share-link av-social-link-whatsapp' ><a target=\"_blank\" aria-label=\"Compartir en Whatsapp\" href='https:\/\/api.whatsapp.com\/send?text=https:\/\/radiorevelacionfm.cl\/?p=63582' aria-hidden='false' data-av_icon='\uf232' data-av_iconfont='entypo-fontello' title='' data-avia-related-tooltip='Compartir en Whatsapp' rel=\"noopener\"><span class='avia_hidden_link_text'>Compartir en Whatsapp<\/span><\/a><\/li><li class='av-share-link av-social-link-linkedin' ><a target=\"_blank\" aria-label=\"Compartir en LinkedIn\" href='https:\/\/linkedin.com\/shareArticle?mini=true&#038;title=Agricultores%20se%20capacitan%20en%20agroecolog%C3%ADa%20para%20una%20producci%C3%B3n%20sostenible%20y%20saludable&#038;url=https:\/\/radiorevelacionfm.cl\/?p=63582' aria-hidden='false' data-av_icon='\ue8fc' data-av_iconfont='entypo-fontello' title='' data-avia-related-tooltip='Compartir en LinkedIn' rel=\"noopener\"><span class='avia_hidden_link_text'>Compartir en LinkedIn<\/span><\/a><\/li><li class='av-share-link av-social-link-mail' ><a  aria-label=\"Compartir por correo\" href='mailto:?subject=Agricultores%20se%20capacitan%20en%20agroecolog%C3%ADa%20para%20una%20producci%C3%B3n%20sostenible%20y%20saludable&#038;body=https:\/\/radiorevelacionfm.cl\/?p=63582' aria-hidden='false' data-av_icon='\ue805' data-av_iconfont='entypo-fontello' title='' data-avia-related-tooltip='Compartir por correo'><span class='avia_hidden_link_text'>Compartir por correo<\/span><\/a><\/li><\/ul><\/div><\/div>\n<div  style='height:50px' class='hr hr-invisible   avia-builder-el-8  el_after_av_social_share  el_before_av_comments_list '><span class='hr-inner ' ><span class='hr-inner-style'><\/span><\/span><\/div>\n<div  class='av-buildercomment  av-blog-meta-html-info-disabled av-blog-meta-tag-disabled  '><\/div>\n","protected":false},"excerpt":{"rendered":"","protected":false},"author":1,"featured_media":63583,"comment_status":"closed","ping_status":"closed","sticky":false,"template":"","format":"standard","meta":{"footnotes":""},"categories":[58],"tags":[],"class_list":["post-63582","post","type-post","status-publish","format-standard","has-post-thumbnail","hentry","category-agricultura"],"jetpack_featured_media_url":"https:\/\/radiorevelacionfm.cl\/wp-content\/uploads\/2026\/01\/tas_indap_2-1_optimized-1.jpg","_links":{"self":[{"href":"https:\/\/radiorevelacionfm.cl\/index.php?rest_route=\/wp\/v2\/posts\/63582","targetHints":{"allow":["GET"]}}],"collection":[{"href":"https:\/\/radiorevelacionfm.cl\/index.php?rest_route=\/wp\/v2\/posts"}],"about":[{"href":"https:\/\/radiorevelacionfm.cl\/index.php?rest_route=\/wp\/v2\/types\/post"}],"author":[{"embeddable":true,"href":"https:\/\/radiorevelacionfm.cl\/index.php?rest_route=\/wp\/v2\/users\/1"}],"replies":[{"embeddable":true,"href":"https:\/\/radiorevelacionfm.cl\/index.php?rest_route=%2Fwp%2Fv2%2Fcomments&post=63582"}],"version-history":[{"count":2,"href":"https:\/\/radiorevelacionfm.cl\/index.php?rest_route=\/wp\/v2\/posts\/63582\/revisions"}],"predecessor-version":[{"id":63589,"href":"https:\/\/radiorevelacionfm.cl\/index.php?rest_route=\/wp\/v2\/posts\/63582\/revisions\/63589"}],"wp:featuredmedia":[{"embeddable":true,"href":"https:\/\/radiorevelacionfm.cl\/index.php?rest_route=\/wp\/v2\/media\/63583"}],"wp:attachment":[{"href":"https:\/\/radiorevelacionfm.cl\/index.php?rest_route=%2Fwp%2Fv2%2Fmedia&parent=63582"}],"wp:term":[{"taxonomy":"category","embeddable":true,"href":"https:\/\/radiorevelacionfm.cl\/index.php?rest_route=%2Fwp%2Fv2%2Fcategories&post=63582"},{"taxonomy":"post_tag","embeddable":true,"href":"https:\/\/radiorevelacionfm.cl\/index.php?rest_route=%2Fwp%2Fv2%2Ftags&post=63582"}],"curies":[{"name":"wp","href":"https:\/\/api.w.org\/{rel}","templated":true}]}}