{"id":63578,"date":"2026-01-22T17:34:30","date_gmt":"2026-01-22T20:34:30","guid":{"rendered":"https:\/\/radiorevelacionfm.cl\/?p=63578"},"modified":"2026-01-22T17:34:30","modified_gmt":"2026-01-22T20:34:30","slug":"programa-4-a-7-del-sernameg-continua-funcionando-durante-el-verano-y-abre-postulaciones-para-este-2026-aun-quedan-cupos-en-aysen-y-ohiggins","status":"publish","type":"post","link":"https:\/\/radiorevelacionfm.cl\/?p=63578","title":{"rendered":"Programa 4 a 7 del SernamEG contin\u00faa funcionando durante el verano y abre postulaciones para este 2026: A\u00fan quedan cupos en Ays\u00e9n y O\u2019Higgins"},"content":{"rendered":"<div class=\"flex_column av_one_full  flex_column_div av-zero-column-padding first  avia-builder-el-0  el_before_av_one_full  avia-builder-el-first  \" style='border-radius:0px; '><div  class='avia-image-container  av-styling-    avia-builder-el-1  avia-builder-el-no-sibling  avia-align-center '  itemprop=\"image\" itemscope=\"itemscope\" itemtype=\"https:\/\/schema.org\/ImageObject\"  ><div class='avia-image-container-inner'><div class='avia-image-overlay-wrap'><img decoding=\"async\" class='wp-image-63579 avia-img-lazy-loading-not-63579 avia_image' src=\"https:\/\/radiorevelacionfm.cl\/wp-content\/uploads\/2026\/01\/4a7-4-1_optimized-1.jpeg\" alt='' title='4a7-(4)-(1)_optimized (1)' height=\"600\" width=\"800\"  itemprop=\"thumbnailUrl\" srcset=\"https:\/\/radiorevelacionfm.cl\/wp-content\/uploads\/2026\/01\/4a7-4-1_optimized-1.jpeg 800w, https:\/\/radiorevelacionfm.cl\/wp-content\/uploads\/2026\/01\/4a7-4-1_optimized-1-300x225.jpeg 300w, https:\/\/radiorevelacionfm.cl\/wp-content\/uploads\/2026\/01\/4a7-4-1_optimized-1-768x576.jpeg 768w, https:\/\/radiorevelacionfm.cl\/wp-content\/uploads\/2026\/01\/4a7-4-1_optimized-1-705x529.jpeg 705w, https:\/\/radiorevelacionfm.cl\/wp-content\/uploads\/2026\/01\/4a7-4-1_optimized-1-450x338.jpeg 450w, https:\/\/radiorevelacionfm.cl\/wp-content\/uploads\/2026\/01\/4a7-4-1_optimized-1-600x450.jpeg 600w\" sizes=\"(max-width: 800px) 100vw, 800px\" \/><\/div><\/div><\/div><\/div><div class=\"flex_column av_one_full  flex_column_div av-zero-column-padding first  avia-builder-el-2  el_after_av_one_full  el_before_av_one_full  column-top-margin\" style='border-radius:0px; '><section class=\"av_textblock_section \"  itemscope=\"itemscope\" itemtype=\"https:\/\/schema.org\/BlogPosting\" itemprop=\"blogPost\" ><div class='avia_textblock  '   itemprop=\"text\" ><p style=\"text-align: center;\"><strong><span style=\"font-size: 18pt;\">Programa 4 a 7 del SernamEG contin\u00faa funcionando durante el verano y abre postulaciones para este 2026: A\u00fan quedan cupos en Ays\u00e9n y O\u2019Higgins<\/span><\/strong><\/p>\n<div id=\"gtx-trans\" style=\"position: absolute; left: -50px; top: 4.31534px;\">\n<div class=\"gtx-trans-icon\"><\/div>\n<\/div>\n<\/div><\/section><\/div><div class=\"flex_column av_one_full  flex_column_div av-zero-column-padding first  avia-builder-el-4  el_after_av_one_full  el_before_av_hr  column-top-margin\" style='border-radius:0px; '><section class=\"av_textblock_section \"  itemscope=\"itemscope\" itemtype=\"https:\/\/schema.org\/BlogPosting\" itemprop=\"blogPost\" ><div class='avia_textblock  '   itemprop=\"text\" ><p style=\"text-align: justify;\">El Servicio Nacional de la Mujer y la Equidad de G\u00e9nero, SernamEG, dio inicio a la convocatoria 2026 del Programa 4 a 7, en convenio con m\u00e1s de 200 municipalidades a lo largo del pa\u00eds. Esta iniciativa, que tiene como objetivo apoyar a las mujeres en el fortalecimiento de su autonom\u00eda econ\u00f3mica, mediante el cuidado integral y seguro de ni\u00f1as, ni\u00f1os y adolescentes, se encuentra funcionando en la Regi\u00f3n de Ays\u00e9n durante todo el a\u00f1o, incluso en los meses de enero y febrero, en las comunas de Ays\u00e9n, Cisnes (La Junta), Chile Chico y O\u2019Higgins.<\/p>\n<p style=\"text-align: justify;\">Asimismo, desde la Direcci\u00f3n Regional de Ays\u00e9n enfatizaron en que a\u00fan quedan cupos disponibles para mujeres en la comuna de Ays\u00e9n, donde hay tres establecimientos en los que funciona el programa (Escuela Poetisa Gabriela Mistral y Litoral Austral en Puerto Ays\u00e9n; Escuela Almirante Simpson en Puerto Chacabuco), y tambi\u00e9n en la comuna de O\u2019Higgins, en el Liceo Pioneros del Sur.<\/p>\n<p style=\"text-align: justify;\">\u201cEl fortalecimiento de la autonom\u00eda econ\u00f3mica de las mujeres de nuestro pa\u00eds es uno de los ejes centrales de nuestro trabajo como SernamEG y con esta convicci\u00f3n nace el programa 4 a 7. Porque si las mujeres no tienen la posibilidad de conciliar el trabajo y la familia no avanzamos como sociedad y es responsabilidad del Estado apoyar y ayudar a las mujeres en las tareas de cuidado. Por eso, este programa es parte de Chile Cuida ya que es una pol\u00edtica p\u00fablica de suma relevancia\u201d, dijo la directora nacional del SernamEG, Priscilla Carrasco.<\/p>\n<p style=\"text-align: justify;\">Desde 2025, el Programa 4 a 7 -que forma parte del sistema de apoyos Chile Cuida- aument\u00f3 su cobertura, extendiendo su funcionamiento a los meses de enero y febrero y consolid\u00e1ndose como un programa de 12 meses de duraci\u00f3n, que entrega atenci\u00f3n a sus participantes durante todo el a\u00f1o. Este servicio busca reducir una de las principales barreras para el acceso y la permanencia de las mujeres en el mercado laboral: la responsabilidad del cuidado de hijas e hijos despu\u00e9s de la jornada escolar y durante las vacaciones de verano.<\/p>\n<p style=\"text-align: justify;\">\u201cDestacamos que este a\u00f1o, todos los establecimientos educativos de nuestra regi\u00f3n que implementan nuestro Programa 4 a 7, van a tener una implementaci\u00f3n a 12 meses. Este es un gran logro para nosotros como servicio, porque podemos atender las necesidades que tienen las mujeres y apoyarlas en materias de cuidado, para as\u00ed fortalecer su autonom\u00eda econ\u00f3mica. En este sentido, invitamos a las mujeres de la comuna de Ays\u00e9n a acercarse a las escuelas: Poetisa Gabriela Mistral, Litoral Austral y Almirante Simpson en Puerto Chacabuco, para que puedan inscribirse y postular a este programa. Tambi\u00e9n nos quedan cupos disponibles en Villa O\u2019Higgins, por lo que invitamos a las mujeres a acercarse al Liceo Pioneros del Sur para acceder a este apoyo en materia de cuidados\u201d, se\u00f1al\u00f3 la directora regional del SernamEG Ays\u00e9n, Patricia Baeza Cabezas.<\/p>\n<p style=\"text-align: justify;\"><strong>Aumento de cobertura<\/strong><\/p>\n<p style=\"text-align: justify;\">El\u00a0Programa 4 a 7\u00a0tiene presencia total en 350 establecimientos educacionales en todo el pa\u00eds, y para 2026 se busca ampliar el n\u00famero de establecimientos con una cobertura continua de 12 meses, llegando a 278 en esta modalidad.<\/p>\n<p style=\"text-align: justify;\">El a\u00f1o 2025 participaron de este programa poco m\u00e1s de 11 mil mujeres y 14 mil ni\u00f1as, ni\u00f1os y adolescentes de 207 comunas. Para este 2026 se aumentar\u00e1 la cobertura a 209 comunas y se ejecutar\u00e1 en 351 establecimientos educacionales, de los cuales 278 funcionar\u00e1n durante 12 meses.<\/p>\n<p style=\"text-align: justify;\">M\u00e1s informaci\u00f3n sobre los requisitos de postulaci\u00f3n en <a href=\"http:\/\/www.sernameg.gob.cl\">www.sernameg.gob.cl<\/a><\/p>\n<p style=\"text-align: justify;\"><strong>\u00a0<\/strong><\/p>\n<\/div><\/section><\/div><div  style='height:50px' class='hr hr-invisible   avia-builder-el-6  el_after_av_one_full  el_before_av_social_share '><span class='hr-inner ' ><span class='hr-inner-style'><\/span><\/span><\/div><\/p>\n<div  class='av-social-sharing-box  avia-builder-el-7  el_after_av_hr  el_before_av_hr  '><div class='av-share-box'><h5 class='av-share-link-description av-no-toc '>Compartir esta noticia<\/h5><ul class='av-share-box-list noLightbox'><li class='av-share-link av-social-link-facebook' ><a target=\"_blank\" aria-label=\"Compartir en Facebook\" href='https:\/\/www.facebook.com\/sharer.php?u=https:\/\/radiorevelacionfm.cl\/?p=63578&#038;t=Programa%204%20a%207%20del%20SernamEG%20contin%C3%BAa%20funcionando%20durante%20el%20verano%20y%20abre%20postulaciones%20para%20este%202026%3A%20A%C3%BAn%20quedan%20cupos%20en%20Ays%C3%A9n%20y%20O%E2%80%99Higgins' aria-hidden='false' data-av_icon='\ue8f3' data-av_iconfont='entypo-fontello' title='' data-avia-related-tooltip='Compartir en Facebook' rel=\"noopener\"><span class='avia_hidden_link_text'>Compartir en Facebook<\/span><\/a><\/li><li class='av-share-link av-social-link-twitter' ><a target=\"_blank\" aria-label=\"Compartir en Twitter\" href='https:\/\/twitter.com\/share?text=Programa%204%20a%207%20del%20SernamEG%20contin%C3%BAa%20funcionando%20durante%20el%20verano%20y%20abre%20postulaciones%20para%20este%202026%3A%20A%C3%BAn%20quedan%20cupos%20en%20Ays%C3%A9n%20y%20O%E2%80%99Higgins&#038;url=https:\/\/radiorevelacionfm.cl\/?p=63578' aria-hidden='false' data-av_icon='\ue8f1' data-av_iconfont='entypo-fontello' title='' data-avia-related-tooltip='Compartir en Twitter' rel=\"noopener\"><span class='avia_hidden_link_text'>Compartir en Twitter<\/span><\/a><\/li><li class='av-share-link av-social-link-whatsapp' ><a target=\"_blank\" aria-label=\"Compartir en Whatsapp\" href='https:\/\/api.whatsapp.com\/send?text=https:\/\/radiorevelacionfm.cl\/?p=63578' aria-hidden='false' data-av_icon='\uf232' data-av_iconfont='entypo-fontello' title='' data-avia-related-tooltip='Compartir en Whatsapp' rel=\"noopener\"><span class='avia_hidden_link_text'>Compartir en Whatsapp<\/span><\/a><\/li><li class='av-share-link av-social-link-linkedin' ><a target=\"_blank\" aria-label=\"Compartir en LinkedIn\" href='https:\/\/linkedin.com\/shareArticle?mini=true&#038;title=Programa%204%20a%207%20del%20SernamEG%20contin%C3%BAa%20funcionando%20durante%20el%20verano%20y%20abre%20postulaciones%20para%20este%202026%3A%20A%C3%BAn%20quedan%20cupos%20en%20Ays%C3%A9n%20y%20O%E2%80%99Higgins&#038;url=https:\/\/radiorevelacionfm.cl\/?p=63578' aria-hidden='false' data-av_icon='\ue8fc' data-av_iconfont='entypo-fontello' title='' data-avia-related-tooltip='Compartir en LinkedIn' rel=\"noopener\"><span class='avia_hidden_link_text'>Compartir en LinkedIn<\/span><\/a><\/li><li class='av-share-link av-social-link-mail' ><a  aria-label=\"Compartir por correo\" href='mailto:?subject=Programa%204%20a%207%20del%20SernamEG%20contin%C3%BAa%20funcionando%20durante%20el%20verano%20y%20abre%20postulaciones%20para%20este%202026%3A%20A%C3%BAn%20quedan%20cupos%20en%20Ays%C3%A9n%20y%20O%E2%80%99Higgins&#038;body=https:\/\/radiorevelacionfm.cl\/?p=63578' aria-hidden='false' data-av_icon='\ue805' data-av_iconfont='entypo-fontello' title='' data-avia-related-tooltip='Compartir por correo'><span class='avia_hidden_link_text'>Compartir por correo<\/span><\/a><\/li><\/ul><\/div><\/div>\n<div  style='height:50px' class='hr hr-invisible   avia-builder-el-8  el_after_av_social_share  el_before_av_comments_list '><span class='hr-inner ' ><span class='hr-inner-style'><\/span><\/span><\/div>\n<div  class='av-buildercomment  av-blog-meta-html-info-disabled av-blog-meta-tag-disabled  '><\/div>\n","protected":false},"excerpt":{"rendered":"","protected":false},"author":1,"featured_media":63579,"comment_status":"closed","ping_status":"closed","sticky":false,"template":"","format":"standard","meta":{"footnotes":""},"categories":[38],"tags":[],"class_list":["post-63578","post","type-post","status-publish","format-standard","has-post-thumbnail","hentry","category-regional"],"jetpack_featured_media_url":"https:\/\/radiorevelacionfm.cl\/wp-content\/uploads\/2026\/01\/4a7-4-1_optimized-1.jpeg","_links":{"self":[{"href":"https:\/\/radiorevelacionfm.cl\/index.php?rest_route=\/wp\/v2\/posts\/63578","targetHints":{"allow":["GET"]}}],"collection":[{"href":"https:\/\/radiorevelacionfm.cl\/index.php?rest_route=\/wp\/v2\/posts"}],"about":[{"href":"https:\/\/radiorevelacionfm.cl\/index.php?rest_route=\/wp\/v2\/types\/post"}],"author":[{"embeddable":true,"href":"https:\/\/radiorevelacionfm.cl\/index.php?rest_route=\/wp\/v2\/users\/1"}],"replies":[{"embeddable":true,"href":"https:\/\/radiorevelacionfm.cl\/index.php?rest_route=%2Fwp%2Fv2%2Fcomments&post=63578"}],"version-history":[{"count":2,"href":"https:\/\/radiorevelacionfm.cl\/index.php?rest_route=\/wp\/v2\/posts\/63578\/revisions"}],"predecessor-version":[{"id":63581,"href":"https:\/\/radiorevelacionfm.cl\/index.php?rest_route=\/wp\/v2\/posts\/63578\/revisions\/63581"}],"wp:featuredmedia":[{"embeddable":true,"href":"https:\/\/radiorevelacionfm.cl\/index.php?rest_route=\/wp\/v2\/media\/63579"}],"wp:attachment":[{"href":"https:\/\/radiorevelacionfm.cl\/index.php?rest_route=%2Fwp%2Fv2%2Fmedia&parent=63578"}],"wp:term":[{"taxonomy":"category","embeddable":true,"href":"https:\/\/radiorevelacionfm.cl\/index.php?rest_route=%2Fwp%2Fv2%2Fcategories&post=63578"},{"taxonomy":"post_tag","embeddable":true,"href":"https:\/\/radiorevelacionfm.cl\/index.php?rest_route=%2Fwp%2Fv2%2Ftags&post=63578"}],"curies":[{"name":"wp","href":"https:\/\/api.w.org\/{rel}","templated":true}]}}