{"id":63574,"date":"2026-01-20T17:55:31","date_gmt":"2026-01-20T20:55:31","guid":{"rendered":"https:\/\/radiorevelacionfm.cl\/?p=63574"},"modified":"2026-01-22T17:23:46","modified_gmt":"2026-01-22T20:23:46","slug":"conaf-aysen-envia-brigadas-a-biobio-para-reforzar-combate-de-incendios-forestales","status":"publish","type":"post","link":"https:\/\/radiorevelacionfm.cl\/?p=63574","title":{"rendered":"Conaf Ays\u00e9n env\u00eda brigadas a Biob\u00edo para reforzar combate de incendios forestales"},"content":{"rendered":"<div class=\"flex_column av_one_full  flex_column_div av-zero-column-padding first  avia-builder-el-0  el_before_av_one_full  avia-builder-el-first  \" style='border-radius:0px; '><div  class='avia-image-container  av-styling-    avia-builder-el-1  avia-builder-el-no-sibling  avia-align-center '  itemprop=\"image\" itemscope=\"itemscope\" itemtype=\"https:\/\/schema.org\/ImageObject\"  ><div class='avia-image-container-inner'><div class='avia-image-overlay-wrap'><img decoding=\"async\" class='wp-image-63575 avia-img-lazy-loading-not-63575 avia_image' src=\"https:\/\/radiorevelacionfm.cl\/wp-content\/uploads\/2026\/01\/brigadas-nire-1_optimized.jpg\" alt='' title='brigadas-nire-(1)_optimized' height=\"600\" width=\"1424\"  itemprop=\"thumbnailUrl\" srcset=\"https:\/\/radiorevelacionfm.cl\/wp-content\/uploads\/2026\/01\/brigadas-nire-1_optimized.jpg 1424w, https:\/\/radiorevelacionfm.cl\/wp-content\/uploads\/2026\/01\/brigadas-nire-1_optimized-300x126.jpg 300w, https:\/\/radiorevelacionfm.cl\/wp-content\/uploads\/2026\/01\/brigadas-nire-1_optimized-1030x434.jpg 1030w, https:\/\/radiorevelacionfm.cl\/wp-content\/uploads\/2026\/01\/brigadas-nire-1_optimized-768x324.jpg 768w, https:\/\/radiorevelacionfm.cl\/wp-content\/uploads\/2026\/01\/brigadas-nire-1_optimized-705x297.jpg 705w, https:\/\/radiorevelacionfm.cl\/wp-content\/uploads\/2026\/01\/brigadas-nire-1_optimized-450x190.jpg 450w, https:\/\/radiorevelacionfm.cl\/wp-content\/uploads\/2026\/01\/brigadas-nire-1_optimized-600x253.jpg 600w\" sizes=\"(max-width: 1424px) 100vw, 1424px\" \/><\/div><\/div><\/div><\/div><div class=\"flex_column av_one_full  flex_column_div av-zero-column-padding first  avia-builder-el-2  el_after_av_one_full  el_before_av_one_full  column-top-margin\" style='border-radius:0px; '><section class=\"av_textblock_section \"  itemscope=\"itemscope\" itemtype=\"https:\/\/schema.org\/BlogPosting\" itemprop=\"blogPost\" ><div class='avia_textblock  '   itemprop=\"text\" ><p style=\"text-align: center;\"><strong><span style=\"font-size: 18pt;\">Conaf Ays\u00e9n env\u00eda brigadas a Biob\u00edo para reforzar combate de incendios forestales <\/span><\/strong><\/p>\n<div id=\"gtx-trans\" style=\"position: absolute; left: -50px; top: 4.31534px;\">\n<div class=\"gtx-trans-icon\"><\/div>\n<\/div>\n<\/div><\/section><\/div><div class=\"flex_column av_one_full  flex_column_div av-zero-column-padding first  avia-builder-el-4  el_after_av_one_full  el_before_av_hr  column-top-margin\" style='border-radius:0px; '><section class=\"av_textblock_section \"  itemscope=\"itemscope\" itemtype=\"https:\/\/schema.org\/BlogPosting\" itemprop=\"blogPost\" ><div class='avia_textblock  '   itemprop=\"text\" ><p style=\"text-align: justify;\">Dos brigadas de la regi\u00f3n fueron trasladadas durante la noche del s\u00e1bado en una aeronave de la Fuerza A\u00e9rea de Chile, como parte del refuerzo interregional dispuesto para enfrentar los incendios forestales en la zona centro-sur del pa\u00eds<\/p>\n<p style=\"text-align: justify;\">En el marco del refuerzo interregional para el combate de incendios forestales, la Corporaci\u00f3n Nacional Forestal,\u00a0CONAF, de la Regi\u00f3n de Ays\u00e9n, traslad\u00f3 a\u00a0dos de sus brigadas hasta la ciudad de Concepci\u00f3n durante la noche del s\u00e1bado, con el objetivo de fortalecer las labores de emergencia en la zona centro-sur del pa\u00eds.<\/p>\n<p style=\"text-align: justify;\">El operativo se concret\u00f3 a las\u00a023:30, mediante un avi\u00f3n\u00a0KC de la Fuerza A\u00e9rea de Chile, con salida desde el sector\u00a0\u00d1irre 1, permitiendo el r\u00e1pido desplazamiento del personal especializado hacia la zona afectada.<\/p>\n<p style=\"text-align: justify;\">Se moviliz\u00f3 personal de las brigadas de Ma\u00f1ihuales (\u00d1ire 31) y Coyhaique (\u00d1ire 41), compuesto por\u00a06 brigadistas, 3 jefes de brigada, una manipuladora de alimentos \u2014quien apoyar\u00e1 las labores log\u00edsticas durante el despliegue\u2014 y 2 t\u00e9cnicos.<\/p>\n<p style=\"text-align: justify;\">Este refuerzo interregional responde a la necesidad de fortalecer las capacidades operativas en terreno y refleja\u00a0el compromiso de CONAF por apoyar de manera coordinada el combate de incendios forestales a nivel nacional, priorizando la protecci\u00f3n de las personas, los ecosistemas y la infraestructura.<\/p>\n<\/div><\/section><\/div><div  style='height:50px' class='hr hr-invisible   avia-builder-el-6  el_after_av_one_full  el_before_av_social_share '><span class='hr-inner ' ><span class='hr-inner-style'><\/span><\/span><\/div><\/p>\n<div  class='av-social-sharing-box  avia-builder-el-7  el_after_av_hr  el_before_av_hr  '><div class='av-share-box'><h5 class='av-share-link-description av-no-toc '>Compartir esta noticia<\/h5><ul class='av-share-box-list noLightbox'><li class='av-share-link av-social-link-facebook' ><a target=\"_blank\" aria-label=\"Compartir en Facebook\" href='https:\/\/www.facebook.com\/sharer.php?u=https:\/\/radiorevelacionfm.cl\/?p=63574&#038;t=Conaf%20Ays%C3%A9n%20env%C3%ADa%20brigadas%20a%20Biob%C3%ADo%20para%20reforzar%20combate%20de%20incendios%20forestales' aria-hidden='false' data-av_icon='\ue8f3' data-av_iconfont='entypo-fontello' title='' data-avia-related-tooltip='Compartir en Facebook' rel=\"noopener\"><span class='avia_hidden_link_text'>Compartir en Facebook<\/span><\/a><\/li><li class='av-share-link av-social-link-twitter' ><a target=\"_blank\" aria-label=\"Compartir en Twitter\" href='https:\/\/twitter.com\/share?text=Conaf%20Ays%C3%A9n%20env%C3%ADa%20brigadas%20a%20Biob%C3%ADo%20para%20reforzar%20combate%20de%20incendios%20forestales&#038;url=https:\/\/radiorevelacionfm.cl\/?p=63574' aria-hidden='false' data-av_icon='\ue8f1' data-av_iconfont='entypo-fontello' title='' data-avia-related-tooltip='Compartir en Twitter' rel=\"noopener\"><span class='avia_hidden_link_text'>Compartir en Twitter<\/span><\/a><\/li><li class='av-share-link av-social-link-whatsapp' ><a target=\"_blank\" aria-label=\"Compartir en Whatsapp\" href='https:\/\/api.whatsapp.com\/send?text=https:\/\/radiorevelacionfm.cl\/?p=63574' aria-hidden='false' data-av_icon='\uf232' data-av_iconfont='entypo-fontello' title='' data-avia-related-tooltip='Compartir en Whatsapp' rel=\"noopener\"><span class='avia_hidden_link_text'>Compartir en Whatsapp<\/span><\/a><\/li><li class='av-share-link av-social-link-linkedin' ><a target=\"_blank\" aria-label=\"Compartir en LinkedIn\" href='https:\/\/linkedin.com\/shareArticle?mini=true&#038;title=Conaf%20Ays%C3%A9n%20env%C3%ADa%20brigadas%20a%20Biob%C3%ADo%20para%20reforzar%20combate%20de%20incendios%20forestales&#038;url=https:\/\/radiorevelacionfm.cl\/?p=63574' aria-hidden='false' data-av_icon='\ue8fc' data-av_iconfont='entypo-fontello' title='' data-avia-related-tooltip='Compartir en LinkedIn' rel=\"noopener\"><span class='avia_hidden_link_text'>Compartir en LinkedIn<\/span><\/a><\/li><li class='av-share-link av-social-link-mail' ><a  aria-label=\"Compartir por correo\" href='mailto:?subject=Conaf%20Ays%C3%A9n%20env%C3%ADa%20brigadas%20a%20Biob%C3%ADo%20para%20reforzar%20combate%20de%20incendios%20forestales&#038;body=https:\/\/radiorevelacionfm.cl\/?p=63574' aria-hidden='false' data-av_icon='\ue805' data-av_iconfont='entypo-fontello' title='' data-avia-related-tooltip='Compartir por correo'><span class='avia_hidden_link_text'>Compartir por correo<\/span><\/a><\/li><\/ul><\/div><\/div>\n<div  style='height:50px' class='hr hr-invisible   avia-builder-el-8  el_after_av_social_share  el_before_av_comments_list '><span class='hr-inner ' ><span class='hr-inner-style'><\/span><\/span><\/div>\n<div  class='av-buildercomment  av-blog-meta-html-info-disabled av-blog-meta-tag-disabled  '><\/div>\n","protected":false},"excerpt":{"rendered":"","protected":false},"author":1,"featured_media":63575,"comment_status":"closed","ping_status":"closed","sticky":false,"template":"","format":"standard","meta":{"footnotes":""},"categories":[38],"tags":[],"class_list":["post-63574","post","type-post","status-publish","format-standard","has-post-thumbnail","hentry","category-regional"],"jetpack_featured_media_url":"https:\/\/radiorevelacionfm.cl\/wp-content\/uploads\/2026\/01\/brigadas-nire-1_optimized.jpg","_links":{"self":[{"href":"https:\/\/radiorevelacionfm.cl\/index.php?rest_route=\/wp\/v2\/posts\/63574","targetHints":{"allow":["GET"]}}],"collection":[{"href":"https:\/\/radiorevelacionfm.cl\/index.php?rest_route=\/wp\/v2\/posts"}],"about":[{"href":"https:\/\/radiorevelacionfm.cl\/index.php?rest_route=\/wp\/v2\/types\/post"}],"author":[{"embeddable":true,"href":"https:\/\/radiorevelacionfm.cl\/index.php?rest_route=\/wp\/v2\/users\/1"}],"replies":[{"embeddable":true,"href":"https:\/\/radiorevelacionfm.cl\/index.php?rest_route=%2Fwp%2Fv2%2Fcomments&post=63574"}],"version-history":[{"count":2,"href":"https:\/\/radiorevelacionfm.cl\/index.php?rest_route=\/wp\/v2\/posts\/63574\/revisions"}],"predecessor-version":[{"id":63577,"href":"https:\/\/radiorevelacionfm.cl\/index.php?rest_route=\/wp\/v2\/posts\/63574\/revisions\/63577"}],"wp:featuredmedia":[{"embeddable":true,"href":"https:\/\/radiorevelacionfm.cl\/index.php?rest_route=\/wp\/v2\/media\/63575"}],"wp:attachment":[{"href":"https:\/\/radiorevelacionfm.cl\/index.php?rest_route=%2Fwp%2Fv2%2Fmedia&parent=63574"}],"wp:term":[{"taxonomy":"category","embeddable":true,"href":"https:\/\/radiorevelacionfm.cl\/index.php?rest_route=%2Fwp%2Fv2%2Fcategories&post=63574"},{"taxonomy":"post_tag","embeddable":true,"href":"https:\/\/radiorevelacionfm.cl\/index.php?rest_route=%2Fwp%2Fv2%2Ftags&post=63574"}],"curies":[{"name":"wp","href":"https:\/\/api.w.org\/{rel}","templated":true}]}}