{"id":63570,"date":"2026-01-22T17:07:47","date_gmt":"2026-01-22T20:07:47","guid":{"rendered":"https:\/\/radiorevelacionfm.cl\/?p=63570"},"modified":"2026-01-22T17:07:47","modified_gmt":"2026-01-22T20:07:47","slug":"patrullaje-aereo-preventivo-detecto-quema-no-autorizada-en-sector-villa-la-tapera","status":"publish","type":"post","link":"https:\/\/radiorevelacionfm.cl\/?p=63570","title":{"rendered":"Patrullaje a\u00e9reo preventivo detect\u00f3 quema no autorizada en sector Villa La Tapera"},"content":{"rendered":"<div class=\"flex_column av_one_full  flex_column_div av-zero-column-padding first  avia-builder-el-0  el_before_av_one_full  avia-builder-el-first  \" style='border-radius:0px; '><div  class='avia-image-container  av-styling-    avia-builder-el-1  avia-builder-el-no-sibling  avia-align-center '  itemprop=\"image\" itemscope=\"itemscope\" itemtype=\"https:\/\/schema.org\/ImageObject\"  ><div class='avia-image-container-inner'><div class='avia-image-overlay-wrap'><img decoding=\"async\" class='wp-image-63571 avia-img-lazy-loading-not-63571 avia_image' src=\"https:\/\/radiorevelacionfm.cl\/wp-content\/uploads\/2026\/01\/22-01-2026-aysen-1_optimized-1.jpg\" alt='' title='22-01-2026-aysen-(1)_optimized (1)' height=\"600\" width=\"1067\"  itemprop=\"thumbnailUrl\" srcset=\"https:\/\/radiorevelacionfm.cl\/wp-content\/uploads\/2026\/01\/22-01-2026-aysen-1_optimized-1.jpg 1067w, https:\/\/radiorevelacionfm.cl\/wp-content\/uploads\/2026\/01\/22-01-2026-aysen-1_optimized-1-300x169.jpg 300w, https:\/\/radiorevelacionfm.cl\/wp-content\/uploads\/2026\/01\/22-01-2026-aysen-1_optimized-1-1030x579.jpg 1030w, https:\/\/radiorevelacionfm.cl\/wp-content\/uploads\/2026\/01\/22-01-2026-aysen-1_optimized-1-768x432.jpg 768w, https:\/\/radiorevelacionfm.cl\/wp-content\/uploads\/2026\/01\/22-01-2026-aysen-1_optimized-1-705x396.jpg 705w, https:\/\/radiorevelacionfm.cl\/wp-content\/uploads\/2026\/01\/22-01-2026-aysen-1_optimized-1-450x253.jpg 450w, https:\/\/radiorevelacionfm.cl\/wp-content\/uploads\/2026\/01\/22-01-2026-aysen-1_optimized-1-600x337.jpg 600w\" sizes=\"(max-width: 1067px) 100vw, 1067px\" \/><\/div><\/div><\/div><\/div><div class=\"flex_column av_one_full  flex_column_div av-zero-column-padding first  avia-builder-el-2  el_after_av_one_full  el_before_av_one_full  column-top-margin\" style='border-radius:0px; '><section class=\"av_textblock_section \"  itemscope=\"itemscope\" itemtype=\"https:\/\/schema.org\/BlogPosting\" itemprop=\"blogPost\" ><div class='avia_textblock  '   itemprop=\"text\" ><p style=\"text-align: center;\"><strong><span style=\"font-size: 18pt;\">Patrullaje a\u00e9reo preventivo detect\u00f3 quema no autorizada en sector Villa La Tapera<\/span><\/strong><\/p>\n<div id=\"gtx-trans\" style=\"position: absolute; left: -50px; top: 4.31534px;\">\n<div class=\"gtx-trans-icon\"><\/div>\n<\/div>\n<\/div><\/section><\/div><div class=\"flex_column av_one_full  flex_column_div av-zero-column-padding first  avia-builder-el-4  el_after_av_one_full  el_before_av_hr  column-top-margin\" style='border-radius:0px; '><section class=\"av_textblock_section \"  itemscope=\"itemscope\" itemtype=\"https:\/\/schema.org\/BlogPosting\" itemprop=\"blogPost\" ><div class='avia_textblock  '   itemprop=\"text\" ><p style=\"text-align: justify;\">Fiscalizaci\u00f3n a\u00e9rea permiti\u00f3 constatar uso irregular del fuego en la comuna de Lago Verde.\u00a0Autoridades reiteraron el llamado a no realizar quemas y advirtieron sobre sanciones y multas asociadas.<\/p>\n<p style=\"text-align: justify;\">Debido al aviso de columnas de humo en un sector rural cercano a Villa La Tapera, se realiz\u00f3 un patrullaje a\u00e9reo preventivo, entre CONAF y Carabineros de Chile.\u00a0El operativo se desarroll\u00f3 el 20 de enero de 2026, mediante una coordinaci\u00f3n interinstitucional liderada por el delegado Presidencial Regional, Jorge D\u00edaz Guzm\u00e1n.<\/p>\n<p style=\"text-align: justify;\">El director regional de Ays\u00e9n, Ronald Valenzuela Campos, explic\u00f3 que el despliegue a\u00e9reo permiti\u00f3 verificar el uso irregular del fuego en un periodo en que las quemas se encuentran restringidas, indicando que\u00a0\u201cafortunadamente no se produjo un incendio forestal\u201d.<\/p>\n<p style=\"text-align: justify;\">Si bien\u00a0no se detect\u00f3 un incendio en desarrollo, fue posible visualizar vestigios de una quema,\u00a0y la autoridad destac\u00f3 que las condiciones actuales son altamente propicias para la ocurrencia y propagaci\u00f3n de siniestros, por lo que la detecci\u00f3n temprana result\u00f3 clave para evitar una emergencia mayor.<\/p>\n<p style=\"text-align: justify;\">\u201cEsta fiscalizaci\u00f3n nos permiti\u00f3 constatar el uso inadecuado del fuego,\u00a0adem\u00e1s de iniciar las investigaciones correspondientes y la recolecci\u00f3n de antecedentes\u00a0para establecer las responsabilidades del caso\u201d, se\u00f1al\u00f3 Valenzuela.<\/p>\n<p style=\"text-align: justify;\">Por su parte, el coronel Juan Abarca Hern\u00e1ndez, prefecto de Carabineros de Ays\u00e9n, indic\u00f3 que el procedimiento fue realizado mediante un patrullaje a\u00e9reo de la Secci\u00f3n A\u00e9rea de Carabineros, en conjunto con personal t\u00e9cnico especializado, lo que permiti\u00f3 confirmar desde el aire una quema no autorizada en un sector que representa un alto riesgo.<\/p>\n<p style=\"text-align: justify;\">\u201cEl mal uso del fuego en estos sectores puede afectar parques nacionales, viviendas rurales y poner en riesgo a las personas.\u00a0Reiteramos el llamado a no realizar quemas, ya que est\u00e1n restringidas en este periodo y pueden salirse de control, generando graves consecuencias\u201d, se\u00f1al\u00f3 el coronel Abarca, agregando que los antecedentes recopilados ser\u00e1n puestos a disposici\u00f3n del Ministerio P\u00fablico para su investigaci\u00f3n.<\/p>\n<p style=\"text-align: justify;\"><strong>Fiscalizaci\u00f3n t\u00e9cnica<\/strong><\/p>\n<p style=\"text-align: justify;\">En el patrullaje a\u00e9reo particip\u00f3 adem\u00e1s Felipe Valencia Parra, jefe de la Secci\u00f3n Control de Incendios Forestales,\u00a0quien inform\u00f3 que durante la jornada se realiz\u00f3 una fiscalizaci\u00f3n a un predio cercano a Villa La Tapera, donde se verific\u00f3 la presencia de m\u00faltiples cicatrices de quema, con humo visible desde la propia localidad.<\/p>\n<p style=\"text-align: justify;\">\u201cEl operativo permiti\u00f3 ampliar la fiscalizaci\u00f3n a gran parte de la zona norte de la regi\u00f3n y, posteriormente,\u00a0a sectores de interfaz en Coyhaique, destacando una muy buena coordinaci\u00f3n con Carabineros\u201d, explic\u00f3 Valencia.<\/p>\n<p style=\"text-align: justify;\">Las personas que realicen quemas no autorizadas se exponen a multas que pueden fluctuar entre 1 y 50 UTM, adem\u00e1s de eventuales responsabilidades penales, especialmente si estas acciones derivan en incendios forestales o afectan el bosque nativo, las \u00c1reas Protegidas, viviendas o la seguridad de la poblaci\u00f3n.<\/p>\n<p style=\"text-align: justify;\">Estas acciones preventivas forman parte del trabajo permanente de las instituciones del Estado y se vinculan directamente con la campa\u00f1a regional de Protecci\u00f3n del Bosque Nativo,\u00a0orientada a reforzar la conciencia ciudadana sobre la prevenci\u00f3n de incendios y el cuidado de los ecosistemas forestales.<\/p>\n<\/div><\/section><\/div><div  style='height:50px' class='hr hr-invisible   avia-builder-el-6  el_after_av_one_full  el_before_av_social_share '><span class='hr-inner ' ><span class='hr-inner-style'><\/span><\/span><\/div><\/p>\n<div  class='av-social-sharing-box  avia-builder-el-7  el_after_av_hr  el_before_av_hr  '><div class='av-share-box'><h5 class='av-share-link-description av-no-toc '>Compartir esta noticia<\/h5><ul class='av-share-box-list noLightbox'><li class='av-share-link av-social-link-facebook' ><a target=\"_blank\" aria-label=\"Compartir en Facebook\" href='https:\/\/www.facebook.com\/sharer.php?u=https:\/\/radiorevelacionfm.cl\/?p=63570&#038;t=Patrullaje%20a%C3%A9reo%20preventivo%20detect%C3%B3%20quema%20no%20autorizada%20en%20sector%20Villa%20La%20Tapera' aria-hidden='false' data-av_icon='\ue8f3' data-av_iconfont='entypo-fontello' title='' data-avia-related-tooltip='Compartir en Facebook' rel=\"noopener\"><span class='avia_hidden_link_text'>Compartir en Facebook<\/span><\/a><\/li><li class='av-share-link av-social-link-twitter' ><a target=\"_blank\" aria-label=\"Compartir en Twitter\" href='https:\/\/twitter.com\/share?text=Patrullaje%20a%C3%A9reo%20preventivo%20detect%C3%B3%20quema%20no%20autorizada%20en%20sector%20Villa%20La%20Tapera&#038;url=https:\/\/radiorevelacionfm.cl\/?p=63570' aria-hidden='false' data-av_icon='\ue8f1' data-av_iconfont='entypo-fontello' title='' data-avia-related-tooltip='Compartir en Twitter' rel=\"noopener\"><span class='avia_hidden_link_text'>Compartir en Twitter<\/span><\/a><\/li><li class='av-share-link av-social-link-whatsapp' ><a target=\"_blank\" aria-label=\"Compartir en Whatsapp\" href='https:\/\/api.whatsapp.com\/send?text=https:\/\/radiorevelacionfm.cl\/?p=63570' aria-hidden='false' data-av_icon='\uf232' data-av_iconfont='entypo-fontello' title='' data-avia-related-tooltip='Compartir en Whatsapp' rel=\"noopener\"><span class='avia_hidden_link_text'>Compartir en Whatsapp<\/span><\/a><\/li><li class='av-share-link av-social-link-linkedin' ><a target=\"_blank\" aria-label=\"Compartir en LinkedIn\" href='https:\/\/linkedin.com\/shareArticle?mini=true&#038;title=Patrullaje%20a%C3%A9reo%20preventivo%20detect%C3%B3%20quema%20no%20autorizada%20en%20sector%20Villa%20La%20Tapera&#038;url=https:\/\/radiorevelacionfm.cl\/?p=63570' aria-hidden='false' data-av_icon='\ue8fc' data-av_iconfont='entypo-fontello' title='' data-avia-related-tooltip='Compartir en LinkedIn' rel=\"noopener\"><span class='avia_hidden_link_text'>Compartir en LinkedIn<\/span><\/a><\/li><li class='av-share-link av-social-link-mail' ><a  aria-label=\"Compartir por correo\" href='mailto:?subject=Patrullaje%20a%C3%A9reo%20preventivo%20detect%C3%B3%20quema%20no%20autorizada%20en%20sector%20Villa%20La%20Tapera&#038;body=https:\/\/radiorevelacionfm.cl\/?p=63570' aria-hidden='false' data-av_icon='\ue805' data-av_iconfont='entypo-fontello' title='' data-avia-related-tooltip='Compartir por correo'><span class='avia_hidden_link_text'>Compartir por correo<\/span><\/a><\/li><\/ul><\/div><\/div>\n<div  style='height:50px' class='hr hr-invisible   avia-builder-el-8  el_after_av_social_share  el_before_av_comments_list '><span class='hr-inner ' ><span class='hr-inner-style'><\/span><\/span><\/div>\n<div  class='av-buildercomment  av-blog-meta-html-info-disabled av-blog-meta-tag-disabled  '><\/div>\n","protected":false},"excerpt":{"rendered":"","protected":false},"author":1,"featured_media":63571,"comment_status":"closed","ping_status":"closed","sticky":false,"template":"","format":"standard","meta":{"footnotes":""},"categories":[38],"tags":[],"class_list":["post-63570","post","type-post","status-publish","format-standard","has-post-thumbnail","hentry","category-regional"],"jetpack_featured_media_url":"https:\/\/radiorevelacionfm.cl\/wp-content\/uploads\/2026\/01\/22-01-2026-aysen-1_optimized-1.jpg","_links":{"self":[{"href":"https:\/\/radiorevelacionfm.cl\/index.php?rest_route=\/wp\/v2\/posts\/63570","targetHints":{"allow":["GET"]}}],"collection":[{"href":"https:\/\/radiorevelacionfm.cl\/index.php?rest_route=\/wp\/v2\/posts"}],"about":[{"href":"https:\/\/radiorevelacionfm.cl\/index.php?rest_route=\/wp\/v2\/types\/post"}],"author":[{"embeddable":true,"href":"https:\/\/radiorevelacionfm.cl\/index.php?rest_route=\/wp\/v2\/users\/1"}],"replies":[{"embeddable":true,"href":"https:\/\/radiorevelacionfm.cl\/index.php?rest_route=%2Fwp%2Fv2%2Fcomments&post=63570"}],"version-history":[{"count":2,"href":"https:\/\/radiorevelacionfm.cl\/index.php?rest_route=\/wp\/v2\/posts\/63570\/revisions"}],"predecessor-version":[{"id":63573,"href":"https:\/\/radiorevelacionfm.cl\/index.php?rest_route=\/wp\/v2\/posts\/63570\/revisions\/63573"}],"wp:featuredmedia":[{"embeddable":true,"href":"https:\/\/radiorevelacionfm.cl\/index.php?rest_route=\/wp\/v2\/media\/63571"}],"wp:attachment":[{"href":"https:\/\/radiorevelacionfm.cl\/index.php?rest_route=%2Fwp%2Fv2%2Fmedia&parent=63570"}],"wp:term":[{"taxonomy":"category","embeddable":true,"href":"https:\/\/radiorevelacionfm.cl\/index.php?rest_route=%2Fwp%2Fv2%2Fcategories&post=63570"},{"taxonomy":"post_tag","embeddable":true,"href":"https:\/\/radiorevelacionfm.cl\/index.php?rest_route=%2Fwp%2Fv2%2Ftags&post=63570"}],"curies":[{"name":"wp","href":"https:\/\/api.w.org\/{rel}","templated":true}]}}