{"id":63566,"date":"2026-01-22T16:09:53","date_gmt":"2026-01-22T19:09:53","guid":{"rendered":"https:\/\/radiorevelacionfm.cl\/?p=63566"},"modified":"2026-01-22T16:09:53","modified_gmt":"2026-01-22T19:09:53","slug":"vecinos-as-de-puerto-tranquilo-valoran-renovada-plaza-e-inician-aplicacion-del-programa-para-pequenas-localidades","status":"publish","type":"post","link":"https:\/\/radiorevelacionfm.cl\/?p=63566","title":{"rendered":"Vecinos\/as de Puerto Tranquilo valoran renovada plaza e inician aplicaci\u00f3n del Programa para Peque\u00f1as Localidades"},"content":{"rendered":"<div class=\"flex_column av_one_full  flex_column_div av-zero-column-padding first  avia-builder-el-0  el_before_av_one_full  avia-builder-el-first  \" style='border-radius:0px; '><div  class='avia-image-container  av-styling-    avia-builder-el-1  avia-builder-el-no-sibling  avia-align-center '  itemprop=\"image\" itemscope=\"itemscope\" itemtype=\"https:\/\/schema.org\/ImageObject\"  ><div class='avia-image-container-inner'><div class='avia-image-overlay-wrap'><img decoding=\"async\" class='wp-image-63567 avia-img-lazy-loading-not-63567 avia_image' src=\"https:\/\/radiorevelacionfm.cl\/wp-content\/uploads\/2026\/01\/tradicional-corte-de-cinta-inauguracion-obras-mejoramiento-plaza-puerto-tranquilo-220126-1_optimized-1.jpg\" alt='' title='tradicional-corte-de-cinta-inauguraci\u00f3n-obras-mejoramiento-plaza-puerto-tranquilo-220126-(1)_optimized (1)' height=\"600\" width=\"883\"  itemprop=\"thumbnailUrl\" srcset=\"https:\/\/radiorevelacionfm.cl\/wp-content\/uploads\/2026\/01\/tradicional-corte-de-cinta-inauguracion-obras-mejoramiento-plaza-puerto-tranquilo-220126-1_optimized-1.jpg 883w, https:\/\/radiorevelacionfm.cl\/wp-content\/uploads\/2026\/01\/tradicional-corte-de-cinta-inauguracion-obras-mejoramiento-plaza-puerto-tranquilo-220126-1_optimized-1-300x204.jpg 300w, https:\/\/radiorevelacionfm.cl\/wp-content\/uploads\/2026\/01\/tradicional-corte-de-cinta-inauguracion-obras-mejoramiento-plaza-puerto-tranquilo-220126-1_optimized-1-768x522.jpg 768w, https:\/\/radiorevelacionfm.cl\/wp-content\/uploads\/2026\/01\/tradicional-corte-de-cinta-inauguracion-obras-mejoramiento-plaza-puerto-tranquilo-220126-1_optimized-1-705x479.jpg 705w, https:\/\/radiorevelacionfm.cl\/wp-content\/uploads\/2026\/01\/tradicional-corte-de-cinta-inauguracion-obras-mejoramiento-plaza-puerto-tranquilo-220126-1_optimized-1-450x306.jpg 450w, https:\/\/radiorevelacionfm.cl\/wp-content\/uploads\/2026\/01\/tradicional-corte-de-cinta-inauguracion-obras-mejoramiento-plaza-puerto-tranquilo-220126-1_optimized-1-600x408.jpg 600w\" sizes=\"(max-width: 883px) 100vw, 883px\" \/><\/div><\/div><\/div><\/div><div class=\"flex_column av_one_full  flex_column_div av-zero-column-padding first  avia-builder-el-2  el_after_av_one_full  el_before_av_one_full  column-top-margin\" style='border-radius:0px; '><section class=\"av_textblock_section \"  itemscope=\"itemscope\" itemtype=\"https:\/\/schema.org\/BlogPosting\" itemprop=\"blogPost\" ><div class='avia_textblock  '   itemprop=\"text\" ><p style=\"text-align: center;\"><strong><span style=\"font-size: 18pt;\">Vecinos\/as de Puerto Tranquilo valoran renovada plaza e inician aplicaci\u00f3n del Programa para Peque\u00f1as Localidades<\/span><\/strong><\/p>\n<div id=\"gtx-trans\" style=\"position: absolute; left: -50px; top: 4.31534px;\">\n<div class=\"gtx-trans-icon\"><\/div>\n<\/div>\n<\/div><\/section><\/div><div class=\"flex_column av_one_full  flex_column_div av-zero-column-padding first  avia-builder-el-4  el_after_av_one_full  el_before_av_hr  column-top-margin\" style='border-radius:0px; '><section class=\"av_textblock_section \"  itemscope=\"itemscope\" itemtype=\"https:\/\/schema.org\/BlogPosting\" itemprop=\"blogPost\" ><div class='avia_textblock  '   itemprop=\"text\" ><p style=\"text-align: justify;\">Con la participaci\u00f3n de autoridades y comunidad local se desarroll\u00f3 durante la tarde de este mi\u00e9rcoles la ceremonia de lanzamiento oficial del Programa para Peque\u00f1as Localidades y la inauguraci\u00f3n de las obras de mejoramiento y conservaci\u00f3n de la plaza de Puerto R\u00edo Tranquilo, en la zona oriental de la comuna de R\u00edo Ib\u00e1\u00f1ez.<\/p>\n<p style=\"text-align: justify;\">El Programa para Peque\u00f1as Localidades es una iniciativa del Ministerio de Vivienda y Urbanismo (Minvu) que se ejecuta junto a los municipios y busca abordar el d\u00e9ficit urbano y habitacional a trav\u00e9s de la elaboraci\u00f3n y ejecuci\u00f3n de un plan de desarrollo con componentes urbanos, multisectoriales y habitacionales. Durante todo el desarrollo del programa, que se extender\u00e1 por unos cinco a\u00f1os, destaca un fuerte componente de participaci\u00f3n ciudadana, ya que son los mismos vecinos quienes deciden y priorizan las obras que se har\u00e1n realidad con el presupuesto existente.<\/p>\n<p style=\"text-align: justify;\">Por otra parte, las obras de mejoramiento de la plaza de Puerto Tranquilo fueron ejecutadas por la empresa constructora Alto Vial limitada, con una inversi\u00f3n que super\u00f3 los 214 millones de pesos provenientes del Programa de Rehabilitaci\u00f3n de Espacios P\u00fablicos del Minvu. El proyecto consider\u00f3 limpieza de baldosas, conservaci\u00f3n de esca\u00f1os, reemplazo de basureros, mantenci\u00f3n de postes y bases de luminarias, renovaci\u00f3n de bicicleteros, adem\u00e1s de la plantaci\u00f3n de \u00e1rboles nativos y arbustos, entre otros adelantos.<\/p>\n<p style=\"text-align: justify;\">La Seremi de Vivienda y Urbanismo, Paulina Ruz, Delf\u00edn, destac\u00f3 el enfoque descentralizador que ha tenido la gesti\u00f3n sectorial en la regi\u00f3n. \u201cHace menos de dos a\u00f1os nos reunimos con la Junta de Vecinos donde nos indicaron la importancia de contar con proyectos urbanos, no solo para embellecer la localidad, sino tambi\u00e9n para recuperar espacios p\u00fablicos que vayan generando identidad local. Es as\u00ed como se trae el programa para Peque\u00f1as Localidades, el cual va a estar por cinco a\u00f1os con una inversi\u00f3n de m\u00e1s de mil 300 millones de pesos y un gran \u00e9nfasis en la participaci\u00f3n ciudadana. Tambi\u00e9n dimos vida a esta recuperaci\u00f3n de espacios p\u00fablicos donde pueden transitar no solo los habitantes de Puerto Tranquilo, sino tambi\u00e9n los turistas que visitan la zona y, por supuesto, con ello, fortalecer el tejido social, la vida comunitaria, crear un mejor barrio, m\u00e1s localidad y mejorar la calidad de vida para los vecinos, que es nuestro \u00faltimo fin\u201d, afirm\u00f3.<\/p>\n<p style=\"text-align: justify;\">El director de Secretar\u00eda de Planificaci\u00f3n de la Municipalidad de R\u00edo Ib\u00e1\u00f1ez, Nelson Belmar, expres\u00f3 su satisfacci\u00f3n por el inicio en la aplicaci\u00f3n del Programa para Peque\u00f1as Localidades, ya que responde a la equidad territorial que tanto necesitaban. \u201cPuerto R\u00edo Tranquilo tiene un gran potencial tur\u00edstico, un gran potencial para su desarrollo, entonces generar este impulso con el Programa para Peque\u00f1as Localidades es sumamente importante. Nuestras proyecciones se enmarcan adem\u00e1s en impulsar la accesibilidad y mejorar los espacios que sean utilizados por los vecinos, considerando el componente habitacional, multisectorial y obviamente acompa\u00f1ado por un fuerte componente de participaci\u00f3n ciudadana\u201d, indic\u00f3.<\/p>\n<p style=\"text-align: justify;\">El Presidente de la Junta de Vecinos la localidad, Guido Jaramillo, en tanto, valor\u00f3 los avances alcanzados, sobre todo con la plaza, que estaba en muy mal estado y hoy se ve totalmente renovada. \u201cHoy est\u00e1 reparada, con el pasto cortito, bonita, lo que permite que los j\u00f3venes y ni\u00f1os vengan a la plaza, los adultos mayores, a reunirse porque es un lugar de encuentro. As\u00ed que estamos muy agradecidos de quienes, de una u otra forma, colaboraron para llevar adelante este hermoso. Tambi\u00e9n es muy importante el Programa para Peque\u00f1as Localidades, que nos permitir\u00e1 pensar y participar de un proceso de generaci\u00f3n de proyectos para nuestro pueblo. As\u00ed que es importante que nuestros vecinos y vecinas participen, porque esa es la idea, definir nosotros cu\u00e1les van a ser los proyectos que vamos a priorizar para realizar con estos recursos que son muy importantes\u201d, manifest\u00f3.<\/p>\n<p style=\"text-align: justify;\">Finalmente, el Delegado Presidencial Regional, Jorge D\u00edaz Guzm\u00e1n, destac\u00f3 las acciones del Gobierno en toda la zona, entendiendo que tiene grandes atractivos y proyecciones. \u201cEsto tiene que ver con la planificaci\u00f3n regional que estamos haciendo respecto de lo que significa la cuenca al lago General Carrera para el desarrollo de la regi\u00f3n. Por eso, no solo nos alegramos de que tengamos una plaza nueva y una pol\u00edtica p\u00fablica de peque\u00f1as localidades que haya elegido este lugar para una inversi\u00f3n de mil 300 millones de pesos, y que estemos pavimentando la Ruta 7, precisamente, en este tramo desde Laguna Verde hacia el sur. Todo tiene que ver con una mirada estrat\u00e9gica que hemos tenido como Gobierno, que se asocia adem\u00e1s a la pol\u00edtica de zonas extremas, que levant\u00f3 una cartera de mil 600 millones de d\u00f3lares m\u00e1s. Y yo recuerdo haber estado ac\u00e1 con los vecinos priorizando estos proyectos, por lo tanto, lo que estamos haciendo ac\u00e1 simplemente es cumplir con nuestros compromisos con la comunidad\u201d, afirm\u00f3.<\/p>\n<p style=\"text-align: justify;\">El encuentro culmin\u00f3 con la firma simb\u00f3lica de actas para iniciar oficialmente la ejecuci\u00f3n del Programa para Peque\u00f1as Localidades y el tradicional corte de cinta que dio por inauguradas las obras de renovaci\u00f3n el principal centro c\u00edvico de la localidad.<\/p>\n<\/div><\/section><\/div><div  style='height:50px' class='hr hr-invisible   avia-builder-el-6  el_after_av_one_full  el_before_av_social_share '><span class='hr-inner ' ><span class='hr-inner-style'><\/span><\/span><\/div><\/p>\n<div  class='av-social-sharing-box  avia-builder-el-7  el_after_av_hr  el_before_av_hr  '><div class='av-share-box'><h5 class='av-share-link-description av-no-toc '>Compartir esta noticia<\/h5><ul class='av-share-box-list noLightbox'><li class='av-share-link av-social-link-facebook' ><a target=\"_blank\" aria-label=\"Compartir en Facebook\" href='https:\/\/www.facebook.com\/sharer.php?u=https:\/\/radiorevelacionfm.cl\/?p=63566&#038;t=Vecinos%2Fas%20de%20Puerto%20Tranquilo%20valoran%20renovada%20plaza%20e%20inician%20aplicaci%C3%B3n%20del%20Programa%20para%20Peque%C3%B1as%20Localidades' aria-hidden='false' data-av_icon='\ue8f3' data-av_iconfont='entypo-fontello' title='' data-avia-related-tooltip='Compartir en Facebook' rel=\"noopener\"><span class='avia_hidden_link_text'>Compartir en Facebook<\/span><\/a><\/li><li class='av-share-link av-social-link-twitter' ><a target=\"_blank\" aria-label=\"Compartir en Twitter\" href='https:\/\/twitter.com\/share?text=Vecinos%2Fas%20de%20Puerto%20Tranquilo%20valoran%20renovada%20plaza%20e%20inician%20aplicaci%C3%B3n%20del%20Programa%20para%20Peque%C3%B1as%20Localidades&#038;url=https:\/\/radiorevelacionfm.cl\/?p=63566' aria-hidden='false' data-av_icon='\ue8f1' data-av_iconfont='entypo-fontello' title='' data-avia-related-tooltip='Compartir en Twitter' rel=\"noopener\"><span class='avia_hidden_link_text'>Compartir en Twitter<\/span><\/a><\/li><li class='av-share-link av-social-link-whatsapp' ><a target=\"_blank\" aria-label=\"Compartir en Whatsapp\" href='https:\/\/api.whatsapp.com\/send?text=https:\/\/radiorevelacionfm.cl\/?p=63566' aria-hidden='false' data-av_icon='\uf232' data-av_iconfont='entypo-fontello' title='' data-avia-related-tooltip='Compartir en Whatsapp' rel=\"noopener\"><span class='avia_hidden_link_text'>Compartir en Whatsapp<\/span><\/a><\/li><li class='av-share-link av-social-link-linkedin' ><a target=\"_blank\" aria-label=\"Compartir en LinkedIn\" href='https:\/\/linkedin.com\/shareArticle?mini=true&#038;title=Vecinos%2Fas%20de%20Puerto%20Tranquilo%20valoran%20renovada%20plaza%20e%20inician%20aplicaci%C3%B3n%20del%20Programa%20para%20Peque%C3%B1as%20Localidades&#038;url=https:\/\/radiorevelacionfm.cl\/?p=63566' aria-hidden='false' data-av_icon='\ue8fc' data-av_iconfont='entypo-fontello' title='' data-avia-related-tooltip='Compartir en LinkedIn' rel=\"noopener\"><span class='avia_hidden_link_text'>Compartir en LinkedIn<\/span><\/a><\/li><li class='av-share-link av-social-link-mail' ><a  aria-label=\"Compartir por correo\" href='mailto:?subject=Vecinos%2Fas%20de%20Puerto%20Tranquilo%20valoran%20renovada%20plaza%20e%20inician%20aplicaci%C3%B3n%20del%20Programa%20para%20Peque%C3%B1as%20Localidades&#038;body=https:\/\/radiorevelacionfm.cl\/?p=63566' aria-hidden='false' data-av_icon='\ue805' data-av_iconfont='entypo-fontello' title='' data-avia-related-tooltip='Compartir por correo'><span class='avia_hidden_link_text'>Compartir por correo<\/span><\/a><\/li><\/ul><\/div><\/div>\n<div  style='height:50px' class='hr hr-invisible   avia-builder-el-8  el_after_av_social_share  el_before_av_comments_list '><span class='hr-inner ' ><span class='hr-inner-style'><\/span><\/span><\/div>\n<div  class='av-buildercomment  av-blog-meta-html-info-disabled av-blog-meta-tag-disabled  '><\/div>\n","protected":false},"excerpt":{"rendered":"","protected":false},"author":1,"featured_media":63567,"comment_status":"closed","ping_status":"closed","sticky":false,"template":"","format":"standard","meta":{"footnotes":""},"categories":[57],"tags":[],"class_list":["post-63566","post","type-post","status-publish","format-standard","has-post-thumbnail","hentry","category-vivienda"],"jetpack_featured_media_url":"https:\/\/radiorevelacionfm.cl\/wp-content\/uploads\/2026\/01\/tradicional-corte-de-cinta-inauguracion-obras-mejoramiento-plaza-puerto-tranquilo-220126-1_optimized-1.jpg","_links":{"self":[{"href":"https:\/\/radiorevelacionfm.cl\/index.php?rest_route=\/wp\/v2\/posts\/63566","targetHints":{"allow":["GET"]}}],"collection":[{"href":"https:\/\/radiorevelacionfm.cl\/index.php?rest_route=\/wp\/v2\/posts"}],"about":[{"href":"https:\/\/radiorevelacionfm.cl\/index.php?rest_route=\/wp\/v2\/types\/post"}],"author":[{"embeddable":true,"href":"https:\/\/radiorevelacionfm.cl\/index.php?rest_route=\/wp\/v2\/users\/1"}],"replies":[{"embeddable":true,"href":"https:\/\/radiorevelacionfm.cl\/index.php?rest_route=%2Fwp%2Fv2%2Fcomments&post=63566"}],"version-history":[{"count":2,"href":"https:\/\/radiorevelacionfm.cl\/index.php?rest_route=\/wp\/v2\/posts\/63566\/revisions"}],"predecessor-version":[{"id":63569,"href":"https:\/\/radiorevelacionfm.cl\/index.php?rest_route=\/wp\/v2\/posts\/63566\/revisions\/63569"}],"wp:featuredmedia":[{"embeddable":true,"href":"https:\/\/radiorevelacionfm.cl\/index.php?rest_route=\/wp\/v2\/media\/63567"}],"wp:attachment":[{"href":"https:\/\/radiorevelacionfm.cl\/index.php?rest_route=%2Fwp%2Fv2%2Fmedia&parent=63566"}],"wp:term":[{"taxonomy":"category","embeddable":true,"href":"https:\/\/radiorevelacionfm.cl\/index.php?rest_route=%2Fwp%2Fv2%2Fcategories&post=63566"},{"taxonomy":"post_tag","embeddable":true,"href":"https:\/\/radiorevelacionfm.cl\/index.php?rest_route=%2Fwp%2Fv2%2Ftags&post=63566"}],"curies":[{"name":"wp","href":"https:\/\/api.w.org\/{rel}","templated":true}]}}