{"id":63562,"date":"2026-01-22T15:05:59","date_gmt":"2026-01-22T18:05:59","guid":{"rendered":"https:\/\/radiorevelacionfm.cl\/?p=63562"},"modified":"2026-01-22T15:05:59","modified_gmt":"2026-01-22T18:05:59","slug":"el-peligro-de-la-oscuridad-estudio-revela-que-usar-lentes-de-sol-informales-es-mas-danino-que-no-usar-nada","status":"publish","type":"post","link":"https:\/\/radiorevelacionfm.cl\/?p=63562","title":{"rendered":"El peligro de la oscuridad: estudio revela que usar lentes de sol informales es m\u00e1s da\u00f1ino que no usar nada"},"content":{"rendered":"<div class=\"flex_column av_one_full  flex_column_div av-zero-column-padding first  avia-builder-el-0  el_before_av_one_full  avia-builder-el-first  \" style='border-radius:0px; '><div  class='avia-image-container  av-styling-    avia-builder-el-1  avia-builder-el-no-sibling  avia-align-center '  itemprop=\"image\" itemscope=\"itemscope\" itemtype=\"https:\/\/schema.org\/ImageObject\"  ><div class='avia-image-container-inner'><div class='avia-image-overlay-wrap'><img decoding=\"async\" class='wp-image-63563 avia-img-lazy-loading-not-63563 avia_image' src=\"https:\/\/radiorevelacionfm.cl\/wp-content\/uploads\/2026\/01\/Imagen_lentes-1-1.jpg\" alt='' title='Imagen_lentes (1) (1)' height=\"600\" width=\"899\"  itemprop=\"thumbnailUrl\" srcset=\"https:\/\/radiorevelacionfm.cl\/wp-content\/uploads\/2026\/01\/Imagen_lentes-1-1.jpg 899w, https:\/\/radiorevelacionfm.cl\/wp-content\/uploads\/2026\/01\/Imagen_lentes-1-1-300x200.jpg 300w, https:\/\/radiorevelacionfm.cl\/wp-content\/uploads\/2026\/01\/Imagen_lentes-1-1-768x513.jpg 768w, https:\/\/radiorevelacionfm.cl\/wp-content\/uploads\/2026\/01\/Imagen_lentes-1-1-705x471.jpg 705w, https:\/\/radiorevelacionfm.cl\/wp-content\/uploads\/2026\/01\/Imagen_lentes-1-1-450x300.jpg 450w, https:\/\/radiorevelacionfm.cl\/wp-content\/uploads\/2026\/01\/Imagen_lentes-1-1-600x400.jpg 600w\" sizes=\"(max-width: 899px) 100vw, 899px\" \/><\/div><\/div><\/div><\/div><div class=\"flex_column av_one_full  flex_column_div av-zero-column-padding first  avia-builder-el-2  el_after_av_one_full  el_before_av_one_full  column-top-margin\" style='border-radius:0px; '><section class=\"av_textblock_section \"  itemscope=\"itemscope\" itemtype=\"https:\/\/schema.org\/BlogPosting\" itemprop=\"blogPost\" ><div class='avia_textblock  '   itemprop=\"text\" ><p style=\"text-align: center;\"><strong><span style=\"font-size: 18pt;\">El peligro de la oscuridad: estudio revela que usar lentes de sol informales es m\u00e1s da\u00f1ino que no usar nada<\/span><\/strong><\/p>\n<div id=\"gtx-trans\" style=\"position: absolute; left: -50px; top: 4.31534px;\">\n<div class=\"gtx-trans-icon\"><\/div>\n<\/div>\n<\/div><\/section><\/div><div class=\"flex_column av_one_full  flex_column_div av-zero-column-padding first  avia-builder-el-4  el_after_av_one_full  el_before_av_hr  column-top-margin\" style='border-radius:0px; '><section class=\"av_textblock_section \"  itemscope=\"itemscope\" itemtype=\"https:\/\/schema.org\/BlogPosting\" itemprop=\"blogPost\" ><div class='avia_textblock  '   itemprop=\"text\" ><ul>\n<li style=\"text-align: justify;\"><em>Investigaci\u00f3n de Optiland advierte que los anteojos sin certificaci\u00f3n UV provocan una dilataci\u00f3n pupilar que permite el paso libre de radiaci\u00f3n da\u00f1ina al interior del ojo. <\/em><\/li>\n<li style=\"text-align: justify;\"><em>Mientras que en condiciones de luz fuerte la pupila se contrae para protegerse, el lente oscuro informal provoca que esta se dilate, permitiendo que hasta un 42% de los rayos UVA da\u00f1inos entren directamente hacia el cristalino y la retina.<\/em><\/li>\n<\/ul>\n<p style=\"text-align: justify;\">Con la llegada de las altas temperaturas y el aumento de la radiaci\u00f3n ultravioleta, el uso de lentes de sol se vuelve una necesidad. Sin embargo, una investigaci\u00f3n realizada por el laboratorio \u00f3ptico Optiland levanta una alerta cr\u00edtica: los lentes adquiridos en el comercio informal o ferias libres no solo son ineficaces, sino que \u00abenga\u00f1an\u00bb al sistema de protecci\u00f3n natural del ojo. Mientras que en condiciones de luz fuerte la pupila se contrae para protegerse, el lente oscuro informal provoca que esta se dilate, permitiendo que hasta un 42% de los rayos UVA da\u00f1inos entren directamente hacia el cristalino y la retina.<\/p>\n<p style=\"text-align: justify;\">Gonzalo Fern\u00e1ndez, gerente t\u00e9cnico de Optiland, explica que el riesgo t\u00e9cnico es invisible para el consumidor. \u00abUn lente de calle puede oscurecer la vista, pero rara vez pasa un control de fotometr\u00eda. Esto genera un efecto contraproducente: al estar la pupila abierta y el lente carecer de un filtro UV400 real, el da\u00f1o ocular es significativamente mayor que si la persona no llevara protecci\u00f3n alguna\u201d. Adem\u00e1s, el estudio destaca que m\u00e1s del 90% de los lentes de sol comercializados en el comercio irregular, presentan aberraciones prism\u00e1ticas que deforman la imagen, causando mareos, fatiga visual y dolores de cabeza cr\u00f3nicos.<\/p>\n<p style=\"text-align: justify;\">La evidencia recopilada por Optiland asocia el uso recurrente de estos productos con patolog\u00edas graves a largo plazo, como la aparici\u00f3n de cataratas prematuras, pterigi\u00f3n (crecimiento anormal de tejido en la c\u00f3rnea) y degeneraci\u00f3n macular irreversible. A diferencia del comercio formal, donde los lentes cumplen con normativas internacionales como la ISO 12312-1, los productos de la calle suelen utilizar pl\u00e1sticos b\u00e1sicos que pueden astillarse ante impactos, sumando un riesgo de trauma ocular al peligro de la radiaci\u00f3n.<\/p>\n<p style=\"text-align: justify;\">Fern\u00e1ndez, \u00a0destaca que el factor determinante no es necesariamente el precio, sino el lugar de adquisici\u00f3n. \u201cExisten lentes econ\u00f3micos en establecimientos formales que cumplen con la norma, pero en el mercado ambulante las etiquetas UV400 suelen ser falsificadas y sin respaldo t\u00e9cnico\u201d. El llamado a la poblaci\u00f3n es a preferir siempre establecimientos certificados que garanticen que la promesa de protecci\u00f3n se cumpla, evitando as\u00ed da\u00f1os que, en muchos casos, son permanentes para la visi\u00f3n.<\/p>\n<\/div><\/section><\/div><div  style='height:50px' class='hr hr-invisible   avia-builder-el-6  el_after_av_one_full  el_before_av_social_share '><span class='hr-inner ' ><span class='hr-inner-style'><\/span><\/span><\/div><\/p>\n<div  class='av-social-sharing-box  avia-builder-el-7  el_after_av_hr  el_before_av_hr  '><div class='av-share-box'><h5 class='av-share-link-description av-no-toc '>Compartir esta noticia<\/h5><ul class='av-share-box-list noLightbox'><li class='av-share-link av-social-link-facebook' ><a target=\"_blank\" aria-label=\"Compartir en Facebook\" href='https:\/\/www.facebook.com\/sharer.php?u=https:\/\/radiorevelacionfm.cl\/?p=63562&#038;t=El%20peligro%20de%20la%20oscuridad%3A%20estudio%20revela%20que%20usar%20lentes%20de%20sol%20informales%20es%20m%C3%A1s%20da%C3%B1ino%20que%20no%20usar%20nada' aria-hidden='false' data-av_icon='\ue8f3' data-av_iconfont='entypo-fontello' title='' data-avia-related-tooltip='Compartir en Facebook' rel=\"noopener\"><span class='avia_hidden_link_text'>Compartir en Facebook<\/span><\/a><\/li><li class='av-share-link av-social-link-twitter' ><a target=\"_blank\" aria-label=\"Compartir en Twitter\" href='https:\/\/twitter.com\/share?text=El%20peligro%20de%20la%20oscuridad%3A%20estudio%20revela%20que%20usar%20lentes%20de%20sol%20informales%20es%20m%C3%A1s%20da%C3%B1ino%20que%20no%20usar%20nada&#038;url=https:\/\/radiorevelacionfm.cl\/?p=63562' aria-hidden='false' data-av_icon='\ue8f1' data-av_iconfont='entypo-fontello' title='' data-avia-related-tooltip='Compartir en Twitter' rel=\"noopener\"><span class='avia_hidden_link_text'>Compartir en Twitter<\/span><\/a><\/li><li class='av-share-link av-social-link-whatsapp' ><a target=\"_blank\" aria-label=\"Compartir en Whatsapp\" href='https:\/\/api.whatsapp.com\/send?text=https:\/\/radiorevelacionfm.cl\/?p=63562' aria-hidden='false' data-av_icon='\uf232' data-av_iconfont='entypo-fontello' title='' data-avia-related-tooltip='Compartir en Whatsapp' rel=\"noopener\"><span class='avia_hidden_link_text'>Compartir en Whatsapp<\/span><\/a><\/li><li class='av-share-link av-social-link-linkedin' ><a target=\"_blank\" aria-label=\"Compartir en LinkedIn\" href='https:\/\/linkedin.com\/shareArticle?mini=true&#038;title=El%20peligro%20de%20la%20oscuridad%3A%20estudio%20revela%20que%20usar%20lentes%20de%20sol%20informales%20es%20m%C3%A1s%20da%C3%B1ino%20que%20no%20usar%20nada&#038;url=https:\/\/radiorevelacionfm.cl\/?p=63562' aria-hidden='false' data-av_icon='\ue8fc' data-av_iconfont='entypo-fontello' title='' data-avia-related-tooltip='Compartir en LinkedIn' rel=\"noopener\"><span class='avia_hidden_link_text'>Compartir en LinkedIn<\/span><\/a><\/li><li class='av-share-link av-social-link-mail' ><a  aria-label=\"Compartir por correo\" href='mailto:?subject=El%20peligro%20de%20la%20oscuridad%3A%20estudio%20revela%20que%20usar%20lentes%20de%20sol%20informales%20es%20m%C3%A1s%20da%C3%B1ino%20que%20no%20usar%20nada&#038;body=https:\/\/radiorevelacionfm.cl\/?p=63562' aria-hidden='false' data-av_icon='\ue805' data-av_iconfont='entypo-fontello' title='' data-avia-related-tooltip='Compartir por correo'><span class='avia_hidden_link_text'>Compartir por correo<\/span><\/a><\/li><\/ul><\/div><\/div>\n<div  style='height:50px' class='hr hr-invisible   avia-builder-el-8  el_after_av_social_share  el_before_av_comments_list '><span class='hr-inner ' ><span class='hr-inner-style'><\/span><\/span><\/div>\n<div  class='av-buildercomment  av-blog-meta-html-info-disabled av-blog-meta-tag-disabled  '><\/div>\n","protected":false},"excerpt":{"rendered":"","protected":false},"author":1,"featured_media":63563,"comment_status":"closed","ping_status":"closed","sticky":false,"template":"","format":"standard","meta":{"footnotes":""},"categories":[61],"tags":[],"class_list":["post-63562","post","type-post","status-publish","format-standard","has-post-thumbnail","hentry","category-nacional"],"jetpack_featured_media_url":"https:\/\/radiorevelacionfm.cl\/wp-content\/uploads\/2026\/01\/Imagen_lentes-1-1.jpg","_links":{"self":[{"href":"https:\/\/radiorevelacionfm.cl\/index.php?rest_route=\/wp\/v2\/posts\/63562","targetHints":{"allow":["GET"]}}],"collection":[{"href":"https:\/\/radiorevelacionfm.cl\/index.php?rest_route=\/wp\/v2\/posts"}],"about":[{"href":"https:\/\/radiorevelacionfm.cl\/index.php?rest_route=\/wp\/v2\/types\/post"}],"author":[{"embeddable":true,"href":"https:\/\/radiorevelacionfm.cl\/index.php?rest_route=\/wp\/v2\/users\/1"}],"replies":[{"embeddable":true,"href":"https:\/\/radiorevelacionfm.cl\/index.php?rest_route=%2Fwp%2Fv2%2Fcomments&post=63562"}],"version-history":[{"count":2,"href":"https:\/\/radiorevelacionfm.cl\/index.php?rest_route=\/wp\/v2\/posts\/63562\/revisions"}],"predecessor-version":[{"id":63565,"href":"https:\/\/radiorevelacionfm.cl\/index.php?rest_route=\/wp\/v2\/posts\/63562\/revisions\/63565"}],"wp:featuredmedia":[{"embeddable":true,"href":"https:\/\/radiorevelacionfm.cl\/index.php?rest_route=\/wp\/v2\/media\/63563"}],"wp:attachment":[{"href":"https:\/\/radiorevelacionfm.cl\/index.php?rest_route=%2Fwp%2Fv2%2Fmedia&parent=63562"}],"wp:term":[{"taxonomy":"category","embeddable":true,"href":"https:\/\/radiorevelacionfm.cl\/index.php?rest_route=%2Fwp%2Fv2%2Fcategories&post=63562"},{"taxonomy":"post_tag","embeddable":true,"href":"https:\/\/radiorevelacionfm.cl\/index.php?rest_route=%2Fwp%2Fv2%2Ftags&post=63562"}],"curies":[{"name":"wp","href":"https:\/\/api.w.org\/{rel}","templated":true}]}}