{"id":63558,"date":"2026-01-22T10:01:01","date_gmt":"2026-01-22T13:01:01","guid":{"rendered":"https:\/\/radiorevelacionfm.cl\/?p=63558"},"modified":"2026-01-22T10:01:01","modified_gmt":"2026-01-22T13:01:01","slug":"comunidades-de-aysen-disfrutaron-de-la-liberacion-de-tres-condores-andinos-en-el-parque-nacional-patagonia","status":"publish","type":"post","link":"https:\/\/radiorevelacionfm.cl\/?p=63558","title":{"rendered":"Comunidades de Ays\u00e9n disfrutaron de la liberaci\u00f3n de tres c\u00f3ndores andinos en el Parque Nacional Patagonia"},"content":{"rendered":"<div class=\"flex_column av_one_full  flex_column_div av-zero-column-padding first  avia-builder-el-0  el_before_av_one_full  avia-builder-el-first  \" style='border-radius:0px; '><div  class='avia-image-container  av-styling-    avia-builder-el-1  avia-builder-el-no-sibling  avia-align-center '  itemprop=\"image\" itemscope=\"itemscope\" itemtype=\"https:\/\/schema.org\/ImageObject\"  ><div class='avia-image-container-inner'><div class='avia-image-overlay-wrap'><img decoding=\"async\" class='wp-image-63559 avia-img-lazy-loading-not-63559 avia_image' src=\"https:\/\/radiorevelacionfm.cl\/wp-content\/uploads\/2026\/01\/franco-davico-21-01-1_optimized.jpg\" alt='' title='franco-davico-21-01-(1)_optimized' height=\"600\" width=\"898\"  itemprop=\"thumbnailUrl\" srcset=\"https:\/\/radiorevelacionfm.cl\/wp-content\/uploads\/2026\/01\/franco-davico-21-01-1_optimized.jpg 898w, https:\/\/radiorevelacionfm.cl\/wp-content\/uploads\/2026\/01\/franco-davico-21-01-1_optimized-300x200.jpg 300w, https:\/\/radiorevelacionfm.cl\/wp-content\/uploads\/2026\/01\/franco-davico-21-01-1_optimized-768x513.jpg 768w, https:\/\/radiorevelacionfm.cl\/wp-content\/uploads\/2026\/01\/franco-davico-21-01-1_optimized-705x471.jpg 705w, https:\/\/radiorevelacionfm.cl\/wp-content\/uploads\/2026\/01\/franco-davico-21-01-1_optimized-450x301.jpg 450w, https:\/\/radiorevelacionfm.cl\/wp-content\/uploads\/2026\/01\/franco-davico-21-01-1_optimized-600x401.jpg 600w\" sizes=\"(max-width: 898px) 100vw, 898px\" \/><\/div><\/div><\/div><\/div><div class=\"flex_column av_one_full  flex_column_div av-zero-column-padding first  avia-builder-el-2  el_after_av_one_full  el_before_av_one_full  column-top-margin\" style='border-radius:0px; '><section class=\"av_textblock_section \"  itemscope=\"itemscope\" itemtype=\"https:\/\/schema.org\/BlogPosting\" itemprop=\"blogPost\" ><div class='avia_textblock  '   itemprop=\"text\" ><p style=\"text-align: center;\"><strong><span style=\"font-size: 18pt;\">Comunidades de Ays\u00e9n disfrutaron de la liberaci\u00f3n de tres c\u00f3ndores andinos en el Parque Nacional Patagonia<\/span><\/strong><\/p>\n<div id=\"gtx-trans\" style=\"position: absolute; left: -50px; top: 4.31534px;\">\n<div class=\"gtx-trans-icon\"><\/div>\n<\/div>\n<\/div><\/section><\/div><div class=\"flex_column av_one_full  flex_column_div av-zero-column-padding first  avia-builder-el-4  el_after_av_one_full  el_before_av_hr  column-top-margin\" style='border-radius:0px; '><section class=\"av_textblock_section \"  itemscope=\"itemscope\" itemtype=\"https:\/\/schema.org\/BlogPosting\" itemprop=\"blogPost\" ><div class='avia_textblock  '   itemprop=\"text\" ><p style=\"text-align: justify;\"><em>M\u00e1s de 50 personas de Chile Chico, Cochrane, Puerto Ib\u00e1\u00f1ez y Villa Cerro Castillo presenciaron el primer vuelo de estas aves, frutos de los esfuerzos desarrollados por el Proyecto Manku, iniciativa de Rewilding Chile, Filantrop\u00eda Cort\u00e9s Solari, AvesChile y el Centro de Rehabilitaci\u00f3n de Aves Rapaces.<\/em><\/p>\n<p style=\"text-align: justify;\"><strong>Parque Nacional Patagonia, Regi\u00f3n de Ays\u00e9n.- <\/strong>El pasado 15 de enero, comunidades locales de la Regi\u00f3n de Ays\u00e9n se reunieron en la estepa del Valle Chacabuco en el <strong>Parque Nacional Patagonia<\/strong> para presenciar un hito profundamente significativo para la conservaci\u00f3n de la fauna en nuestro pa\u00eds: la liberaci\u00f3n de tres c\u00f3ndores andinos en los cielos patag\u00f3nicos tras un largo proceso de rehabilitaci\u00f3n y preparaci\u00f3n para la vida silvestre.<\/p>\n<p style=\"text-align: justify;\"><em>\u201cFue maravilloso, porque nunca hab\u00eda visto c\u00f3mo los c\u00f3ndores vuelven a la libertad despu\u00e9s de tanto tiempo. Lo que tenemos que hacer es que la comunidad se haga parte de la vida del c\u00f3ndor, y que en ello se forme una simbiosis de autocuidado\u201d<\/em> cuenta Ricardo Orme\u00f1o, habitante de Villa Cerro Castillo y que se traslad\u00f3 junto a otros vecinos m\u00e1s de doce horas para ser testigos presenciales de la liberaci\u00f3n de estos tres c\u00f3ndores andinos.<\/p>\n<p style=\"text-align: justify;\">Esta liberaci\u00f3n se desarrolla gracias al trabajo del Proyecto Manku, una iniciativa colaborativa de Fundaci\u00f3n Rewilding Chile (FRC), Filantrop\u00eda Cortes Solari (FCS) y Aves Chile (UNORCH) con su Centro de Rehabilitaci\u00f3n de Aves Rapaces, proyecto que tambi\u00e9n cuenta con el apoyo del Zool\u00f3gico Nacional del Parque Metropolitano, el Servicio Agr\u00edcola y Ganadero, la Corporaci\u00f3n Nacional Forestal, Bioam\u00e9rica Consultores y LATAM.<\/p>\n<p style=\"text-align: justify;\">Cabe destacar que esta acci\u00f3n representa un avance concreto en la conservaci\u00f3n de esta emblem\u00e1tica especie y tambi\u00e9n un momento de encuentro, reflexi\u00f3n y aprendizaje colectivo junto a habitantes de distintas localidades que forman parte del programa Amigos de Los Parques de la misma fundaci\u00f3n.<\/p>\n<p style=\"text-align: justify;\">Mar\u00eda Jos\u00e9 Astudillo, vecina residente de Cochrane asisti\u00f3 junto a su hijo a la liberaci\u00f3n. Pronto dejar\u00e1n de vivir en la ciudad y esta instancia fue perfecta para recordarla por siempre. <em>\u201cEncuentro que es algo \u00fanico que se puede experimentar. Yo me enter\u00e9 por las redes sociales y dije vamos, un momento \u00fanico que quise regalarle a mi hijo porque nosotros nos iremos pronto de Cochrane y por lo tanto, esta iba a ser la \u00fanica experiencia de liberar animales. En general uno los ve en zool\u00f3gicos o encerrados y esto es una oportunidad \u00fanica de ver c\u00f3mo los liberan y vuelven a su h\u00e1bitat\u201d.<\/em><\/p>\n<p style=\"text-align: justify;\">Durante las semanas previas a la liberaci\u00f3n, se desarrollaron instancias de socializaci\u00f3n comunitaria, charlas abiertas y espacios de conversaci\u00f3n que han permitido compartir el proceso detr\u00e1s de este hito, fortalecer el v\u00ednculo entre las personas y el territorio, y profundizar en la importancia ecol\u00f3gica y cultural del c\u00f3ndor andino para la Patagonia conociendo qu\u00e9 es lo que hoy en d\u00eda lo amenaza.<\/p>\n<p style=\"text-align: justify;\">La liberaci\u00f3n contempl\u00f3 la participaci\u00f3n de familias, estudiantes, organizaciones locales, educadores y representantes del mundo p\u00fablico y privado, reforzando una mirada de conservaci\u00f3n que pone en el centro la colaboraci\u00f3n, el respeto por el entorno y la transmisi\u00f3n de conocimiento entre generaciones.<\/p>\n<p style=\"text-align: justify;\">\u201c<em>Este no es solo un acto de conservaci\u00f3n, es un proceso que se construye con las comunidades. Acompa\u00f1ar el regreso de estos c\u00f3ndores al cielo es tambi\u00e9n reconocer el rol fundamental que tienen las personas que habitan este territorio en su protecci\u00f3n y futuro\u201d<\/em>, se\u00f1al\u00f3 Carolina Cerda, Directora de Vinculaci\u00f3n Comunitaria en Rewilding Chile.<\/p>\n<p style=\"text-align: justify;\">El c\u00f3ndor andino, es una de las aves carro\u00f1eras m\u00e1s grandes del mundo, cumpliendo un rol clave de limpieza de los ecosistemas patag\u00f3nicos, aliment\u00e1ndose de la fauna en descomposici\u00f3n. Su presencia es un indicador de la salud del territorio que habita, y su protecci\u00f3n requiere no solo acciones t\u00e9cnicas, sino tambi\u00e9n una comunidad informada, consciente y comprometida.<\/p>\n<p style=\"text-align: justify;\">Desde Amigos de los Parques, el llamado es a seguir fortaleciendo estos espacios de encuentro y participaci\u00f3n, entendiendo que la conservaci\u00f3n es un camino compartido, donde naturaleza y comunidades avanzan juntas.<\/p>\n<\/div><\/section><\/div><div  style='height:50px' class='hr hr-invisible   avia-builder-el-6  el_after_av_one_full  el_before_av_social_share '><span class='hr-inner ' ><span class='hr-inner-style'><\/span><\/span><\/div><\/p>\n<div  class='av-social-sharing-box  avia-builder-el-7  el_after_av_hr  el_before_av_hr  '><div class='av-share-box'><h5 class='av-share-link-description av-no-toc '>Compartir esta noticia<\/h5><ul class='av-share-box-list noLightbox'><li class='av-share-link av-social-link-facebook' ><a target=\"_blank\" aria-label=\"Compartir en Facebook\" href='https:\/\/www.facebook.com\/sharer.php?u=https:\/\/radiorevelacionfm.cl\/?p=63558&#038;t=Comunidades%20de%20Ays%C3%A9n%20disfrutaron%20de%20la%20liberaci%C3%B3n%20de%20tres%20c%C3%B3ndores%20andinos%20en%20el%20Parque%20Nacional%20Patagonia' aria-hidden='false' data-av_icon='\ue8f3' data-av_iconfont='entypo-fontello' title='' data-avia-related-tooltip='Compartir en Facebook' rel=\"noopener\"><span class='avia_hidden_link_text'>Compartir en Facebook<\/span><\/a><\/li><li class='av-share-link av-social-link-twitter' ><a target=\"_blank\" aria-label=\"Compartir en Twitter\" href='https:\/\/twitter.com\/share?text=Comunidades%20de%20Ays%C3%A9n%20disfrutaron%20de%20la%20liberaci%C3%B3n%20de%20tres%20c%C3%B3ndores%20andinos%20en%20el%20Parque%20Nacional%20Patagonia&#038;url=https:\/\/radiorevelacionfm.cl\/?p=63558' aria-hidden='false' data-av_icon='\ue8f1' data-av_iconfont='entypo-fontello' title='' data-avia-related-tooltip='Compartir en Twitter' rel=\"noopener\"><span class='avia_hidden_link_text'>Compartir en Twitter<\/span><\/a><\/li><li class='av-share-link av-social-link-whatsapp' ><a target=\"_blank\" aria-label=\"Compartir en Whatsapp\" href='https:\/\/api.whatsapp.com\/send?text=https:\/\/radiorevelacionfm.cl\/?p=63558' aria-hidden='false' data-av_icon='\uf232' data-av_iconfont='entypo-fontello' title='' data-avia-related-tooltip='Compartir en Whatsapp' rel=\"noopener\"><span class='avia_hidden_link_text'>Compartir en Whatsapp<\/span><\/a><\/li><li class='av-share-link av-social-link-linkedin' ><a target=\"_blank\" aria-label=\"Compartir en LinkedIn\" href='https:\/\/linkedin.com\/shareArticle?mini=true&#038;title=Comunidades%20de%20Ays%C3%A9n%20disfrutaron%20de%20la%20liberaci%C3%B3n%20de%20tres%20c%C3%B3ndores%20andinos%20en%20el%20Parque%20Nacional%20Patagonia&#038;url=https:\/\/radiorevelacionfm.cl\/?p=63558' aria-hidden='false' data-av_icon='\ue8fc' data-av_iconfont='entypo-fontello' title='' data-avia-related-tooltip='Compartir en LinkedIn' rel=\"noopener\"><span class='avia_hidden_link_text'>Compartir en LinkedIn<\/span><\/a><\/li><li class='av-share-link av-social-link-mail' ><a  aria-label=\"Compartir por correo\" href='mailto:?subject=Comunidades%20de%20Ays%C3%A9n%20disfrutaron%20de%20la%20liberaci%C3%B3n%20de%20tres%20c%C3%B3ndores%20andinos%20en%20el%20Parque%20Nacional%20Patagonia&#038;body=https:\/\/radiorevelacionfm.cl\/?p=63558' aria-hidden='false' data-av_icon='\ue805' data-av_iconfont='entypo-fontello' title='' data-avia-related-tooltip='Compartir por correo'><span class='avia_hidden_link_text'>Compartir por correo<\/span><\/a><\/li><\/ul><\/div><\/div>\n<div  style='height:50px' class='hr hr-invisible   avia-builder-el-8  el_after_av_social_share  el_before_av_comments_list '><span class='hr-inner ' ><span class='hr-inner-style'><\/span><\/span><\/div>\n<div  class='av-buildercomment  av-blog-meta-html-info-disabled av-blog-meta-tag-disabled  '><\/div>\n","protected":false},"excerpt":{"rendered":"","protected":false},"author":1,"featured_media":63559,"comment_status":"closed","ping_status":"closed","sticky":false,"template":"","format":"standard","meta":{"footnotes":""},"categories":[38],"tags":[],"class_list":["post-63558","post","type-post","status-publish","format-standard","has-post-thumbnail","hentry","category-regional"],"jetpack_featured_media_url":"https:\/\/radiorevelacionfm.cl\/wp-content\/uploads\/2026\/01\/franco-davico-21-01-1_optimized.jpg","_links":{"self":[{"href":"https:\/\/radiorevelacionfm.cl\/index.php?rest_route=\/wp\/v2\/posts\/63558","targetHints":{"allow":["GET"]}}],"collection":[{"href":"https:\/\/radiorevelacionfm.cl\/index.php?rest_route=\/wp\/v2\/posts"}],"about":[{"href":"https:\/\/radiorevelacionfm.cl\/index.php?rest_route=\/wp\/v2\/types\/post"}],"author":[{"embeddable":true,"href":"https:\/\/radiorevelacionfm.cl\/index.php?rest_route=\/wp\/v2\/users\/1"}],"replies":[{"embeddable":true,"href":"https:\/\/radiorevelacionfm.cl\/index.php?rest_route=%2Fwp%2Fv2%2Fcomments&post=63558"}],"version-history":[{"count":2,"href":"https:\/\/radiorevelacionfm.cl\/index.php?rest_route=\/wp\/v2\/posts\/63558\/revisions"}],"predecessor-version":[{"id":63561,"href":"https:\/\/radiorevelacionfm.cl\/index.php?rest_route=\/wp\/v2\/posts\/63558\/revisions\/63561"}],"wp:featuredmedia":[{"embeddable":true,"href":"https:\/\/radiorevelacionfm.cl\/index.php?rest_route=\/wp\/v2\/media\/63559"}],"wp:attachment":[{"href":"https:\/\/radiorevelacionfm.cl\/index.php?rest_route=%2Fwp%2Fv2%2Fmedia&parent=63558"}],"wp:term":[{"taxonomy":"category","embeddable":true,"href":"https:\/\/radiorevelacionfm.cl\/index.php?rest_route=%2Fwp%2Fv2%2Fcategories&post=63558"},{"taxonomy":"post_tag","embeddable":true,"href":"https:\/\/radiorevelacionfm.cl\/index.php?rest_route=%2Fwp%2Fv2%2Ftags&post=63558"}],"curies":[{"name":"wp","href":"https:\/\/api.w.org\/{rel}","templated":true}]}}