{"id":63554,"date":"2026-01-21T18:00:58","date_gmt":"2026-01-21T21:00:58","guid":{"rendered":"https:\/\/radiorevelacionfm.cl\/?p=63554"},"modified":"2026-01-21T22:15:37","modified_gmt":"2026-01-22T01:15:37","slug":"buscan-a-conductor-a-que-se-dio-a-la-fuga-tras-atropello-a-un-adulto-en-sector-pangal-bajo","status":"publish","type":"post","link":"https:\/\/radiorevelacionfm.cl\/?p=63554","title":{"rendered":"Buscan a conductor\/a que se dio a la fuga tras atropello a un adulto en sector Pangal Bajo"},"content":{"rendered":"<div class=\"flex_column av_one_full  flex_column_div av-zero-column-padding first  avia-builder-el-0  el_before_av_one_full  avia-builder-el-first  \" style='border-radius:0px; '><div  class='avia-image-container  av-styling-    avia-builder-el-1  avia-builder-el-no-sibling  avia-align-center '  itemprop=\"image\" itemscope=\"itemscope\" itemtype=\"https:\/\/schema.org\/ImageObject\"  ><div class='avia-image-container-inner'><div class='avia-image-overlay-wrap'><img decoding=\"async\" class='wp-image-63555 avia-img-lazy-loading-not-63555 avia_image' src=\"https:\/\/radiorevelacionfm.cl\/wp-content\/uploads\/2026\/01\/617532676_1485350400257516_1095186063200376366_n-1-1.jpg\" alt='' title='617532676_1485350400257516_1095186063200376366_n (1) (1)' height=\"600\" width=\"878\"  itemprop=\"thumbnailUrl\" srcset=\"https:\/\/radiorevelacionfm.cl\/wp-content\/uploads\/2026\/01\/617532676_1485350400257516_1095186063200376366_n-1-1.jpg 878w, https:\/\/radiorevelacionfm.cl\/wp-content\/uploads\/2026\/01\/617532676_1485350400257516_1095186063200376366_n-1-1-300x205.jpg 300w, https:\/\/radiorevelacionfm.cl\/wp-content\/uploads\/2026\/01\/617532676_1485350400257516_1095186063200376366_n-1-1-768x525.jpg 768w, https:\/\/radiorevelacionfm.cl\/wp-content\/uploads\/2026\/01\/617532676_1485350400257516_1095186063200376366_n-1-1-705x482.jpg 705w, https:\/\/radiorevelacionfm.cl\/wp-content\/uploads\/2026\/01\/617532676_1485350400257516_1095186063200376366_n-1-1-450x308.jpg 450w, https:\/\/radiorevelacionfm.cl\/wp-content\/uploads\/2026\/01\/617532676_1485350400257516_1095186063200376366_n-1-1-600x410.jpg 600w\" sizes=\"(max-width: 878px) 100vw, 878px\" \/><\/div><\/div><\/div><\/div><div class=\"flex_column av_one_full  flex_column_div av-zero-column-padding first  avia-builder-el-2  el_after_av_one_full  el_before_av_one_full  column-top-margin\" style='border-radius:0px; '><section class=\"av_textblock_section \"  itemscope=\"itemscope\" itemtype=\"https:\/\/schema.org\/BlogPosting\" itemprop=\"blogPost\" ><div class='avia_textblock  '   itemprop=\"text\" ><p style=\"text-align: center;\"><strong><span style=\"font-size: 18pt;\">Buscan a conductor\/a que se dio a la fuga tras atropello a un adulto en sector Pangal Bajo<\/span><\/strong><\/p>\n<div id=\"gtx-trans\" style=\"position: absolute; left: -50px; top: 4.31534px;\">\n<div class=\"gtx-trans-icon\"><\/div>\n<\/div>\n<\/div><\/section><\/div><div class=\"flex_column av_one_full  flex_column_div av-zero-column-padding first  avia-builder-el-4  el_after_av_one_full  el_before_av_hr  column-top-margin\" style='border-radius:0px; '><section class=\"av_textblock_section \"  itemscope=\"itemscope\" itemtype=\"https:\/\/schema.org\/BlogPosting\" itemprop=\"blogPost\" ><div class='avia_textblock  '   itemprop=\"text\" ><p style=\"text-align: justify;\">La emergencia en primera instancia indicaba que se trataba de una colisi\u00f3n de un auto con un ciclista, pero de acuerdo a los antecedentes entregados por el comandante Cristian Meza, del Cuerpo de Bomberos Ays\u00e9n, al llegar al lugar, se confirm\u00f3 que se trataba de un atropello de un adulto.<\/p>\n<p style=\"text-align: justify;\">El hecho se registr\u00f3 la tarde de este martes 20 de enero, mientras la persona atropellada realizaba maniobras de extracci\u00f3n de un veh\u00edculo que hab\u00eda tenido un accidente el d\u00eda anterior, momento en el cual habr\u00eda pasado un veh\u00edculo y lo habr\u00eda atropellado.<\/p>\n<p style=\"text-align: justify;\">\u00abEl car\u00e1cter de las lesiones no la sabemos, lleg\u00f3 Personal de SAMU el cual evalu\u00f3 al paciente, lo manej\u00f3 en el lugar y lo extrajo de una zanja hacia la ambulancia y lo trasladaron al servicio de urgencia.<\/p>\n<p style=\"text-align: justify;\">El conductor del veh\u00edculo que ocasion\u00f3 el accidente se dio a la fuga, no encontr\u00e1ndose en el lugar cuando llegaron las unidades de emergencia\u00bb, precis\u00f3 el comandante Meza.<\/p>\n<\/div><\/section><\/div><div  style='height:50px' class='hr hr-invisible   avia-builder-el-6  el_after_av_one_full  el_before_av_social_share '><span class='hr-inner ' ><span class='hr-inner-style'><\/span><\/span><\/div><\/p>\n<div  class='av-social-sharing-box  avia-builder-el-7  el_after_av_hr  el_before_av_hr  '><div class='av-share-box'><h5 class='av-share-link-description av-no-toc '>Compartir esta noticia<\/h5><ul class='av-share-box-list noLightbox'><li class='av-share-link av-social-link-facebook' ><a target=\"_blank\" aria-label=\"Compartir en Facebook\" href='https:\/\/www.facebook.com\/sharer.php?u=https:\/\/radiorevelacionfm.cl\/?p=63554&#038;t=Buscan%20a%20conductor%2Fa%20que%20se%20dio%20a%20la%20fuga%20tras%20atropello%20a%20un%20adulto%20en%20sector%20Pangal%20Bajo' aria-hidden='false' data-av_icon='\ue8f3' data-av_iconfont='entypo-fontello' title='' data-avia-related-tooltip='Compartir en Facebook' rel=\"noopener\"><span class='avia_hidden_link_text'>Compartir en Facebook<\/span><\/a><\/li><li class='av-share-link av-social-link-twitter' ><a target=\"_blank\" aria-label=\"Compartir en Twitter\" href='https:\/\/twitter.com\/share?text=Buscan%20a%20conductor%2Fa%20que%20se%20dio%20a%20la%20fuga%20tras%20atropello%20a%20un%20adulto%20en%20sector%20Pangal%20Bajo&#038;url=https:\/\/radiorevelacionfm.cl\/?p=63554' aria-hidden='false' data-av_icon='\ue8f1' data-av_iconfont='entypo-fontello' title='' data-avia-related-tooltip='Compartir en Twitter' rel=\"noopener\"><span class='avia_hidden_link_text'>Compartir en Twitter<\/span><\/a><\/li><li class='av-share-link av-social-link-whatsapp' ><a target=\"_blank\" aria-label=\"Compartir en Whatsapp\" href='https:\/\/api.whatsapp.com\/send?text=https:\/\/radiorevelacionfm.cl\/?p=63554' aria-hidden='false' data-av_icon='\uf232' data-av_iconfont='entypo-fontello' title='' data-avia-related-tooltip='Compartir en Whatsapp' rel=\"noopener\"><span class='avia_hidden_link_text'>Compartir en Whatsapp<\/span><\/a><\/li><li class='av-share-link av-social-link-linkedin' ><a target=\"_blank\" aria-label=\"Compartir en LinkedIn\" href='https:\/\/linkedin.com\/shareArticle?mini=true&#038;title=Buscan%20a%20conductor%2Fa%20que%20se%20dio%20a%20la%20fuga%20tras%20atropello%20a%20un%20adulto%20en%20sector%20Pangal%20Bajo&#038;url=https:\/\/radiorevelacionfm.cl\/?p=63554' aria-hidden='false' data-av_icon='\ue8fc' data-av_iconfont='entypo-fontello' title='' data-avia-related-tooltip='Compartir en LinkedIn' rel=\"noopener\"><span class='avia_hidden_link_text'>Compartir en LinkedIn<\/span><\/a><\/li><li class='av-share-link av-social-link-mail' ><a  aria-label=\"Compartir por correo\" href='mailto:?subject=Buscan%20a%20conductor%2Fa%20que%20se%20dio%20a%20la%20fuga%20tras%20atropello%20a%20un%20adulto%20en%20sector%20Pangal%20Bajo&#038;body=https:\/\/radiorevelacionfm.cl\/?p=63554' aria-hidden='false' data-av_icon='\ue805' data-av_iconfont='entypo-fontello' title='' data-avia-related-tooltip='Compartir por correo'><span class='avia_hidden_link_text'>Compartir por correo<\/span><\/a><\/li><\/ul><\/div><\/div>\n<div  style='height:50px' class='hr hr-invisible   avia-builder-el-8  el_after_av_social_share  el_before_av_comments_list '><span class='hr-inner ' ><span class='hr-inner-style'><\/span><\/span><\/div>\n<div  class='av-buildercomment  av-blog-meta-html-info-disabled av-blog-meta-tag-disabled  '><\/div>\n","protected":false},"excerpt":{"rendered":"","protected":false},"author":1,"featured_media":63555,"comment_status":"closed","ping_status":"closed","sticky":false,"template":"","format":"standard","meta":{"footnotes":""},"categories":[36],"tags":[],"class_list":["post-63554","post","type-post","status-publish","format-standard","has-post-thumbnail","hentry","category-policial"],"jetpack_featured_media_url":"https:\/\/radiorevelacionfm.cl\/wp-content\/uploads\/2026\/01\/617532676_1485350400257516_1095186063200376366_n-1-1.jpg","_links":{"self":[{"href":"https:\/\/radiorevelacionfm.cl\/index.php?rest_route=\/wp\/v2\/posts\/63554","targetHints":{"allow":["GET"]}}],"collection":[{"href":"https:\/\/radiorevelacionfm.cl\/index.php?rest_route=\/wp\/v2\/posts"}],"about":[{"href":"https:\/\/radiorevelacionfm.cl\/index.php?rest_route=\/wp\/v2\/types\/post"}],"author":[{"embeddable":true,"href":"https:\/\/radiorevelacionfm.cl\/index.php?rest_route=\/wp\/v2\/users\/1"}],"replies":[{"embeddable":true,"href":"https:\/\/radiorevelacionfm.cl\/index.php?rest_route=%2Fwp%2Fv2%2Fcomments&post=63554"}],"version-history":[{"count":2,"href":"https:\/\/radiorevelacionfm.cl\/index.php?rest_route=\/wp\/v2\/posts\/63554\/revisions"}],"predecessor-version":[{"id":63557,"href":"https:\/\/radiorevelacionfm.cl\/index.php?rest_route=\/wp\/v2\/posts\/63554\/revisions\/63557"}],"wp:featuredmedia":[{"embeddable":true,"href":"https:\/\/radiorevelacionfm.cl\/index.php?rest_route=\/wp\/v2\/media\/63555"}],"wp:attachment":[{"href":"https:\/\/radiorevelacionfm.cl\/index.php?rest_route=%2Fwp%2Fv2%2Fmedia&parent=63554"}],"wp:term":[{"taxonomy":"category","embeddable":true,"href":"https:\/\/radiorevelacionfm.cl\/index.php?rest_route=%2Fwp%2Fv2%2Fcategories&post=63554"},{"taxonomy":"post_tag","embeddable":true,"href":"https:\/\/radiorevelacionfm.cl\/index.php?rest_route=%2Fwp%2Fv2%2Ftags&post=63554"}],"curies":[{"name":"wp","href":"https:\/\/api.w.org\/{rel}","templated":true}]}}