{"id":63550,"date":"2026-01-21T20:52:52","date_gmt":"2026-01-21T23:52:52","guid":{"rendered":"https:\/\/radiorevelacionfm.cl\/?p=63550"},"modified":"2026-01-21T20:52:52","modified_gmt":"2026-01-21T23:52:52","slug":"fiscalia-regional-de-aysen-efectuo-su-cuenta-publica-destacando-su-modernizacion-persecucion-penal-estrategica-y-fuerte-compromiso-con-victimas-y-la-comunidad","status":"publish","type":"post","link":"https:\/\/radiorevelacionfm.cl\/?p=63550","title":{"rendered":"Fiscal\u00eda Regional de Ays\u00e9n efectu\u00f3 su Cuenta P\u00fablica destacando su modernizaci\u00f3n, persecuci\u00f3n penal estrat\u00e9gica y fuerte compromiso con v\u00edctimas y la comunidad"},"content":{"rendered":"<div class=\"flex_column av_one_full  flex_column_div av-zero-column-padding first  avia-builder-el-0  el_before_av_one_full  avia-builder-el-first  \" style='border-radius:0px; '><div  class='avia-image-container  av-styling-    avia-builder-el-1  avia-builder-el-no-sibling  avia-align-center '  itemprop=\"image\" itemscope=\"itemscope\" itemtype=\"https:\/\/schema.org\/ImageObject\"  ><div class='avia-image-container-inner'><div class='avia-image-overlay-wrap'><img decoding=\"async\" class='wp-image-63551 avia-img-lazy-loading-not-63551 avia_image' src=\"https:\/\/radiorevelacionfm.cl\/wp-content\/uploads\/2026\/01\/10a-1_optimized-1.jpg\" alt='' title='10a-(1)_optimized (1)' height=\"600\" width=\"900\"  itemprop=\"thumbnailUrl\" srcset=\"https:\/\/radiorevelacionfm.cl\/wp-content\/uploads\/2026\/01\/10a-1_optimized-1.jpg 900w, https:\/\/radiorevelacionfm.cl\/wp-content\/uploads\/2026\/01\/10a-1_optimized-1-300x200.jpg 300w, https:\/\/radiorevelacionfm.cl\/wp-content\/uploads\/2026\/01\/10a-1_optimized-1-768x512.jpg 768w, https:\/\/radiorevelacionfm.cl\/wp-content\/uploads\/2026\/01\/10a-1_optimized-1-705x470.jpg 705w, https:\/\/radiorevelacionfm.cl\/wp-content\/uploads\/2026\/01\/10a-1_optimized-1-450x300.jpg 450w, https:\/\/radiorevelacionfm.cl\/wp-content\/uploads\/2026\/01\/10a-1_optimized-1-600x400.jpg 600w\" sizes=\"(max-width: 900px) 100vw, 900px\" \/><\/div><\/div><\/div><\/div><div class=\"flex_column av_one_full  flex_column_div av-zero-column-padding first  avia-builder-el-2  el_after_av_one_full  el_before_av_one_full  column-top-margin\" style='border-radius:0px; '><section class=\"av_textblock_section \"  itemscope=\"itemscope\" itemtype=\"https:\/\/schema.org\/BlogPosting\" itemprop=\"blogPost\" ><div class='avia_textblock  '   itemprop=\"text\" ><p style=\"text-align: center;\"><strong><span style=\"font-size: 18pt;\">Fiscal\u00eda Regional de Ays\u00e9n efectu\u00f3 su Cuenta P\u00fablica destacando su modernizaci\u00f3n, persecuci\u00f3n penal estrat\u00e9gica y fuerte compromiso con v\u00edctimas y la comunidad<\/span><\/strong><\/p>\n<div id=\"gtx-trans\" style=\"position: absolute; left: -50px; top: 4.31534px;\">\n<div class=\"gtx-trans-icon\"><\/div>\n<\/div>\n<\/div><\/section><\/div><div class=\"flex_column av_one_full  flex_column_div av-zero-column-padding first  avia-builder-el-4  el_after_av_one_full  el_before_av_hr  column-top-margin\" style='border-radius:0px; '><section class=\"av_textblock_section \"  itemscope=\"itemscope\" itemtype=\"https:\/\/schema.org\/BlogPosting\" itemprop=\"blogPost\" ><div class='avia_textblock  '   itemprop=\"text\" ><p style=\"font-weight: 400; text-align: justify;\">La Fiscal\u00eda Regional de Ays\u00e9n del General Carlos Ib\u00e1\u00f1ez del Campo realiz\u00f3 este martes su Cuenta P\u00fablica 2025, instancia encabezada por el Fiscal Regional, Hern\u00e1n Libedinsky Moscovich, en la que se dio cuenta detallada de la gesti\u00f3n institucional, los principales resultados en persecuci\u00f3n penal, los avances en modernizaci\u00f3n y probidad, as\u00ed como el fortalecimiento del trabajo con v\u00edctimas, equipos internos y la comunidad. La actividad, efectuada en el auditorio de la IV Divisi\u00f3n de Ej\u00e9rcito, cont\u00f3 con la presencia de autoridades, polic\u00edas y numerosos representantes de la comunidad.<\/p>\n<p style=\"font-weight: 400; text-align: justify;\"><strong>Investigaci\u00f3n delictual\u00a0<\/strong><\/p>\n<p style=\"font-weight: 400; text-align: justify;\">Al analizar espec\u00edficamente el a\u00f1o 2025, la Fiscal\u00eda Regional de Ays\u00e9n inform\u00f3 que el total de causas recepcionadas durante el a\u00f1o 2025 alcanz\u00f3 las 11.837, lo que representa un aumento de 8,20% respecto del a\u00f1o 2024. Este incremento posiciona al a\u00f1o 2025 como el de mayor nivel de ingresos de causas en la regi\u00f3n desde el inicio de la Reforma Procesal Penal el a\u00f1o 2002.<\/p>\n<p style=\"font-weight: 400; text-align: justify;\">Durante el 2025, la mayor incidencia de denuncias correspondi\u00f3 al delito de lesiones, con un 10,24% del total, seguido por robos y hurtos (9,70%), amenazas (9,43%), delitos vinculados a la ley de tr\u00e1nsito (8,16%) y delitos econ\u00f3micos y tributarios (6,41%), reflejando patrones de conflictividad asociados a la violencia y a la convivencia social.<\/p>\n<p style=\"font-weight: 400; text-align: justify;\">Otro dato relevante presentado en la Cuenta P\u00fablica dice relaci\u00f3n con la evoluci\u00f3n de determinados fen\u00f3menos delictuales. Por ejemplo, los delitos por uso fraudulento de tarjetas y otros medios de pago registraron un aumento de 174,72% respecto del a\u00f1o anterior, mientras que la cantidad de droga decomisada durante el 2025 super\u00f3 en un 105% lo incautado el a\u00f1o previo, con m\u00e1s de 82 kilos de clorhidrato de coca\u00edna y marihuana.<\/p>\n<p style=\"font-weight: 400; text-align: justify;\"><strong>Trabajo conjunto con otras instituciones<\/strong><\/p>\n<p style=\"font-weight: 400; text-align: justify;\">Uno de los ejes centrales de la Cuenta P\u00fablica fue el fortalecimiento de la persecuci\u00f3n penal mediante un enfoque de inteligencia criminal, que busca pasar de un modelo reactivo a uno anal\u00edtico, proactivo y estrat\u00e9gico. En este marco, la Fiscal\u00eda Regional de Ays\u00e9n ha incorporado y potenciado diversas herramientas tecnol\u00f3gicas que permiten mejorar la calidad y rapidez de las investigaciones.<\/p>\n<p style=\"font-weight: 400; text-align: justify;\">Estas herramientas, sumadas al trabajo coordinado con Carabineros de Chile, la Polic\u00eda de Investigaciones, Gendarmer\u00eda, Armada, Directemar, Aduanas y otros organismos, han permitido enfrentar de mejor manera fen\u00f3menos complejos como el tr\u00e1fico de drogas, incluido el tr\u00e1fico mar\u00edtimo y el microtr\u00e1fico en sectores poblacionales, los delitos sexuales contra ni\u00f1os, ni\u00f1as y adolescentes, la violencia intrafamiliar y los delitos contra la propiedad que afectan al comercio local.<\/p>\n<p style=\"font-weight: 400; text-align: justify;\">Durante el \u00faltimo per\u00edodo, la Fiscal\u00eda Regional sostuvo m\u00faltiples instancias de coordinaci\u00f3n interinstitucional, incluyendo reuniones en zonas fronterizas y localidades aisladas, con el objetivo de reforzar la respuesta del Estado frente a delitos transnacionales, el contrabando y otras formas de criminalidad organizada.<\/p>\n<p style=\"font-weight: 400; text-align: justify;\"><strong>Casos relevantes y resultados judiciales<\/strong><\/p>\n<p style=\"font-weight: 400; text-align: justify;\">En la Cuenta P\u00fablica, el Fiscal Libedinsky destac\u00f3 diversas investigaciones y sentencias de alto impacto para la regi\u00f3n, entre ellas condenas por delitos sexuales graves, femicidio tentado, homicidios consumados y frustrados, robos violentos, secuestro calificado, estafas reiteradas, tr\u00e1fico de drogas y lavado de activos.<\/p>\n<p style=\"font-weight: 400; text-align: justify;\">Asimismo, se resalt\u00f3 la participaci\u00f3n de fiscales de Ays\u00e9n en causas de relevancia nacional, como el juicio derivado de la denominada \u201cOperaci\u00f3n Hurac\u00e1n\u201d, que culmin\u00f3 con condenas para ex funcionarios policiales de Inteligencia, por delitos de falsificaci\u00f3n de instrumento p\u00fablico reiterado, obstrucci\u00f3n a la investigaci\u00f3n reiterado y obstrucci\u00f3n a la investigaci\u00f3n calificada.<\/p>\n<p style=\"font-weight: 400; text-align: justify;\">En materia de drogas, se subrayaron importantes decomisos, la desarticulaci\u00f3n de organizaciones criminales y la investigaci\u00f3n de causas de lavado de activos por montos significativos, reafirmando la prioridad regional en el combate al narcotr\u00e1fico y delitos asociados.<\/p>\n<p style=\"font-weight: 400; text-align: justify;\"><strong>Resultados judiciales y calidad de la persecuci\u00f3n penal<\/strong><\/p>\n<p style=\"font-weight: 400; text-align: justify;\">La Fiscal\u00eda Regional destac\u00f3 que investigar implica tambi\u00e9n acusar y promover la salida m\u00e1s adecuada al conflicto penal, siempre bajo criterios de objetividad y legalidad. En este sentido, durante el a\u00f1o 2025, Ays\u00e9n se posicion\u00f3 como la regi\u00f3n del pa\u00eds con el mayor porcentaje de t\u00e9rminos judiciales, alcanzando un 58,60%, muy por sobre el promedio nacional de 27,7%.<\/p>\n<p style=\"font-weight: 400; text-align: justify;\">Del total de t\u00e9rminos registrados en 2025, el 16,90% correspondi\u00f3 a sentencias condenatorias. En cuanto a las salidas alternativas, los acuerdos reparatorios y las suspensiones condicionales del procedimiento representaron el 9,20% de los t\u00e9rminos durante el a\u00f1o 2025.<\/p>\n<p style=\"font-weight: 400; text-align: justify;\">Respecto de los archivos provisionales, estos alcanzaron el 30,50% de las causas, constituy\u00e9ndose en el porcentaje m\u00e1s bajo a nivel nacional, cuyo promedio es de 61,9%, lo que refleja la voluntad institucional a nivel regional de privilegiar t\u00e9rminos judiciales de mayor calidad.<\/p>\n<p style=\"font-weight: 400; text-align: justify;\"><strong>Probidad y transparencia<\/strong><\/p>\n<p style=\"font-weight: 400; text-align: justify;\">Otro de los pilares abordados por el Fiscal Regional Hern\u00e1n Libedinsky, fue el fortalecimiento de la probidad a nivel interno y la lucha contra la corrupci\u00f3n. Paralelamente, se han impulsado auditor\u00edas al interior de las Fiscal\u00edas, capacitaciones en integridad y probidad, y el pr\u00f3ximo desarrollo de un modelo de compliance regional, con el objetivo de asegurar altos est\u00e1ndares \u00e9ticos tanto en la persecuci\u00f3n penal como en los procesos internos del Ministerio P\u00fablico.<\/p>\n<p style=\"font-weight: 400; text-align: justify;\"><strong>Atenci\u00f3n a v\u00edctimas y testigos<\/strong><\/p>\n<p style=\"font-weight: 400; text-align: justify;\">En la cuenta p\u00fablica, la Fiscal\u00eda Regional reafirm\u00f3 su compromiso con la persecuci\u00f3n de la violencia de g\u00e9nero, la violencia intrafamiliar y los delitos sexuales, \u00e1reas definidas como prioritarias. En este contexto, se destac\u00f3 la implementaci\u00f3n del Algoritmo de Sugerencia de Riesgo (ASR), basado en inteligencia artificial, que permite anticipar situaciones de alto riesgo en casos de violencia en la pareja y ajustar oportunamente las medidas de protecci\u00f3n.<\/p>\n<p style=\"font-weight: 400; text-align: justify;\">Durante el 2025, la Fiscal\u00eda destin\u00f3 m\u00e1s de 112 millones de pesos a la protecci\u00f3n de v\u00edctimas y testigos, otorgando m\u00e1s de 1.200 prestaciones, incluyendo tel\u00e9fonos celulares, circuitos cerrados de c\u00e1maras, alarmas personales y domiciliarias, reforzamientos estructurales y servicio de asistencia en l\u00ednea. A lo anterior, se suman prestaciones de asistencia social a v\u00edctimas de violencia econ\u00f3mica y procesos de reubicaci\u00f3n domiciliaria.<\/p>\n<p style=\"font-weight: 400; text-align: justify;\"><strong>Vinculaci\u00f3n con la comunidad<\/strong><\/p>\n<p style=\"font-weight: 400; text-align: justify;\">Finalmente, la Cuenta P\u00fablica relev\u00f3 el trabajo de acercamiento a la ciudadan\u00eda, mediante encuentros con dirigentes sociales, capacitaciones a establecimientos educacionales y acciones preventivas como el programa \u201cMonitores Antidrogas\u201d, que involucra activamente a estudiantes de la regi\u00f3n.<\/p>\n<p style=\"font-weight: 400; text-align: justify;\">Asimismo, se destac\u00f3 la realizaci\u00f3n de conversatorios con la C\u00e1mara de Comercio, itinerancias a sectores apartados junto a otras instituciones del sistema de justicia penal y el inter\u00e9s de desarrollar iniciativas como la Fiscal\u00eda M\u00f3vil, orientada a mejorar el acceso a la justicia en localidades aisladas.<\/p>\n<p style=\"font-weight: 400; text-align: justify;\">En el cierre de la ceremonia, el Fiscal Regional, Hern\u00e1n Libedinsky, reafirm\u00f3 que la Fiscal\u00eda de Ays\u00e9n aspira a ser \u201cun rostro firme y cercano del Estado\u201d, comprometido con la justicia, la dignidad de las v\u00edctimas y el bienestar de la comunidad. \u201cMientras exista una persona que busque justicia, la Fiscal\u00eda estar\u00e1 presente, trabajando junto a la ciudadan\u00eda para construir una regi\u00f3n m\u00e1s segura y un pa\u00eds mejor\u201d, concluy\u00f3.<\/p>\n<\/div><\/section><\/div><div  style='height:50px' class='hr hr-invisible   avia-builder-el-6  el_after_av_one_full  el_before_av_social_share '><span class='hr-inner ' ><span class='hr-inner-style'><\/span><\/span><\/div><\/p>\n<div  class='av-social-sharing-box  avia-builder-el-7  el_after_av_hr  el_before_av_hr  '><div class='av-share-box'><h5 class='av-share-link-description av-no-toc '>Compartir esta noticia<\/h5><ul class='av-share-box-list noLightbox'><li class='av-share-link av-social-link-facebook' ><a target=\"_blank\" aria-label=\"Compartir en Facebook\" href='https:\/\/www.facebook.com\/sharer.php?u=https:\/\/radiorevelacionfm.cl\/?p=63550&#038;t=Fiscal%C3%ADa%20Regional%20de%20Ays%C3%A9n%20efectu%C3%B3%20su%20Cuenta%20P%C3%BAblica%20destacando%20su%20modernizaci%C3%B3n%2C%20persecuci%C3%B3n%20penal%20estrat%C3%A9gica%20y%20fuerte%20compromiso%20con%20v%C3%ADctimas%20y%20la%20comunidad' aria-hidden='false' data-av_icon='\ue8f3' data-av_iconfont='entypo-fontello' title='' data-avia-related-tooltip='Compartir en Facebook' rel=\"noopener\"><span class='avia_hidden_link_text'>Compartir en Facebook<\/span><\/a><\/li><li class='av-share-link av-social-link-twitter' ><a target=\"_blank\" aria-label=\"Compartir en Twitter\" href='https:\/\/twitter.com\/share?text=Fiscal%C3%ADa%20Regional%20de%20Ays%C3%A9n%20efectu%C3%B3%20su%20Cuenta%20P%C3%BAblica%20destacando%20su%20modernizaci%C3%B3n%2C%20persecuci%C3%B3n%20penal%20estrat%C3%A9gica%20y%20fuerte%20compromiso%20con%20v%C3%ADctimas%20y%20la%20comunidad&#038;url=https:\/\/radiorevelacionfm.cl\/?p=63550' aria-hidden='false' data-av_icon='\ue8f1' data-av_iconfont='entypo-fontello' title='' data-avia-related-tooltip='Compartir en Twitter' rel=\"noopener\"><span class='avia_hidden_link_text'>Compartir en Twitter<\/span><\/a><\/li><li class='av-share-link av-social-link-whatsapp' ><a target=\"_blank\" aria-label=\"Compartir en Whatsapp\" href='https:\/\/api.whatsapp.com\/send?text=https:\/\/radiorevelacionfm.cl\/?p=63550' aria-hidden='false' data-av_icon='\uf232' data-av_iconfont='entypo-fontello' title='' data-avia-related-tooltip='Compartir en Whatsapp' rel=\"noopener\"><span class='avia_hidden_link_text'>Compartir en Whatsapp<\/span><\/a><\/li><li class='av-share-link av-social-link-linkedin' ><a target=\"_blank\" aria-label=\"Compartir en LinkedIn\" href='https:\/\/linkedin.com\/shareArticle?mini=true&#038;title=Fiscal%C3%ADa%20Regional%20de%20Ays%C3%A9n%20efectu%C3%B3%20su%20Cuenta%20P%C3%BAblica%20destacando%20su%20modernizaci%C3%B3n%2C%20persecuci%C3%B3n%20penal%20estrat%C3%A9gica%20y%20fuerte%20compromiso%20con%20v%C3%ADctimas%20y%20la%20comunidad&#038;url=https:\/\/radiorevelacionfm.cl\/?p=63550' aria-hidden='false' data-av_icon='\ue8fc' data-av_iconfont='entypo-fontello' title='' data-avia-related-tooltip='Compartir en LinkedIn' rel=\"noopener\"><span class='avia_hidden_link_text'>Compartir en LinkedIn<\/span><\/a><\/li><li class='av-share-link av-social-link-mail' ><a  aria-label=\"Compartir por correo\" href='mailto:?subject=Fiscal%C3%ADa%20Regional%20de%20Ays%C3%A9n%20efectu%C3%B3%20su%20Cuenta%20P%C3%BAblica%20destacando%20su%20modernizaci%C3%B3n%2C%20persecuci%C3%B3n%20penal%20estrat%C3%A9gica%20y%20fuerte%20compromiso%20con%20v%C3%ADctimas%20y%20la%20comunidad&#038;body=https:\/\/radiorevelacionfm.cl\/?p=63550' aria-hidden='false' data-av_icon='\ue805' data-av_iconfont='entypo-fontello' title='' data-avia-related-tooltip='Compartir por correo'><span class='avia_hidden_link_text'>Compartir por correo<\/span><\/a><\/li><\/ul><\/div><\/div>\n<div  style='height:50px' class='hr hr-invisible   avia-builder-el-8  el_after_av_social_share  el_before_av_comments_list '><span class='hr-inner ' ><span class='hr-inner-style'><\/span><\/span><\/div>\n<div  class='av-buildercomment  av-blog-meta-html-info-disabled av-blog-meta-tag-disabled  '><\/div>\n","protected":false},"excerpt":{"rendered":"","protected":false},"author":1,"featured_media":63551,"comment_status":"closed","ping_status":"closed","sticky":false,"template":"","format":"standard","meta":{"footnotes":""},"categories":[55],"tags":[],"class_list":["post-63550","post","type-post","status-publish","format-standard","has-post-thumbnail","hentry","category-justicia"],"jetpack_featured_media_url":"https:\/\/radiorevelacionfm.cl\/wp-content\/uploads\/2026\/01\/10a-1_optimized-1.jpg","_links":{"self":[{"href":"https:\/\/radiorevelacionfm.cl\/index.php?rest_route=\/wp\/v2\/posts\/63550","targetHints":{"allow":["GET"]}}],"collection":[{"href":"https:\/\/radiorevelacionfm.cl\/index.php?rest_route=\/wp\/v2\/posts"}],"about":[{"href":"https:\/\/radiorevelacionfm.cl\/index.php?rest_route=\/wp\/v2\/types\/post"}],"author":[{"embeddable":true,"href":"https:\/\/radiorevelacionfm.cl\/index.php?rest_route=\/wp\/v2\/users\/1"}],"replies":[{"embeddable":true,"href":"https:\/\/radiorevelacionfm.cl\/index.php?rest_route=%2Fwp%2Fv2%2Fcomments&post=63550"}],"version-history":[{"count":2,"href":"https:\/\/radiorevelacionfm.cl\/index.php?rest_route=\/wp\/v2\/posts\/63550\/revisions"}],"predecessor-version":[{"id":63553,"href":"https:\/\/radiorevelacionfm.cl\/index.php?rest_route=\/wp\/v2\/posts\/63550\/revisions\/63553"}],"wp:featuredmedia":[{"embeddable":true,"href":"https:\/\/radiorevelacionfm.cl\/index.php?rest_route=\/wp\/v2\/media\/63551"}],"wp:attachment":[{"href":"https:\/\/radiorevelacionfm.cl\/index.php?rest_route=%2Fwp%2Fv2%2Fmedia&parent=63550"}],"wp:term":[{"taxonomy":"category","embeddable":true,"href":"https:\/\/radiorevelacionfm.cl\/index.php?rest_route=%2Fwp%2Fv2%2Fcategories&post=63550"},{"taxonomy":"post_tag","embeddable":true,"href":"https:\/\/radiorevelacionfm.cl\/index.php?rest_route=%2Fwp%2Fv2%2Ftags&post=63550"}],"curies":[{"name":"wp","href":"https:\/\/api.w.org\/{rel}","templated":true}]}}