{"id":63542,"date":"2026-01-21T17:03:34","date_gmt":"2026-01-21T20:03:34","guid":{"rendered":"https:\/\/radiorevelacionfm.cl\/?p=63542"},"modified":"2026-01-21T17:03:34","modified_gmt":"2026-01-21T20:03:34","slug":"comunidad-mapuche-tehuelche-sayhueque-marca-un-hito-en-aysen-con-la-primera-cooperativa-de-turismo-de-base-comunitaria-de-la-region","status":"publish","type":"post","link":"https:\/\/radiorevelacionfm.cl\/?p=63542","title":{"rendered":"Comunidad Mapuche Tehuelche Sayhueque marca un hito en Ays\u00e9n con la primera cooperativa de Turismo de Base Comunitaria de la regi\u00f3n"},"content":{"rendered":"<div class=\"flex_column av_one_full  flex_column_div av-zero-column-padding first  avia-builder-el-0  el_before_av_one_full  avia-builder-el-first  \" style='border-radius:0px; '><div  class='avia-image-container  av-styling-    avia-builder-el-1  avia-builder-el-no-sibling  avia-align-center '  itemprop=\"image\" itemscope=\"itemscope\" itemtype=\"https:\/\/schema.org\/ImageObject\"  ><div class='avia-image-container-inner'><div class='avia-image-overlay-wrap'><img decoding=\"async\" class='wp-image-63543 avia-img-lazy-loading-not-63543 avia_image' src=\"https:\/\/radiorevelacionfm.cl\/wp-content\/uploads\/2026\/01\/comunidad-mapuche-tehuelche-sayhueque-1_optimized.jpg\" alt='' title='comunidad-mapuche-tehuelche-sayhueque-(1)_optimized' height=\"600\" width=\"900\"  itemprop=\"thumbnailUrl\" srcset=\"https:\/\/radiorevelacionfm.cl\/wp-content\/uploads\/2026\/01\/comunidad-mapuche-tehuelche-sayhueque-1_optimized.jpg 900w, https:\/\/radiorevelacionfm.cl\/wp-content\/uploads\/2026\/01\/comunidad-mapuche-tehuelche-sayhueque-1_optimized-300x200.jpg 300w, https:\/\/radiorevelacionfm.cl\/wp-content\/uploads\/2026\/01\/comunidad-mapuche-tehuelche-sayhueque-1_optimized-768x512.jpg 768w, https:\/\/radiorevelacionfm.cl\/wp-content\/uploads\/2026\/01\/comunidad-mapuche-tehuelche-sayhueque-1_optimized-705x470.jpg 705w, https:\/\/radiorevelacionfm.cl\/wp-content\/uploads\/2026\/01\/comunidad-mapuche-tehuelche-sayhueque-1_optimized-450x300.jpg 450w, https:\/\/radiorevelacionfm.cl\/wp-content\/uploads\/2026\/01\/comunidad-mapuche-tehuelche-sayhueque-1_optimized-600x400.jpg 600w\" sizes=\"(max-width: 900px) 100vw, 900px\" \/><\/div><\/div><\/div><\/div><div class=\"flex_column av_one_full  flex_column_div av-zero-column-padding first  avia-builder-el-2  el_after_av_one_full  el_before_av_one_full  column-top-margin\" style='border-radius:0px; '><section class=\"av_textblock_section \"  itemscope=\"itemscope\" itemtype=\"https:\/\/schema.org\/BlogPosting\" itemprop=\"blogPost\" ><div class='avia_textblock  '   itemprop=\"text\" ><p style=\"text-align: center;\"><strong><span style=\"font-size: 18pt;\">Comunidad Mapuche Tehuelche Sayhueque marca un hito en Ays\u00e9n con la primera cooperativa de Turismo de Base Comunitaria de la regi\u00f3n\u00a0\u00a0<\/span><\/strong><\/p>\n<div id=\"gtx-trans\" style=\"position: absolute; left: -50px; top: 4.31534px;\">\n<div class=\"gtx-trans-icon\"><\/div>\n<\/div>\n<\/div><\/section><\/div><div class=\"flex_column av_one_full  flex_column_div av-zero-column-padding first  avia-builder-el-4  el_after_av_one_full  el_before_av_hr  column-top-margin\" style='border-radius:0px; '><section class=\"av_textblock_section \"  itemscope=\"itemscope\" itemtype=\"https:\/\/schema.org\/BlogPosting\" itemprop=\"blogPost\" ><div class='avia_textblock  '   itemprop=\"text\" ><p style=\"text-align: justify;\"><em>Descendientes del cacique Valent\u00edn Saihueque buscan levantar el turismo con pertenencia cultural. Su comunidad se encuentra integrada por siete familias, compuesta por ni\u00f1os, j\u00f3venes y adultos.<\/em><\/p>\n<p style=\"text-align: justify;\"><em>Iniciativa se enmarca en el proyecto FIC \u201cLaboratorio de Innovaci\u00f3n Tur\u00edstica: Experiencias rurales en \u00e1reas protegidas\u201d ejecutado por la Universidad Austral de Chile, Campus Patagonia.<\/em><\/p>\n<p style=\"text-align: justify;\">Representantes de la comunidad Sayhueque, comunidad Mapuche Tehuelche del territorio, conformaron la primera cooperativa de Turismo de Base Comunitaria de la Regi\u00f3n de Ays\u00e9n, marcando un hito relevante para el desarrollo de un turismo con identidad, respeto cultural y arraigo local.<\/p>\n<p style=\"text-align: justify;\">Se trata de un avance significativo que reconoce el valor de los saberes comunitarios, la organizaci\u00f3n local y la construcci\u00f3n de experiencias tur\u00edsticas que nacen desde el propio territorio, con un enfoque intercultural que pone en el centro el encuentro respetuoso entre visitantes y comunidad, incentivando el turismo con pertenencia cultural Mapuche Tehuelche invitando a conocer la \u00abLa Ruta del Choique\u00bb.<\/p>\n<p style=\"text-align: justify;\">Uno de los principales objetivos de la Cooperativa Saihueque Tehuelche es el desarrollo, promoci\u00f3n y fortalecimiento de actividades tur\u00edsticas en diversas formas, incluyendo servicios vinculados a hospedaje, gastronom\u00eda, artesan\u00edas, agroturismo, transporte y guiado, entre otros rubros que permiten diversificar oportunidades y fortalecer la econom\u00eda local desde una perspectiva sustentable.<\/p>\n<p style=\"text-align: justify;\">As\u00ed lo dio a conocer, Teresa V\u00e1squez Saihueque, Representante de cooperativa Saihueque Tehuelche y presidenta de la comunidad agr\u00edcola rural del sector Rodeo Los Palos, quien coment\u00f3 que desean potenciar el turismo y transmitir el relato de los antepasados a trav\u00e9s de cosas simples y sencillas, como lo es la forma de vivir y compartir en nuestra comunidad.<\/p>\n<p style=\"text-align: justify;\">\u201cA trav\u00e9s, de la constituci\u00f3n de esta cooperativa podremos recibir a los visitantes con un proyecto m\u00e1s seguro y confiable en este rubro del turismo. Desaf\u00edos hay muchos, ya que podremos trabajar con otras organizaciones en diferentes actividades para el progreso y el buen vivir de nuestros vecinos y pobladores del sector. Quiero agradecer a la Universidad Austral de Chile por el compromiso y el apoyo a la comunidad Mapuche Tehuelche de la Regi\u00f3n de Ays\u00e9n\u201d, afirm\u00f3.<\/p>\n<p style=\"text-align: justify;\"><strong>Trabajo colaborativo<\/strong><\/p>\n<p style=\"text-align: justify;\">Este logro es resultado de un trabajo colaborativo sostenido entre la comunidad y el\u00a0<strong>Laboratorio de Innovaci\u00f3n e Inteligencia Tur\u00edstica<\/strong>\u00a0de la\u00a0<strong>Universidad Austral de Chile<\/strong>. Iniciativa del\u00a0<strong>Campus Patagonia<\/strong>, que ha acompa\u00f1ado este proceso desde el fortalecimiento de capacidades, la innovaci\u00f3n tur\u00edstica y el desarrollo de experiencias con identidad.<\/p>\n<p style=\"text-align: justify;\">Adem\u00e1s, este avance ha contado con el apoyo de iniciativas cofinanciadas con el Gobierno Regional de Ays\u00e9n y tambi\u00e9n con CORFO, articulando esfuerzos para impulsar un turismo con pertinencia territorial y cultural, donde el desarrollo no se entiende solo como crecimiento econ\u00f3mico, sino tambi\u00e9n como fortalecimiento comunitario y proyecci\u00f3n de una visi\u00f3n propia del territorio.<\/p>\n<p style=\"text-align: justify;\">Al respecto, el Dr. Guillermo Pacheco, director de Innovaci\u00f3n e Inteligencia Tur\u00edstica, explic\u00f3 que este proceso se enmarc\u00f3 en el proyecto FIC \u201cLaboratorio de Innovaci\u00f3n Tur\u00edstica: Experiencias rurales en \u00e1reas protegidas\u201d, que ha permitido impulsar acciones concretas de organizaci\u00f3n, asociatividad y visibilizaci\u00f3n de servicios tur\u00edsticos con base comunitaria.<\/p>\n<p style=\"text-align: justify;\">\u201cA trav\u00e9s de este trabajo, se ha promovido un turismo que busca generar beneficios reales para las personas y familias del territorio, resguardando al mismo tiempo el patrimonio cultural y natural, y aportando a una relaci\u00f3n m\u00e1s equilibrada con las \u00e1reas de alto valor ecol\u00f3gico\u201d, coment\u00f3.<\/p>\n<p style=\"text-align: justify;\">Y agreg\u00f3 que \u201cla conformaci\u00f3n de la Cooperativa Saihueque Tehuelche no solo representa un hito administrativo, sino tambi\u00e9n un paso firme hacia un turismo m\u00e1s humano, respetuoso y coherente con la diversidad cultural del territorio, abriendo nuevas oportunidades para compartir la historia, la cultura y la vida comunitaria desde una perspectiva intercultural.<\/p>\n<p style=\"text-align: justify;\"><strong>Datos<\/strong><\/p>\n<p style=\"text-align: justify;\">La organizaci\u00f3n se constituy\u00f3 formalmente como \u201cCooperativa Saihueque Tehuelche Limitada\u201d, tambi\u00e9n conocida como \u201cCooperativa Saihueque Tehuelche\u201d, con domicilio en la comuna de Coyhaique, en el Lof predio Santana Gabriela, ruca Antu Mag\u00fcida, Regi\u00f3n de Ays\u00e9n.<\/p>\n<p style=\"text-align: justify;\">Su constituci\u00f3n fue publicada oficialmente en el Diario Oficial el s\u00e1bado 29 de noviembre de 2025, consolidando este importante paso para el turismo comunitario regional.<\/p>\n<\/div><\/section><\/div><div  style='height:50px' class='hr hr-invisible   avia-builder-el-6  el_after_av_one_full  el_before_av_social_share '><span class='hr-inner ' ><span class='hr-inner-style'><\/span><\/span><\/div><\/p>\n<div  class='av-social-sharing-box  avia-builder-el-7  el_after_av_hr  el_before_av_hr  '><div class='av-share-box'><h5 class='av-share-link-description av-no-toc '>Compartir esta noticia<\/h5><ul class='av-share-box-list noLightbox'><li class='av-share-link av-social-link-facebook' ><a target=\"_blank\" aria-label=\"Compartir en Facebook\" href='https:\/\/www.facebook.com\/sharer.php?u=https:\/\/radiorevelacionfm.cl\/?p=63542&#038;t=Comunidad%20Mapuche%20Tehuelche%20Sayhueque%20marca%20un%20hito%20en%20Ays%C3%A9n%20con%20la%20primera%20cooperativa%20de%20Turismo%20de%20Base%20Comunitaria%20de%20la%20regi%C3%B3n' aria-hidden='false' data-av_icon='\ue8f3' data-av_iconfont='entypo-fontello' title='' data-avia-related-tooltip='Compartir en Facebook' rel=\"noopener\"><span class='avia_hidden_link_text'>Compartir en Facebook<\/span><\/a><\/li><li class='av-share-link av-social-link-twitter' ><a target=\"_blank\" aria-label=\"Compartir en Twitter\" href='https:\/\/twitter.com\/share?text=Comunidad%20Mapuche%20Tehuelche%20Sayhueque%20marca%20un%20hito%20en%20Ays%C3%A9n%20con%20la%20primera%20cooperativa%20de%20Turismo%20de%20Base%20Comunitaria%20de%20la%20regi%C3%B3n&#038;url=https:\/\/radiorevelacionfm.cl\/?p=63542' aria-hidden='false' data-av_icon='\ue8f1' data-av_iconfont='entypo-fontello' title='' data-avia-related-tooltip='Compartir en Twitter' rel=\"noopener\"><span class='avia_hidden_link_text'>Compartir en Twitter<\/span><\/a><\/li><li class='av-share-link av-social-link-whatsapp' ><a target=\"_blank\" aria-label=\"Compartir en Whatsapp\" href='https:\/\/api.whatsapp.com\/send?text=https:\/\/radiorevelacionfm.cl\/?p=63542' aria-hidden='false' data-av_icon='\uf232' data-av_iconfont='entypo-fontello' title='' data-avia-related-tooltip='Compartir en Whatsapp' rel=\"noopener\"><span class='avia_hidden_link_text'>Compartir en Whatsapp<\/span><\/a><\/li><li class='av-share-link av-social-link-linkedin' ><a target=\"_blank\" aria-label=\"Compartir en LinkedIn\" href='https:\/\/linkedin.com\/shareArticle?mini=true&#038;title=Comunidad%20Mapuche%20Tehuelche%20Sayhueque%20marca%20un%20hito%20en%20Ays%C3%A9n%20con%20la%20primera%20cooperativa%20de%20Turismo%20de%20Base%20Comunitaria%20de%20la%20regi%C3%B3n&#038;url=https:\/\/radiorevelacionfm.cl\/?p=63542' aria-hidden='false' data-av_icon='\ue8fc' data-av_iconfont='entypo-fontello' title='' data-avia-related-tooltip='Compartir en LinkedIn' rel=\"noopener\"><span class='avia_hidden_link_text'>Compartir en LinkedIn<\/span><\/a><\/li><li class='av-share-link av-social-link-mail' ><a  aria-label=\"Compartir por correo\" href='mailto:?subject=Comunidad%20Mapuche%20Tehuelche%20Sayhueque%20marca%20un%20hito%20en%20Ays%C3%A9n%20con%20la%20primera%20cooperativa%20de%20Turismo%20de%20Base%20Comunitaria%20de%20la%20regi%C3%B3n&#038;body=https:\/\/radiorevelacionfm.cl\/?p=63542' aria-hidden='false' data-av_icon='\ue805' data-av_iconfont='entypo-fontello' title='' data-avia-related-tooltip='Compartir por correo'><span class='avia_hidden_link_text'>Compartir por correo<\/span><\/a><\/li><\/ul><\/div><\/div>\n<div  style='height:50px' class='hr hr-invisible   avia-builder-el-8  el_after_av_social_share  el_before_av_comments_list '><span class='hr-inner ' ><span class='hr-inner-style'><\/span><\/span><\/div>\n<div  class='av-buildercomment  av-blog-meta-html-info-disabled av-blog-meta-tag-disabled  '><\/div>\n","protected":false},"excerpt":{"rendered":"","protected":false},"author":1,"featured_media":63543,"comment_status":"closed","ping_status":"closed","sticky":false,"template":"","format":"standard","meta":{"footnotes":""},"categories":[38],"tags":[],"class_list":["post-63542","post","type-post","status-publish","format-standard","has-post-thumbnail","hentry","category-regional"],"jetpack_featured_media_url":"https:\/\/radiorevelacionfm.cl\/wp-content\/uploads\/2026\/01\/comunidad-mapuche-tehuelche-sayhueque-1_optimized.jpg","_links":{"self":[{"href":"https:\/\/radiorevelacionfm.cl\/index.php?rest_route=\/wp\/v2\/posts\/63542","targetHints":{"allow":["GET"]}}],"collection":[{"href":"https:\/\/radiorevelacionfm.cl\/index.php?rest_route=\/wp\/v2\/posts"}],"about":[{"href":"https:\/\/radiorevelacionfm.cl\/index.php?rest_route=\/wp\/v2\/types\/post"}],"author":[{"embeddable":true,"href":"https:\/\/radiorevelacionfm.cl\/index.php?rest_route=\/wp\/v2\/users\/1"}],"replies":[{"embeddable":true,"href":"https:\/\/radiorevelacionfm.cl\/index.php?rest_route=%2Fwp%2Fv2%2Fcomments&post=63542"}],"version-history":[{"count":2,"href":"https:\/\/radiorevelacionfm.cl\/index.php?rest_route=\/wp\/v2\/posts\/63542\/revisions"}],"predecessor-version":[{"id":63545,"href":"https:\/\/radiorevelacionfm.cl\/index.php?rest_route=\/wp\/v2\/posts\/63542\/revisions\/63545"}],"wp:featuredmedia":[{"embeddable":true,"href":"https:\/\/radiorevelacionfm.cl\/index.php?rest_route=\/wp\/v2\/media\/63543"}],"wp:attachment":[{"href":"https:\/\/radiorevelacionfm.cl\/index.php?rest_route=%2Fwp%2Fv2%2Fmedia&parent=63542"}],"wp:term":[{"taxonomy":"category","embeddable":true,"href":"https:\/\/radiorevelacionfm.cl\/index.php?rest_route=%2Fwp%2Fv2%2Fcategories&post=63542"},{"taxonomy":"post_tag","embeddable":true,"href":"https:\/\/radiorevelacionfm.cl\/index.php?rest_route=%2Fwp%2Fv2%2Ftags&post=63542"}],"curies":[{"name":"wp","href":"https:\/\/api.w.org\/{rel}","templated":true}]}}