{"id":6354,"date":"2021-07-16T17:02:50","date_gmt":"2021-07-16T20:02:50","guid":{"rendered":"https:\/\/radiorevelacionfm.cl\/?p=6354"},"modified":"2021-07-16T17:13:00","modified_gmt":"2021-07-16T20:13:00","slug":"mop-licita-diseno-para-reponer-hogar-de-ancianos-padre-antonio-ronchi","status":"publish","type":"post","link":"https:\/\/radiorevelacionfm.cl\/?p=6354","title":{"rendered":"MOP licita dise\u00f1o para reponer hogar de ancianos Padre Antonio Ronchi"},"content":{"rendered":"<div class=\"flex_column av_one_full  flex_column_div av-zero-column-padding first  avia-builder-el-0  el_before_av_one_full  avia-builder-el-first  \" style='border-radius:0px; '><div  class='avia-image-container  av-styling-    avia-builder-el-1  avia-builder-el-no-sibling  avia-align-center '  itemprop=\"image\" itemscope=\"itemscope\" itemtype=\"https:\/\/schema.org\/ImageObject\"  ><div class='avia-image-container-inner'><div class='avia-image-overlay-wrap'><img decoding=\"async\" class='wp-image-6355 avia-img-lazy-loading-not-6355 avia_image' src=\"https:\/\/radiorevelacionfm.cl\/wp-content\/uploads\/2021\/07\/img_4531-1_optimized.jpg\" alt='' title='img_4531-(1)_optimized' height=\"600\" width=\"1109\"  itemprop=\"thumbnailUrl\" srcset=\"https:\/\/radiorevelacionfm.cl\/wp-content\/uploads\/2021\/07\/img_4531-1_optimized.jpg 1109w, https:\/\/radiorevelacionfm.cl\/wp-content\/uploads\/2021\/07\/img_4531-1_optimized-300x162.jpg 300w, https:\/\/radiorevelacionfm.cl\/wp-content\/uploads\/2021\/07\/img_4531-1_optimized-1030x557.jpg 1030w, https:\/\/radiorevelacionfm.cl\/wp-content\/uploads\/2021\/07\/img_4531-1_optimized-768x416.jpg 768w, https:\/\/radiorevelacionfm.cl\/wp-content\/uploads\/2021\/07\/img_4531-1_optimized-705x381.jpg 705w, https:\/\/radiorevelacionfm.cl\/wp-content\/uploads\/2021\/07\/img_4531-1_optimized-600x325.jpg 600w\" sizes=\"(max-width: 1109px) 100vw, 1109px\" \/><\/div><\/div><\/div><\/div>\n<div class=\"flex_column av_one_full  flex_column_div av-zero-column-padding first  avia-builder-el-2  el_after_av_one_full  el_before_av_one_full  column-top-margin\" style='border-radius:0px; '><section class=\"av_textblock_section \"  itemscope=\"itemscope\" itemtype=\"https:\/\/schema.org\/BlogPosting\" itemprop=\"blogPost\" ><div class='avia_textblock  '   itemprop=\"text\" ><p style=\"text-align: center;\"><strong><span style=\"font-size: 18pt;\">MOP licita dise\u00f1o para reponer hogar de ancianos Padre Antonio Ronchi<\/span><\/strong><\/p>\n<div id=\"gtx-trans\" style=\"position: absolute; left: -50px; top: 4.31534px;\">\n<div class=\"gtx-trans-icon\"><\/div>\n<\/div>\n<\/div><\/section><\/div>\n<div class=\"flex_column av_one_full  flex_column_div av-zero-column-padding first  avia-builder-el-4  el_after_av_one_full  el_before_av_hr  column-top-margin\" style='border-radius:0px; '><section class=\"av_textblock_section \"  itemscope=\"itemscope\" itemtype=\"https:\/\/schema.org\/BlogPosting\" itemprop=\"blogPost\" ><div class='avia_textblock  '   itemprop=\"text\" ><p style=\"text-align: justify;\">El Secretario Regional Ministerial de Obras P\u00fablicas N\u00e9stor Mera Mu\u00f1oz, inform\u00f3 esta semana que comenz\u00f3 el proceso de licitaci\u00f3n del Dise\u00f1o para reponer el Hogar de Ancianos Padre Antonio Ronchi, ubicado en la capital regional Coyhaique.<\/p>\n<p style=\"text-align: justify;\">\u201cEstamos muy contentos porque a trav\u00e9s de nuestra Direcci\u00f3n Regional de Arquitectura como Unidad T\u00e9cnica vamos a generar un Dise\u00f1o para reponer el Hogar de Ancianos Padre Antonio Ronchi, y ya hemos comenzado el proceso de licitaci\u00f3n con la publicaci\u00f3n de la licitaci\u00f3n respectiva. Las ofertas t\u00e9cnicas y econ\u00f3micas se abren el 02 y el 15 de septiembre pr\u00f3ximo y el presupuesto estimado es del orden de los $168 millones provenientes del FNDR, as\u00ed que trabajar con nuestro equipo de Arquitectura en mejorar las condiciones de este inmueble y posibilitar que su capacidad actual aumente a 53 nuevos residentes, es una sentida necesidad que vamos a preocuparnos de materializar al igual que todas las mejoras que realizaremos y que servir\u00e1n tanto para los usuarios externos, como tambi\u00e9n para el personal que atiende las necesidades de nuestros adultos mayores, que son el pilar de nuestra sociedad. Este Dise\u00f1o es parte de las obras incluidas en la Agenda de recuperaci\u00f3n econ\u00f3mica, generar\u00e1 empleos y para nuestro gobierno es fundamental\u201d.<\/p>\n<p style=\"text-align: justify;\">En la regi\u00f3n de Ays\u00e9n solamente existen seis establecimientos que prestan servicio de estad\u00eda para adultos mayores, atendiendo un total de 106 personas a.m. no valentes, quedando una importante cantidad de ellos -120 personas el a\u00f1o 2018- que no pueden optar a \u00a0atenciones especiales dada su condici\u00f3n, por lo tanto \u201cesta iniciativa \u00a0alineada con el plan regi\u00f3n de Ays\u00e9n 2018-2022 en su eje familia y educaci\u00f3n en el \u00e1rea adulto mayor y discapacidad, nos permitir\u00e1 mejorar la oferta, calidad y eficiencia tanto de los servicios de cuidado como de protecci\u00f3n, prevenci\u00f3n, atenci\u00f3n y rehabilitaci\u00f3n de la salud de las personas mayores, establecido en la pol\u00edtica integral de envejecimiento positivo para Chile 2012 \u2013 2025 en el gobierno de nuestro presidente Sebasti\u00e1n Pi\u00f1era\u201d, concluy\u00f3 el SEREMI del MOP.<\/p>\n<\/div><\/section><\/div><div  style='height:50px' class='hr hr-invisible   avia-builder-el-6  el_after_av_one_full  el_before_av_social_share '><span class='hr-inner ' ><span class='hr-inner-style'><\/span><\/span><\/div><\/p>\n<div  class='av-social-sharing-box  avia-builder-el-7  el_after_av_hr  el_before_av_hr  '><div class='av-share-box'><h5 class='av-share-link-description av-no-toc '>Compartir esta noticia<\/h5><ul class='av-share-box-list noLightbox'><li class='av-share-link av-social-link-facebook' ><a target=\"_blank\" aria-label=\"Compartir en Facebook\" href='https:\/\/www.facebook.com\/sharer.php?u=https:\/\/radiorevelacionfm.cl\/?p=6354&#038;t=MOP%20licita%20dise%C3%B1o%20para%20reponer%20hogar%20de%20ancianos%20Padre%20Antonio%20Ronchi' aria-hidden='false' data-av_icon='\ue8f3' data-av_iconfont='entypo-fontello' title='' data-avia-related-tooltip='Compartir en Facebook' rel=\"noopener\"><span class='avia_hidden_link_text'>Compartir en Facebook<\/span><\/a><\/li><li class='av-share-link av-social-link-twitter' ><a target=\"_blank\" aria-label=\"Compartir en Twitter\" href='https:\/\/twitter.com\/share?text=MOP%20licita%20dise%C3%B1o%20para%20reponer%20hogar%20de%20ancianos%20Padre%20Antonio%20Ronchi&#038;url=https:\/\/radiorevelacionfm.cl\/?p=6354' aria-hidden='false' data-av_icon='\ue8f1' data-av_iconfont='entypo-fontello' title='' data-avia-related-tooltip='Compartir en Twitter' rel=\"noopener\"><span class='avia_hidden_link_text'>Compartir en Twitter<\/span><\/a><\/li><li class='av-share-link av-social-link-whatsapp' ><a target=\"_blank\" aria-label=\"Compartir en Whatsapp\" href='https:\/\/api.whatsapp.com\/send?text=https:\/\/radiorevelacionfm.cl\/?p=6354' aria-hidden='false' data-av_icon='\uf232' data-av_iconfont='entypo-fontello' title='' data-avia-related-tooltip='Compartir en Whatsapp' rel=\"noopener\"><span class='avia_hidden_link_text'>Compartir en Whatsapp<\/span><\/a><\/li><li class='av-share-link av-social-link-linkedin' ><a target=\"_blank\" aria-label=\"Compartir en LinkedIn\" href='https:\/\/linkedin.com\/shareArticle?mini=true&#038;title=MOP%20licita%20dise%C3%B1o%20para%20reponer%20hogar%20de%20ancianos%20Padre%20Antonio%20Ronchi&#038;url=https:\/\/radiorevelacionfm.cl\/?p=6354' aria-hidden='false' data-av_icon='\ue8fc' data-av_iconfont='entypo-fontello' title='' data-avia-related-tooltip='Compartir en LinkedIn' rel=\"noopener\"><span class='avia_hidden_link_text'>Compartir en LinkedIn<\/span><\/a><\/li><li class='av-share-link av-social-link-mail' ><a  aria-label=\"Compartir por correo\" href='mailto:?subject=MOP%20licita%20dise%C3%B1o%20para%20reponer%20hogar%20de%20ancianos%20Padre%20Antonio%20Ronchi&#038;body=https:\/\/radiorevelacionfm.cl\/?p=6354' aria-hidden='false' data-av_icon='\ue805' data-av_iconfont='entypo-fontello' title='' data-avia-related-tooltip='Compartir por correo'><span class='avia_hidden_link_text'>Compartir por correo<\/span><\/a><\/li><\/ul><\/div><\/div>\n<div  style='height:50px' class='hr hr-invisible   avia-builder-el-8  el_after_av_social_share  el_before_av_comments_list '><span class='hr-inner ' ><span class='hr-inner-style'><\/span><\/span><\/div>\n<div  class='av-buildercomment  av-blog-meta-html-info-disabled av-blog-meta-tag-disabled  '><\/div>\n","protected":false},"excerpt":{"rendered":"","protected":false},"author":1,"featured_media":6355,"comment_status":"open","ping_status":"open","sticky":false,"template":"","format":"standard","meta":{"footnotes":""},"categories":[38],"tags":[],"class_list":["post-6354","post","type-post","status-publish","format-standard","has-post-thumbnail","hentry","category-regional"],"jetpack_featured_media_url":"https:\/\/radiorevelacionfm.cl\/wp-content\/uploads\/2021\/07\/img_4531-1_optimized.jpg","_links":{"self":[{"href":"https:\/\/radiorevelacionfm.cl\/index.php?rest_route=\/wp\/v2\/posts\/6354","targetHints":{"allow":["GET"]}}],"collection":[{"href":"https:\/\/radiorevelacionfm.cl\/index.php?rest_route=\/wp\/v2\/posts"}],"about":[{"href":"https:\/\/radiorevelacionfm.cl\/index.php?rest_route=\/wp\/v2\/types\/post"}],"author":[{"embeddable":true,"href":"https:\/\/radiorevelacionfm.cl\/index.php?rest_route=\/wp\/v2\/users\/1"}],"replies":[{"embeddable":true,"href":"https:\/\/radiorevelacionfm.cl\/index.php?rest_route=%2Fwp%2Fv2%2Fcomments&post=6354"}],"version-history":[{"count":3,"href":"https:\/\/radiorevelacionfm.cl\/index.php?rest_route=\/wp\/v2\/posts\/6354\/revisions"}],"predecessor-version":[{"id":6374,"href":"https:\/\/radiorevelacionfm.cl\/index.php?rest_route=\/wp\/v2\/posts\/6354\/revisions\/6374"}],"wp:featuredmedia":[{"embeddable":true,"href":"https:\/\/radiorevelacionfm.cl\/index.php?rest_route=\/wp\/v2\/media\/6355"}],"wp:attachment":[{"href":"https:\/\/radiorevelacionfm.cl\/index.php?rest_route=%2Fwp%2Fv2%2Fmedia&parent=6354"}],"wp:term":[{"taxonomy":"category","embeddable":true,"href":"https:\/\/radiorevelacionfm.cl\/index.php?rest_route=%2Fwp%2Fv2%2Fcategories&post=6354"},{"taxonomy":"post_tag","embeddable":true,"href":"https:\/\/radiorevelacionfm.cl\/index.php?rest_route=%2Fwp%2Fv2%2Ftags&post=6354"}],"curies":[{"name":"wp","href":"https:\/\/api.w.org\/{rel}","templated":true}]}}