{"id":63528,"date":"2026-01-21T10:26:51","date_gmt":"2026-01-21T13:26:51","guid":{"rendered":"https:\/\/radiorevelacionfm.cl\/?p=63528"},"modified":"2026-01-21T10:26:51","modified_gmt":"2026-01-21T13:26:51","slug":"municipio-aysenino-apuesta-por-la-proyeccion-del-futbol-nacional-desde-su-comuna","status":"publish","type":"post","link":"https:\/\/radiorevelacionfm.cl\/?p=63528","title":{"rendered":"Municipio aysenino apuesta por la proyecci\u00f3n del f\u00fatbol nacional desde su comuna"},"content":{"rendered":"<div class=\"flex_column av_one_full  flex_column_div av-zero-column-padding first  avia-builder-el-0  el_before_av_one_full  avia-builder-el-first  \" style='border-radius:0px; '><div  class='avia-image-container  av-styling-    avia-builder-el-1  avia-builder-el-no-sibling  avia-align-center '  itemprop=\"image\" itemscope=\"itemscope\" itemtype=\"https:\/\/schema.org\/ImageObject\"  ><div class='avia-image-container-inner'><div class='avia-image-overlay-wrap'><img decoding=\"async\" class='wp-image-63529 avia-img-lazy-loading-not-63529 avia_image' src=\"https:\/\/radiorevelacionfm.cl\/wp-content\/uploads\/2026\/01\/WhatsApp-Image-2026-01-20-at-10.36.54-PM-1-1.jpeg\" alt='' title='WhatsApp Image 2026-01-20 at 10.36.54 PM (1) (1)' height=\"600\" width=\"900\"  itemprop=\"thumbnailUrl\" srcset=\"https:\/\/radiorevelacionfm.cl\/wp-content\/uploads\/2026\/01\/WhatsApp-Image-2026-01-20-at-10.36.54-PM-1-1.jpeg 900w, https:\/\/radiorevelacionfm.cl\/wp-content\/uploads\/2026\/01\/WhatsApp-Image-2026-01-20-at-10.36.54-PM-1-1-300x200.jpeg 300w, https:\/\/radiorevelacionfm.cl\/wp-content\/uploads\/2026\/01\/WhatsApp-Image-2026-01-20-at-10.36.54-PM-1-1-768x512.jpeg 768w, https:\/\/radiorevelacionfm.cl\/wp-content\/uploads\/2026\/01\/WhatsApp-Image-2026-01-20-at-10.36.54-PM-1-1-705x470.jpeg 705w, https:\/\/radiorevelacionfm.cl\/wp-content\/uploads\/2026\/01\/WhatsApp-Image-2026-01-20-at-10.36.54-PM-1-1-450x300.jpeg 450w, https:\/\/radiorevelacionfm.cl\/wp-content\/uploads\/2026\/01\/WhatsApp-Image-2026-01-20-at-10.36.54-PM-1-1-600x400.jpeg 600w\" sizes=\"(max-width: 900px) 100vw, 900px\" \/><\/div><\/div><\/div><\/div><div class=\"flex_column av_one_full  flex_column_div av-zero-column-padding first  avia-builder-el-2  el_after_av_one_full  el_before_av_one_full  column-top-margin\" style='border-radius:0px; '><section class=\"av_textblock_section \"  itemscope=\"itemscope\" itemtype=\"https:\/\/schema.org\/BlogPosting\" itemprop=\"blogPost\" ><div class='avia_textblock  '   itemprop=\"text\" ><p style=\"text-align: center;\"><strong><span style=\"font-size: 18pt;\">Municipio aysenino apuesta por la proyecci\u00f3n del f\u00fatbol nacional desde su comuna<\/span><\/strong><\/p>\n<div id=\"gtx-trans\" style=\"position: absolute; left: -50px; top: 4.31534px;\">\n<div class=\"gtx-trans-icon\"><\/div>\n<\/div>\n<\/div><\/section><\/div><div class=\"flex_column av_one_full  flex_column_div av-zero-column-padding first  avia-builder-el-4  el_after_av_one_full  el_before_av_hr  column-top-margin\" style='border-radius:0px; '><section class=\"av_textblock_section \"  itemscope=\"itemscope\" itemtype=\"https:\/\/schema.org\/BlogPosting\" itemprop=\"blogPost\" ><div class='avia_textblock  '   itemprop=\"text\" ><p style=\"text-align: justify;\"><em><strong>Para la realizaci\u00f3n de este importante campeonato, la municipalidad porte\u00f1a comprometi\u00f3 apoyos en la producci\u00f3n, log\u00edstica y desarrollo de evento, que se traducen en m\u00e1s de 74 millones de pesos.<\/strong><\/em><\/p>\n<p style=\"text-align: justify;\">Todo est\u00e1 listo y dispuesto para la realizaci\u00f3n del Campeonato Nacional S\u00faper Senior Coyhaique &#8211; Puerto Ays\u00e9n, que se extender\u00e1 desde el 22 de enero al 1 de febrero y que cuenta con la organizaci\u00f3n de la Asociaci\u00f3n Nacional de F\u00fatbol Amateur, ANFA; con el apoyo del Gobierno Regional de Ays\u00e9n; y los municipios de Coyhaique y Ays\u00e9n.<\/p>\n<p style=\"text-align: justify;\">Se trata de una instancia in\u00e9dita que albergar\u00e1 a cerca de 400 deportistas, quienes se trasladar\u00e1n desde sus diversas regiones hasta Ays\u00e9n, a trav\u00e9s de las comunas que funcionar\u00e1n como sede y subsede, que en el caso de la comuna aysenina se desarrollar\u00e1 entre los d\u00edas 22 al 26 de enero, y que reunir\u00e1 un total de ocho delegaciones, sumando alrededor de 185 personas.<\/p>\n<p style=\"text-align: justify;\">Es as\u00ed que en Concejo Municipal de Ays\u00e9n vot\u00f3 favorablemente la contrataci\u00f3n del servicio que permitir\u00e1 parte de la producci\u00f3n y el desarrollo de este gran evento. Aporte de 40 millones de pesos que es posible a trav\u00e9s del programa Fortalecimiento Productivo y su componente 1, alusivo a expo tem\u00e1ticas y\/o encuentros deportivos.<\/p>\n<p style=\"text-align: justify;\">Al respecto, esta suma ser\u00e1 destinada, entre otros, a la contrataci\u00f3n de servicio de arbitraje, que significar\u00e1 un total de 8 \u00e1rbitros validados por ANFA para los 16 partidos que se jugar\u00e1n en la comuna aysenina.<\/p>\n<p style=\"text-align: justify;\">Adem\u00e1s, la contrataci\u00f3n de servicio de seguridad, consistente en 8 guardias durante los cinco d\u00edas del evento en la capital comunal que estar\u00e1n destinados a realizar controles de ingreso al estadio, resguardo de \u00e1rbitros y camarines; as\u00ed como 6 guardias a cargo de la vigilancia d\u00eda y noche del recinto en que se alojar\u00e1n las delegaciones deportivas.<\/p>\n<p style=\"text-align: justify;\">As\u00ed mismo, se contratar\u00e1 servicio de ambulancia con dos profesionales de salud, un desfibrilador y una camilla; y servicio de limpieza, para el lugar en que se hospeden los deportistas.<\/p>\n<p style=\"text-align: justify;\">Igualmente, el apoyo del municipio aysenino al campeonato implica hidrataci\u00f3n -768 botellas de agua mineral-, pantalla, escenario modular, audio y los insumos necesarios para una correcta acreditaci\u00f3n para todos los participantes, entre otros.<\/p>\n<p style=\"text-align: justify;\">Previo a ello, el programa de Fortalecimiento Productivo licit\u00f3 un servicio de alimentaci\u00f3n para las casi 200 personas que llegar\u00e1n hasta Ays\u00e9n por los cinco d\u00edas que se extiende el campeonato en Puerto Ays\u00e9n como subsede, por un monto que asciende a los 34 millones de pesos.<\/p>\n<p style=\"text-align: justify;\">Todo, con el objeto de vivir un momento \u00fanico, en esta apuesta que significa poner a disposici\u00f3n la comuna como subsede de esta competencia, contribuyendo as\u00ed al impulso y proyecci\u00f3n al f\u00fatbol nacional desde la regi\u00f3n de Ays\u00e9n.<\/p>\n<p style=\"text-align: justify;\">\u00abEstamos felices de ser parte de este desaf\u00edo, de poder aportar entendiendo que el deporte es una herramienta social\u00bb, indico la primera autoridad aysenina, Luis Mart\u00ednez.<\/p>\n<p style=\"text-align: justify;\">\u00abEsta actividad permitir\u00e1, adem\u00e1s, dinamizar la econom\u00eda y el turismo local, lo que se suma a nuestros esfuerzos durante todo este mes por hacer que nuestra comuna sea un destino, especialmente en el marco de su 98 aniversario\u00bb, agreg\u00f3.<\/p>\n<p style=\"text-align: justify;\">De esta manera, se espera el arribo de las delegaciones, que forman parte del grupo C, liderado por Puerto Ays\u00e9n, como subsede; en esta iniciativa que, sin duda, se traducir\u00e1 en importantes r\u00e9ditos para el comercio local y servicios asociados, as\u00ed como la valorizaci\u00f3n del territorio a trav\u00e9s del deporte como instancia de encuentro comunitario, recreaci\u00f3n y bienestar social.<\/p>\n<\/div><\/section><\/div><div  style='height:50px' class='hr hr-invisible   avia-builder-el-6  el_after_av_one_full  el_before_av_social_share '><span class='hr-inner ' ><span class='hr-inner-style'><\/span><\/span><\/div><\/p>\n<div  class='av-social-sharing-box  avia-builder-el-7  el_after_av_hr  el_before_av_hr  '><div class='av-share-box'><h5 class='av-share-link-description av-no-toc '>Compartir esta noticia<\/h5><ul class='av-share-box-list noLightbox'><li class='av-share-link av-social-link-facebook' ><a target=\"_blank\" aria-label=\"Compartir en Facebook\" href='https:\/\/www.facebook.com\/sharer.php?u=https:\/\/radiorevelacionfm.cl\/?p=63528&#038;t=Municipio%20aysenino%20apuesta%20por%20la%20proyecci%C3%B3n%20del%20f%C3%BAtbol%20nacional%20desde%20su%20comuna' aria-hidden='false' data-av_icon='\ue8f3' data-av_iconfont='entypo-fontello' title='' data-avia-related-tooltip='Compartir en Facebook' rel=\"noopener\"><span class='avia_hidden_link_text'>Compartir en Facebook<\/span><\/a><\/li><li class='av-share-link av-social-link-twitter' ><a target=\"_blank\" aria-label=\"Compartir en Twitter\" href='https:\/\/twitter.com\/share?text=Municipio%20aysenino%20apuesta%20por%20la%20proyecci%C3%B3n%20del%20f%C3%BAtbol%20nacional%20desde%20su%20comuna&#038;url=https:\/\/radiorevelacionfm.cl\/?p=63528' aria-hidden='false' data-av_icon='\ue8f1' data-av_iconfont='entypo-fontello' title='' data-avia-related-tooltip='Compartir en Twitter' rel=\"noopener\"><span class='avia_hidden_link_text'>Compartir en Twitter<\/span><\/a><\/li><li class='av-share-link av-social-link-whatsapp' ><a target=\"_blank\" aria-label=\"Compartir en Whatsapp\" href='https:\/\/api.whatsapp.com\/send?text=https:\/\/radiorevelacionfm.cl\/?p=63528' aria-hidden='false' data-av_icon='\uf232' data-av_iconfont='entypo-fontello' title='' data-avia-related-tooltip='Compartir en Whatsapp' rel=\"noopener\"><span class='avia_hidden_link_text'>Compartir en Whatsapp<\/span><\/a><\/li><li class='av-share-link av-social-link-linkedin' ><a target=\"_blank\" aria-label=\"Compartir en LinkedIn\" href='https:\/\/linkedin.com\/shareArticle?mini=true&#038;title=Municipio%20aysenino%20apuesta%20por%20la%20proyecci%C3%B3n%20del%20f%C3%BAtbol%20nacional%20desde%20su%20comuna&#038;url=https:\/\/radiorevelacionfm.cl\/?p=63528' aria-hidden='false' data-av_icon='\ue8fc' data-av_iconfont='entypo-fontello' title='' data-avia-related-tooltip='Compartir en LinkedIn' rel=\"noopener\"><span class='avia_hidden_link_text'>Compartir en LinkedIn<\/span><\/a><\/li><li class='av-share-link av-social-link-mail' ><a  aria-label=\"Compartir por correo\" href='mailto:?subject=Municipio%20aysenino%20apuesta%20por%20la%20proyecci%C3%B3n%20del%20f%C3%BAtbol%20nacional%20desde%20su%20comuna&#038;body=https:\/\/radiorevelacionfm.cl\/?p=63528' aria-hidden='false' data-av_icon='\ue805' data-av_iconfont='entypo-fontello' title='' data-avia-related-tooltip='Compartir por correo'><span class='avia_hidden_link_text'>Compartir por correo<\/span><\/a><\/li><\/ul><\/div><\/div>\n<div  style='height:50px' class='hr hr-invisible   avia-builder-el-8  el_after_av_social_share  el_before_av_comments_list '><span class='hr-inner ' ><span class='hr-inner-style'><\/span><\/span><\/div>\n<div  class='av-buildercomment  av-blog-meta-html-info-disabled av-blog-meta-tag-disabled  '><\/div>\n","protected":false},"excerpt":{"rendered":"","protected":false},"author":1,"featured_media":63529,"comment_status":"closed","ping_status":"closed","sticky":false,"template":"","format":"standard","meta":{"footnotes":""},"categories":[40],"tags":[],"class_list":["post-63528","post","type-post","status-publish","format-standard","has-post-thumbnail","hentry","category-deportes"],"jetpack_featured_media_url":"https:\/\/radiorevelacionfm.cl\/wp-content\/uploads\/2026\/01\/WhatsApp-Image-2026-01-20-at-10.36.54-PM-1-1.jpeg","_links":{"self":[{"href":"https:\/\/radiorevelacionfm.cl\/index.php?rest_route=\/wp\/v2\/posts\/63528","targetHints":{"allow":["GET"]}}],"collection":[{"href":"https:\/\/radiorevelacionfm.cl\/index.php?rest_route=\/wp\/v2\/posts"}],"about":[{"href":"https:\/\/radiorevelacionfm.cl\/index.php?rest_route=\/wp\/v2\/types\/post"}],"author":[{"embeddable":true,"href":"https:\/\/radiorevelacionfm.cl\/index.php?rest_route=\/wp\/v2\/users\/1"}],"replies":[{"embeddable":true,"href":"https:\/\/radiorevelacionfm.cl\/index.php?rest_route=%2Fwp%2Fv2%2Fcomments&post=63528"}],"version-history":[{"count":2,"href":"https:\/\/radiorevelacionfm.cl\/index.php?rest_route=\/wp\/v2\/posts\/63528\/revisions"}],"predecessor-version":[{"id":63531,"href":"https:\/\/radiorevelacionfm.cl\/index.php?rest_route=\/wp\/v2\/posts\/63528\/revisions\/63531"}],"wp:featuredmedia":[{"embeddable":true,"href":"https:\/\/radiorevelacionfm.cl\/index.php?rest_route=\/wp\/v2\/media\/63529"}],"wp:attachment":[{"href":"https:\/\/radiorevelacionfm.cl\/index.php?rest_route=%2Fwp%2Fv2%2Fmedia&parent=63528"}],"wp:term":[{"taxonomy":"category","embeddable":true,"href":"https:\/\/radiorevelacionfm.cl\/index.php?rest_route=%2Fwp%2Fv2%2Fcategories&post=63528"},{"taxonomy":"post_tag","embeddable":true,"href":"https:\/\/radiorevelacionfm.cl\/index.php?rest_route=%2Fwp%2Fv2%2Ftags&post=63528"}],"curies":[{"name":"wp","href":"https:\/\/api.w.org\/{rel}","templated":true}]}}