{"id":63524,"date":"2026-01-21T15:39:13","date_gmt":"2026-01-21T18:39:13","guid":{"rendered":"https:\/\/radiorevelacionfm.cl\/?p=63524"},"modified":"2026-01-21T15:39:13","modified_gmt":"2026-01-21T18:39:13","slug":"permite-a-los-jovenes-recuperar-dinero-pagado-anticipadamente-informan-como-ejercer-el-derecho-a-retracto-en-la-educacion-superior","status":"publish","type":"post","link":"https:\/\/radiorevelacionfm.cl\/?p=63524","title":{"rendered":"Permite a los j\u00f3venes recuperar dinero pagado anticipadamente: informan c\u00f3mo ejercer el derecho a retracto en la educaci\u00f3n superior"},"content":{"rendered":"<div class=\"flex_column av_one_full  flex_column_div av-zero-column-padding first  avia-builder-el-0  el_before_av_one_full  avia-builder-el-first  \" style='border-radius:0px; '><div  class='avia-image-container  av-styling-    avia-builder-el-1  avia-builder-el-no-sibling  avia-align-center '  itemprop=\"image\" itemscope=\"itemscope\" itemtype=\"https:\/\/schema.org\/ImageObject\"  ><div class='avia-image-container-inner'><div class='avia-image-overlay-wrap'><img decoding=\"async\" class='wp-image-63525 avia-img-lazy-loading-not-63525 avia_image' src=\"https:\/\/radiorevelacionfm.cl\/wp-content\/uploads\/2026\/01\/sernac-grafica-retracto-1_optimized.jpg\" alt='' title='sernac-gr\u00e1fica-retracto-(1)_optimized' height=\"600\" width=\"900\"  itemprop=\"thumbnailUrl\" srcset=\"https:\/\/radiorevelacionfm.cl\/wp-content\/uploads\/2026\/01\/sernac-grafica-retracto-1_optimized.jpg 900w, https:\/\/radiorevelacionfm.cl\/wp-content\/uploads\/2026\/01\/sernac-grafica-retracto-1_optimized-300x200.jpg 300w, https:\/\/radiorevelacionfm.cl\/wp-content\/uploads\/2026\/01\/sernac-grafica-retracto-1_optimized-768x512.jpg 768w, https:\/\/radiorevelacionfm.cl\/wp-content\/uploads\/2026\/01\/sernac-grafica-retracto-1_optimized-705x470.jpg 705w, https:\/\/radiorevelacionfm.cl\/wp-content\/uploads\/2026\/01\/sernac-grafica-retracto-1_optimized-450x300.jpg 450w, https:\/\/radiorevelacionfm.cl\/wp-content\/uploads\/2026\/01\/sernac-grafica-retracto-1_optimized-600x400.jpg 600w\" sizes=\"(max-width: 900px) 100vw, 900px\" \/><\/div><\/div><\/div><\/div><div class=\"flex_column av_one_full  flex_column_div av-zero-column-padding first  avia-builder-el-2  el_after_av_one_full  el_before_av_one_full  column-top-margin\" style='border-radius:0px; '><section class=\"av_textblock_section \"  itemscope=\"itemscope\" itemtype=\"https:\/\/schema.org\/BlogPosting\" itemprop=\"blogPost\" ><div class='avia_textblock  '   itemprop=\"text\" ><p style=\"text-align: center;\"><strong><span style=\"font-size: 18pt;\">Permite a los j\u00f3venes recuperar dinero pagado anticipadamente: informan c\u00f3mo ejercer el derecho a retracto en la educaci\u00f3n superior<\/span><\/strong><\/p>\n<div id=\"gtx-trans\" style=\"position: absolute; left: -50px; top: 4.31534px;\">\n<div class=\"gtx-trans-icon\"><\/div>\n<\/div>\n<\/div><\/section><\/div><div class=\"flex_column av_one_full  flex_column_div av-zero-column-padding first  avia-builder-el-4  el_after_av_one_full  el_before_av_hr  column-top-margin\" style='border-radius:0px; '><section class=\"av_textblock_section \"  itemscope=\"itemscope\" itemtype=\"https:\/\/schema.org\/BlogPosting\" itemprop=\"blogPost\" ><div class='avia_textblock  '   itemprop=\"text\" ><ul>\n<li style=\"text-align: justify;\"><strong>El retracto beneficia a los estudiantes de primer a\u00f1o que se matricularon<\/strong><strong> tempranamente en alguna instituci\u00f3n de educaci\u00f3n superior y quieran cambiarse tras conocer los resultados de las postulaciones al Sistema de Acceso a la Educaci\u00f3n Superior.<\/strong><\/li>\n<li style=\"text-align: justify;\"><strong>Los estudiantes tienen un plazo de 10 d\u00edas corridos para ejercer este derecho. Este a\u00f1o comienza a regir a partir de este martes 20 de enero y se extender\u00e1 hasta el jueves 29.<\/strong><\/li>\n<li style=\"text-align: justify;\"><strong>Para ejercer el retracto, los alumnos deben presentar el comprobante de la segunda matr\u00edcula e idealmente una carta de retracto, formato que se encuentra disponible en <\/strong><a href=\"http:\/\/www.sernac.cl\/retracto\"><strong>sernac.cl\/retracto<\/strong><\/a><strong>y en <\/strong><a href=\"http:\/\/www.sesuperior.cl\"><strong>www.sesuperior.cl<\/strong><\/a><strong>.<\/strong><\/li>\n<li style=\"text-align: justify;\"><strong>Durante el a\u00f1o 2025, el SERNAC y la SES recibieron alrededor de 7 mil reclamos en contra de instituciones de educaci\u00f3n superior, casi 300 de ellos fueron por incumplimientos al derecho a retracto.<\/strong><\/li>\n<\/ul>\n<p style=\"text-align: justify;\">El Servicio Nacional del Consumidor (SERNAC) y la Superintendencia de Educaci\u00f3n Superior (SES) informaron que <strong>desde este martes 20 de enero y hasta el pr\u00f3ximo jueves 29 de enero<\/strong> rige el plazo para que los estudiantes que ingresan a la educaci\u00f3n superior puedan ejercer <strong>el derecho a retracto<\/strong> establecido en la Ley del Consumidor (LPC).<\/p>\n<p style=\"text-align: justify;\">Este derecho beneficia a los <strong>j\u00f3venes que ingresan a primer a\u00f1o de una carrera de pregrado de una universidad, centro de formaci\u00f3n t\u00e9cnica o instituto profesional<\/strong>, que se hayan matriculado anticipadamente en otra instituci\u00f3n y que quieran cambiarse luego de conocer los resultados de las postulaciones a las instituciones que forman parte del <strong>Sistema de Acceso a la Educaci\u00f3n Superior<\/strong>, permiti\u00e9ndoles <strong>recuperar el dinero pagado<\/strong>.<\/p>\n<p style=\"text-align: justify;\">La Ley establece que los estudiantes tienen un <strong>plazo de 10 d\u00edas corridos para ejercer el derecho a retracto <\/strong>desde que se completa la primera publicaci\u00f3n de los resultados de las postulaciones y deben acreditar, ante la instituci\u00f3n respecto de la cual se ejerce esta facultad, encontrarse matriculado en otra entidad de educaci\u00f3n superior, <strong>lo que podr\u00e1n hacer s\u00f3lo desde este 20 de enero<\/strong>, fecha de inicio de las matr\u00edculas para las universidades pertenecientes al Consejo de Rectores.<\/p>\n<p style=\"text-align: justify;\"><strong>\u00bfC\u00f3mo ejercer el derecho a retracto?<\/strong><\/p>\n<p style=\"text-align: justify;\">Para ejercer el derecho a retracto, los estudiantes deben presentar ante la instituci\u00f3n que se matricularon originalmente, el <strong>comprobante de la segunda matr\u00edcula, <\/strong>junto a una <strong>fotograf\u00eda de la c\u00e9dula de identidad vigente por ambos lados<\/strong>, e idealmente una <strong>carta de retracto<\/strong>, disponible en <a href=\"http:\/\/www.sernac.cl\/retracto\">www.sernac.cl\/retracto<\/a>.<\/p>\n<p style=\"text-align: justify;\">La Directora Nacional (S) del SERNAC, Carolina Gonz\u00e1lez, explic\u00f3 que \u201ceste derecho tiene como objetivo resguardar a los j\u00f3venes que se matriculan anticipadamente para asegurar un cupo, pudiendo recuperar el dinero si deciden estudiar en una segunda instituci\u00f3n de educaci\u00f3n superior tras los resultados de la Prueba de Acceso a la Educaci\u00f3n Superior\u201d.<\/p>\n<p style=\"text-align: justify;\">Por su parte, el Superintendente de Educaci\u00f3n Superior (SES), Jos\u00e9 Miguel Salazar, explic\u00f3 que el derecho a retracto es una herramienta fundamental para resguardar la libertad de elecci\u00f3n de las y los estudiantes que ingresan por primera vez a la educaci\u00f3n superior.<\/p>\n<p style=\"text-align: justify;\">\u201cEste mecanismo les permite desistir de un contrato previamente firmado y optar por la instituci\u00f3n en la que finalmente fueron seleccionados, una vez conocidos los resultados del proceso de admisi\u00f3n. Hacemos un llamado a todas las universidades, institutos profesionales y centros de formaci\u00f3n t\u00e9cnica a respetar estrictamente la normativa vigente, facilitando los tr\u00e1mites y realizando las devoluciones que correspondan dentro de los plazos establecidos\u201d, agreg\u00f3 Salazar.<\/p>\n<p style=\"text-align: justify;\">Para asegurar que las instituciones de educaci\u00f3n superior respeten el derecho a retracto, <strong>el SERNAC y la SES estar\u00e1n monitoreando de manera conjunta el comportamiento<\/strong>, en el marco del convenio de colaboraci\u00f3n vigente entre ambos organismos estatales.<\/p>\n<p style=\"text-align: justify;\"><strong>\u00bfQu\u00e9 implica el derecho a retracto?<\/strong><\/p>\n<ul style=\"text-align: justify;\">\n<li>El retracto puede ser ejercido por los estudiantes matriculados para el a\u00f1o 2026, o quien hizo efectivo el pago en su representaci\u00f3n, no importando el tiempo transcurrido previo a la publicaci\u00f3n de los resultados del sistema de acceso.<\/li>\n<li>La instituci\u00f3n de educaci\u00f3n superior debe <strong>devolver lo pagado por la matr\u00edcula y la documentaci\u00f3n que respalda el pago del a\u00f1o dentro del plazo de 10 d\u00edas corridos <\/strong>desde que el alumno ejerci\u00f3 el derecho de retracto.<\/li>\n<li><strong>La casa de estudios s\u00f3lo podr\u00e1 retener de lo pagado un monto que no podr\u00e1 exceder el 1% del arancel anual de la carrera por concepto de costos de administraci\u00f3n.<\/strong><\/li>\n<\/ul>\n<p style=\"text-align: justify;\">Adicionalmente, <strong>mientras est\u00e9 vigente el plazo de retracto<\/strong>, <strong>las instituciones de educaci\u00f3n superior no pueden negociar los documentos que han recibido<\/strong>, en respaldo del per\u00edodo educacional respectivo.<\/p>\n<p style=\"text-align: justify;\">Es decir, la documentaci\u00f3n <strong>no puede ser objeto de una operaci\u00f3n de factoring<\/strong>; <strong>no pueden ser endosados o dados en garant\u00eda<\/strong>; <strong>tampoco entregarlos en comisi\u00f3n de cobranza<\/strong>; ni realizar ninguna otra operaci\u00f3n semejante.<\/p>\n<p style=\"text-align: justify;\"><strong>Paso a paso para ejercer el derecho a retracto<\/strong><\/p>\n<ul style=\"text-align: justify;\">\n<li>El primer paso es presentar el comprobante de la segunda matr\u00edcula ante la instituci\u00f3n con la que originalmente se matricul\u00f3.<\/li>\n<li>Acompa\u00f1ar el comprobante de la segunda matr\u00edcula, idealmente con una carta, en la que se manifiesta que se quiere ejercer el derecho a retracto donde quede bien clara la fecha. Los usuarios pueden acceder a un formato de carta visitando <a href=\"http:\/\/www.sernac.cl\/retracto\"><strong>sernac.cl\/retracto<\/strong><\/a> o en el sitio web <a href=\"http:\/\/www.sesuperior.cl\"><strong>www.sesuperior.cl<\/strong><\/a><\/li>\n<li>Pedirle a la instituci\u00f3n que timbre o firme una copia de la carta de manera que quede constancia de la fecha en la que se hizo efectivo el derecho, por si hay problemas posteriores.<\/li>\n<li>Si luego de transcurridos 10 d\u00edas corridos de este tr\u00e1mite no se ha recibido la devoluci\u00f3n del dinero o la confirmaci\u00f3n de la anulaci\u00f3n del contrato, se podr\u00eda estar en presencia de una infracci\u00f3n a la Ley del Consumidor.<\/li>\n<li><strong>Si alguna instituci\u00f3n no respeta este derecho<\/strong>, los estudiantes pueden <strong>presentar el reclamo en el SERNAC<\/strong> en <strong><u>sernac.cl<\/u><\/strong> o <strong>llamando gratis al 800 700 100<\/strong> o ante la SES en <strong><u>www.sesuperior.cl.<\/u><\/strong><\/li>\n<li>En caso de dudas, tanto <strong>el SERNAC como la SES cuentan en sus respectivos sitios web <\/strong>con toda la informaci\u00f3n sobre el derecho a retracto y c\u00f3mo ejercerlo correctamente.<\/li>\n<\/ul>\n<p style=\"text-align: justify;\"><strong>\u00bfQu\u00e9 reclaman los estudiantes?<\/strong><\/p>\n<p style=\"text-align: justify;\">Durante el a\u00f1o 2025, <strong>el SERNAC y la SES recibieron alrededor de 7 mil<\/strong> reclamos en contra de instituciones de educaci\u00f3n superior, lo que represent\u00f3 un aumento de casi un 16% respecto del a\u00f1o 2024, cuando ambas instituciones sumaron alrededor de 6 mil casos.<\/p>\n<p style=\"text-align: justify;\">Al analizar los motivos de los reclamos, en el caso del SERNAC, las personas reclamaron principalmente por problemas en las formalidades del contrato (38%), por ejemplo, cambio de mallas, fallas en plataformas y demoras en la entrega de t\u00edtulos, entre otros.<\/p>\n<p style=\"text-align: justify;\">En segundo lugar, las personas acudieron al Servicio por dificultades para poner t\u00e9rmino al contrato (17%), y por cobros superiores a los informados (9,4%)<\/p>\n<p style=\"text-align: justify;\">En el caso de la SES, las personas reclamaron por progresiones acad\u00e9micas (43%), referido a materias que interfieren con el avance de los estudiantes en sus respectivos planes de estudio, adem\u00e1s de tem\u00e1ticas financieras (38%) y antecedentes acad\u00e9micos (6%).<\/p>\n<p style=\"text-align: justify;\"><strong>Reclamos por derecho a retracto<\/strong><\/p>\n<p style=\"text-align: justify;\">En el caso del derecho a retracto, el SERNAC y la SES recibieron conjuntamente el a\u00f1o pasado 298 reclamos, mientras que en 2024 sumaron 240 casos, es decir, se registr\u00f3 un aumento de un 24%.<\/p>\n<p style=\"text-align: justify;\">Los consumidores reclaman principalmente debido a que las entidades educacionales no gestionan la solicitud de retracto en plazo y por negarse a devolver el dinero y\/o documentos.<\/p>\n<p style=\"text-align: justify;\">Finalmente, se destaca que el SERNAC y la SES se encuentran trabajando en conjunto para fortalecer la alianza estrat\u00e9gica de asistencia rec\u00edproca en la recepci\u00f3n, canalizaci\u00f3n y derivaci\u00f3n de consultas y reclamos que permitir\u00e1 fortalecer la coordinaci\u00f3n interinstitucional en la atenci\u00f3n, derivaci\u00f3n y resoluci\u00f3n de reclamos de estudiantes. La visi\u00f3n y acci\u00f3n conjunta de ambos organismos fiscalizadores busca incentivar a las instituciones a resolver controversias de manera oportuna, reforzando la tutela tanto individual como colectiva de la educaci\u00f3n superior.<\/p>\n<\/div><\/section><\/div><div  style='height:50px' class='hr hr-invisible   avia-builder-el-6  el_after_av_one_full  el_before_av_social_share '><span class='hr-inner ' ><span class='hr-inner-style'><\/span><\/span><\/div><\/p>\n<div  class='av-social-sharing-box  avia-builder-el-7  el_after_av_hr  el_before_av_hr  '><div class='av-share-box'><h5 class='av-share-link-description av-no-toc '>Compartir esta noticia<\/h5><ul class='av-share-box-list noLightbox'><li class='av-share-link av-social-link-facebook' ><a target=\"_blank\" aria-label=\"Compartir en Facebook\" href='https:\/\/www.facebook.com\/sharer.php?u=https:\/\/radiorevelacionfm.cl\/?p=63524&#038;t=Permite%20a%20los%20j%C3%B3venes%20recuperar%20dinero%20pagado%20anticipadamente%3A%20informan%20c%C3%B3mo%20ejercer%20el%20derecho%20a%20retracto%20en%20la%20educaci%C3%B3n%20superior' aria-hidden='false' data-av_icon='\ue8f3' data-av_iconfont='entypo-fontello' title='' data-avia-related-tooltip='Compartir en Facebook' rel=\"noopener\"><span class='avia_hidden_link_text'>Compartir en Facebook<\/span><\/a><\/li><li class='av-share-link av-social-link-twitter' ><a target=\"_blank\" aria-label=\"Compartir en Twitter\" href='https:\/\/twitter.com\/share?text=Permite%20a%20los%20j%C3%B3venes%20recuperar%20dinero%20pagado%20anticipadamente%3A%20informan%20c%C3%B3mo%20ejercer%20el%20derecho%20a%20retracto%20en%20la%20educaci%C3%B3n%20superior&#038;url=https:\/\/radiorevelacionfm.cl\/?p=63524' aria-hidden='false' data-av_icon='\ue8f1' data-av_iconfont='entypo-fontello' title='' data-avia-related-tooltip='Compartir en Twitter' rel=\"noopener\"><span class='avia_hidden_link_text'>Compartir en Twitter<\/span><\/a><\/li><li class='av-share-link av-social-link-whatsapp' ><a target=\"_blank\" aria-label=\"Compartir en Whatsapp\" href='https:\/\/api.whatsapp.com\/send?text=https:\/\/radiorevelacionfm.cl\/?p=63524' aria-hidden='false' data-av_icon='\uf232' data-av_iconfont='entypo-fontello' title='' data-avia-related-tooltip='Compartir en Whatsapp' rel=\"noopener\"><span class='avia_hidden_link_text'>Compartir en Whatsapp<\/span><\/a><\/li><li class='av-share-link av-social-link-linkedin' ><a target=\"_blank\" aria-label=\"Compartir en LinkedIn\" href='https:\/\/linkedin.com\/shareArticle?mini=true&#038;title=Permite%20a%20los%20j%C3%B3venes%20recuperar%20dinero%20pagado%20anticipadamente%3A%20informan%20c%C3%B3mo%20ejercer%20el%20derecho%20a%20retracto%20en%20la%20educaci%C3%B3n%20superior&#038;url=https:\/\/radiorevelacionfm.cl\/?p=63524' aria-hidden='false' data-av_icon='\ue8fc' data-av_iconfont='entypo-fontello' title='' data-avia-related-tooltip='Compartir en LinkedIn' rel=\"noopener\"><span class='avia_hidden_link_text'>Compartir en LinkedIn<\/span><\/a><\/li><li class='av-share-link av-social-link-mail' ><a  aria-label=\"Compartir por correo\" href='mailto:?subject=Permite%20a%20los%20j%C3%B3venes%20recuperar%20dinero%20pagado%20anticipadamente%3A%20informan%20c%C3%B3mo%20ejercer%20el%20derecho%20a%20retracto%20en%20la%20educaci%C3%B3n%20superior&#038;body=https:\/\/radiorevelacionfm.cl\/?p=63524' aria-hidden='false' data-av_icon='\ue805' data-av_iconfont='entypo-fontello' title='' data-avia-related-tooltip='Compartir por correo'><span class='avia_hidden_link_text'>Compartir por correo<\/span><\/a><\/li><\/ul><\/div><\/div>\n<div  style='height:50px' class='hr hr-invisible   avia-builder-el-8  el_after_av_social_share  el_before_av_comments_list '><span class='hr-inner ' ><span class='hr-inner-style'><\/span><\/span><\/div>\n<div  class='av-buildercomment  av-blog-meta-html-info-disabled av-blog-meta-tag-disabled  '><\/div>\n","protected":false},"excerpt":{"rendered":"","protected":false},"author":1,"featured_media":63525,"comment_status":"closed","ping_status":"closed","sticky":false,"template":"","format":"standard","meta":{"footnotes":""},"categories":[61],"tags":[],"class_list":["post-63524","post","type-post","status-publish","format-standard","has-post-thumbnail","hentry","category-nacional"],"jetpack_featured_media_url":"https:\/\/radiorevelacionfm.cl\/wp-content\/uploads\/2026\/01\/sernac-grafica-retracto-1_optimized.jpg","_links":{"self":[{"href":"https:\/\/radiorevelacionfm.cl\/index.php?rest_route=\/wp\/v2\/posts\/63524","targetHints":{"allow":["GET"]}}],"collection":[{"href":"https:\/\/radiorevelacionfm.cl\/index.php?rest_route=\/wp\/v2\/posts"}],"about":[{"href":"https:\/\/radiorevelacionfm.cl\/index.php?rest_route=\/wp\/v2\/types\/post"}],"author":[{"embeddable":true,"href":"https:\/\/radiorevelacionfm.cl\/index.php?rest_route=\/wp\/v2\/users\/1"}],"replies":[{"embeddable":true,"href":"https:\/\/radiorevelacionfm.cl\/index.php?rest_route=%2Fwp%2Fv2%2Fcomments&post=63524"}],"version-history":[{"count":2,"href":"https:\/\/radiorevelacionfm.cl\/index.php?rest_route=\/wp\/v2\/posts\/63524\/revisions"}],"predecessor-version":[{"id":63537,"href":"https:\/\/radiorevelacionfm.cl\/index.php?rest_route=\/wp\/v2\/posts\/63524\/revisions\/63537"}],"wp:featuredmedia":[{"embeddable":true,"href":"https:\/\/radiorevelacionfm.cl\/index.php?rest_route=\/wp\/v2\/media\/63525"}],"wp:attachment":[{"href":"https:\/\/radiorevelacionfm.cl\/index.php?rest_route=%2Fwp%2Fv2%2Fmedia&parent=63524"}],"wp:term":[{"taxonomy":"category","embeddable":true,"href":"https:\/\/radiorevelacionfm.cl\/index.php?rest_route=%2Fwp%2Fv2%2Fcategories&post=63524"},{"taxonomy":"post_tag","embeddable":true,"href":"https:\/\/radiorevelacionfm.cl\/index.php?rest_route=%2Fwp%2Fv2%2Ftags&post=63524"}],"curies":[{"name":"wp","href":"https:\/\/api.w.org\/{rel}","templated":true}]}}