{"id":63520,"date":"2026-01-20T21:15:28","date_gmt":"2026-01-21T00:15:28","guid":{"rendered":"https:\/\/radiorevelacionfm.cl\/?p=63520"},"modified":"2026-01-20T21:15:28","modified_gmt":"2026-01-21T00:15:28","slug":"pareja-de-valle-simpson-hace-historia-en-olmue-y-lleva-por-primera-vez-la-cueca-de-aysen-al-festival-del-huaso","status":"publish","type":"post","link":"https:\/\/radiorevelacionfm.cl\/?p=63520","title":{"rendered":"Pareja de Valle Simpson hace historia en Olmu\u00e9 y lleva por primera vez la cueca de Ays\u00e9n al Festival del Huaso"},"content":{"rendered":"<div class=\"flex_column av_one_full  flex_column_div av-zero-column-padding first  avia-builder-el-0  el_before_av_one_full  avia-builder-el-first  \" style='border-radius:0px; '><div  class='avia-image-container  av-styling-    avia-builder-el-1  avia-builder-el-no-sibling  avia-align-center '  itemprop=\"image\" itemscope=\"itemscope\" itemtype=\"https:\/\/schema.org\/ImageObject\"  ><div class='avia-image-container-inner'><div class='avia-image-overlay-wrap'><img decoding=\"async\" class='wp-image-63521 avia-img-lazy-loading-not-63521 avia_image' src=\"https:\/\/radiorevelacionfm.cl\/wp-content\/uploads\/2026\/01\/001-8-1_optimized-1.jpeg\" alt='' title='001-(8)-(1)_optimized (1)' height=\"600\" width=\"1067\"  itemprop=\"thumbnailUrl\" srcset=\"https:\/\/radiorevelacionfm.cl\/wp-content\/uploads\/2026\/01\/001-8-1_optimized-1.jpeg 1067w, https:\/\/radiorevelacionfm.cl\/wp-content\/uploads\/2026\/01\/001-8-1_optimized-1-300x169.jpeg 300w, https:\/\/radiorevelacionfm.cl\/wp-content\/uploads\/2026\/01\/001-8-1_optimized-1-1030x579.jpeg 1030w, https:\/\/radiorevelacionfm.cl\/wp-content\/uploads\/2026\/01\/001-8-1_optimized-1-768x432.jpeg 768w, https:\/\/radiorevelacionfm.cl\/wp-content\/uploads\/2026\/01\/001-8-1_optimized-1-705x396.jpeg 705w, https:\/\/radiorevelacionfm.cl\/wp-content\/uploads\/2026\/01\/001-8-1_optimized-1-450x253.jpeg 450w, https:\/\/radiorevelacionfm.cl\/wp-content\/uploads\/2026\/01\/001-8-1_optimized-1-600x337.jpeg 600w\" sizes=\"(max-width: 1067px) 100vw, 1067px\" \/><\/div><\/div><\/div><\/div><div class=\"flex_column av_one_full  flex_column_div av-zero-column-padding first  avia-builder-el-2  el_after_av_one_full  el_before_av_one_full  column-top-margin\" style='border-radius:0px; '><section class=\"av_textblock_section \"  itemscope=\"itemscope\" itemtype=\"https:\/\/schema.org\/BlogPosting\" itemprop=\"blogPost\" ><div class='avia_textblock  '   itemprop=\"text\" ><p style=\"text-align: center;\"><strong><span style=\"font-size: 18pt;\">Pareja de Valle Simpson hace historia en Olmu\u00e9 y lleva por primera vez la cueca de Ays\u00e9n al Festival del Huaso<\/span><\/strong><\/p>\n<h2 dir=\"ltr\"><\/h2>\n<div id=\"gtx-trans\" style=\"position: absolute; left: -50px; top: 4.31534px;\">\n<div class=\"gtx-trans-icon\"><\/div>\n<\/div>\n<\/div><\/section><\/div><div class=\"flex_column av_one_full  flex_column_div av-zero-column-padding first  avia-builder-el-4  el_after_av_one_full  el_before_av_hr  column-top-margin\" style='border-radius:0px; '><section class=\"av_textblock_section \"  itemscope=\"itemscope\" itemtype=\"https:\/\/schema.org\/BlogPosting\" itemprop=\"blogPost\" ><div class='avia_textblock  '   itemprop=\"text\" ><p style=\"text-align: justify;\"><em>Un hecho hist\u00f3rico y motivo de orgullo para la Regi\u00f3n de Ays\u00e9n se concret\u00f3 este fin de semana en el Festival del Huaso de Olmu\u00e9, uno de los cert\u00e1menes folcl\u00f3ricos m\u00e1s importantes y tradicionales de Chile, con d\u00e9cadas de trayectoria y transmisi\u00f3n nacional por TVN.<\/em><\/p>\n<p style=\"text-align: justify;\">Por primera vez, una pareja de cueca de la regi\u00f3n fue parte oficial de la obertura del festival, luego de ser seleccionada en la Muestra Nacional de Cultores de Olmu\u00e9. Los representantes regionales fueron Claudia Rojas y Bercio Cid, de Valle Simpson, comuna de Coyhaique, quienes interpretaron la cueca representativa de la Regi\u00f3n de Ays\u00e9n, marcando un hito para la cultura patag\u00f3nica.<\/p>\n<p style=\"text-align: justify;\">Tras su presentaci\u00f3n, Claudia Rojas destac\u00f3 la emoci\u00f3n que signific\u00f3 este logro. \u201cEs un orgullo enorme para nosotros y para toda la regi\u00f3n. No tenemos palabras para agradecer a toda la gente que nos apoy\u00f3. Esto se lo dedicamos especialmente a nuestra gente de Valle Simpson, porque ellos siempre estuvieron detr\u00e1s, alent\u00e1ndonos y creyendo en nosotros\u201d, se\u00f1al\u00f3.<\/p>\n<p style=\"text-align: justify;\">Por su parte, Bercio Cid subray\u00f3 el valor simb\u00f3lico de esta instancia. \u201cRepresentar a Ays\u00e9n en un festival con tanta historia es algo que emociona profundamente. Sentimos que llevamos a todo un territorio al escenario. Este logro no es solo nuestro, es de todos los cultores de la regi\u00f3n\u201d, expres\u00f3.<\/p>\n<p style=\"text-align: justify;\">La delegaci\u00f3n regional estuvo encabezada por el delegado regional de la Muestra Nacional de Cultores, Fredy Ulloa, quien valor\u00f3 este resultado como una se\u00f1al de avance cultural. \u201cEs fundamental seguir fomentando estas instancias. La Muestra Nacional de Cultores y el Festival de Olmu\u00e9 permiten visibilizar el trabajo que se realiza en regiones y proyectar nuestra identidad. Ays\u00e9n tiene mucho que mostrar y este hito confirma que vamos por el camino correcto\u201d, indic\u00f3.<\/p>\n<p style=\"text-align: justify;\">Finalmente, se destac\u00f3 el apoyo que hizo posible esta participaci\u00f3n. El concejal de Coyhaique, Sebasti\u00e1n Vera, quien acompa\u00f1\u00f3 a la delegaci\u00f3n en Olmu\u00e9, se\u00f1al\u00f3 que \u201ccomo municipio, y en el marco de acuerdos del concejo municipal junto al alcalde, se ha impulsado el apoyo a distintas parejas que representan a la comuna en diversas instancias, y una de ellas fue colaborar para que Claudia y Bercio pudieran viajar y estar presentes en un escenario tan relevante. Estas son las acciones que le dan sentido al trabajo p\u00fablico, cuando se orienta a fortalecer nuestra cultura y el orgullo de nuestra gente\u201d.<\/p>\n<p style=\"text-align: justify;\">La participaci\u00f3n de Claudia Rojas y Bercio Cid queda marcada como un hito para la Regi\u00f3n de Ays\u00e9n, abriendo nuevas oportunidades para que los cultores locales sigan proyectando la identidad regional en escenarios nacionales.<\/p>\n<\/div><\/section><\/div><div  style='height:50px' class='hr hr-invisible   avia-builder-el-6  el_after_av_one_full  el_before_av_social_share '><span class='hr-inner ' ><span class='hr-inner-style'><\/span><\/span><\/div><\/p>\n<div  class='av-social-sharing-box  avia-builder-el-7  el_after_av_hr  el_before_av_hr  '><div class='av-share-box'><h5 class='av-share-link-description av-no-toc '>Compartir esta noticia<\/h5><ul class='av-share-box-list noLightbox'><li class='av-share-link av-social-link-facebook' ><a target=\"_blank\" aria-label=\"Compartir en Facebook\" href='https:\/\/www.facebook.com\/sharer.php?u=https:\/\/radiorevelacionfm.cl\/?p=63520&#038;t=Pareja%20de%20Valle%20Simpson%20hace%20historia%20en%20Olmu%C3%A9%20y%20lleva%20por%20primera%20vez%20la%20cueca%20de%20Ays%C3%A9n%20al%20Festival%20del%20Huaso' aria-hidden='false' data-av_icon='\ue8f3' data-av_iconfont='entypo-fontello' title='' data-avia-related-tooltip='Compartir en Facebook' rel=\"noopener\"><span class='avia_hidden_link_text'>Compartir en Facebook<\/span><\/a><\/li><li class='av-share-link av-social-link-twitter' ><a target=\"_blank\" aria-label=\"Compartir en Twitter\" href='https:\/\/twitter.com\/share?text=Pareja%20de%20Valle%20Simpson%20hace%20historia%20en%20Olmu%C3%A9%20y%20lleva%20por%20primera%20vez%20la%20cueca%20de%20Ays%C3%A9n%20al%20Festival%20del%20Huaso&#038;url=https:\/\/radiorevelacionfm.cl\/?p=63520' aria-hidden='false' data-av_icon='\ue8f1' data-av_iconfont='entypo-fontello' title='' data-avia-related-tooltip='Compartir en Twitter' rel=\"noopener\"><span class='avia_hidden_link_text'>Compartir en Twitter<\/span><\/a><\/li><li class='av-share-link av-social-link-whatsapp' ><a target=\"_blank\" aria-label=\"Compartir en Whatsapp\" href='https:\/\/api.whatsapp.com\/send?text=https:\/\/radiorevelacionfm.cl\/?p=63520' aria-hidden='false' data-av_icon='\uf232' data-av_iconfont='entypo-fontello' title='' data-avia-related-tooltip='Compartir en Whatsapp' rel=\"noopener\"><span class='avia_hidden_link_text'>Compartir en Whatsapp<\/span><\/a><\/li><li class='av-share-link av-social-link-linkedin' ><a target=\"_blank\" aria-label=\"Compartir en LinkedIn\" href='https:\/\/linkedin.com\/shareArticle?mini=true&#038;title=Pareja%20de%20Valle%20Simpson%20hace%20historia%20en%20Olmu%C3%A9%20y%20lleva%20por%20primera%20vez%20la%20cueca%20de%20Ays%C3%A9n%20al%20Festival%20del%20Huaso&#038;url=https:\/\/radiorevelacionfm.cl\/?p=63520' aria-hidden='false' data-av_icon='\ue8fc' data-av_iconfont='entypo-fontello' title='' data-avia-related-tooltip='Compartir en LinkedIn' rel=\"noopener\"><span class='avia_hidden_link_text'>Compartir en LinkedIn<\/span><\/a><\/li><li class='av-share-link av-social-link-mail' ><a  aria-label=\"Compartir por correo\" href='mailto:?subject=Pareja%20de%20Valle%20Simpson%20hace%20historia%20en%20Olmu%C3%A9%20y%20lleva%20por%20primera%20vez%20la%20cueca%20de%20Ays%C3%A9n%20al%20Festival%20del%20Huaso&#038;body=https:\/\/radiorevelacionfm.cl\/?p=63520' aria-hidden='false' data-av_icon='\ue805' data-av_iconfont='entypo-fontello' title='' data-avia-related-tooltip='Compartir por correo'><span class='avia_hidden_link_text'>Compartir por correo<\/span><\/a><\/li><\/ul><\/div><\/div>\n<div  style='height:50px' class='hr hr-invisible   avia-builder-el-8  el_after_av_social_share  el_before_av_comments_list '><span class='hr-inner ' ><span class='hr-inner-style'><\/span><\/span><\/div>\n<div  class='av-buildercomment  av-blog-meta-html-info-disabled av-blog-meta-tag-disabled  '><\/div>\n","protected":false},"excerpt":{"rendered":"","protected":false},"author":1,"featured_media":63521,"comment_status":"closed","ping_status":"closed","sticky":false,"template":"","format":"standard","meta":{"footnotes":""},"categories":[38],"tags":[],"class_list":["post-63520","post","type-post","status-publish","format-standard","has-post-thumbnail","hentry","category-regional"],"jetpack_featured_media_url":"https:\/\/radiorevelacionfm.cl\/wp-content\/uploads\/2026\/01\/001-8-1_optimized-1.jpeg","_links":{"self":[{"href":"https:\/\/radiorevelacionfm.cl\/index.php?rest_route=\/wp\/v2\/posts\/63520","targetHints":{"allow":["GET"]}}],"collection":[{"href":"https:\/\/radiorevelacionfm.cl\/index.php?rest_route=\/wp\/v2\/posts"}],"about":[{"href":"https:\/\/radiorevelacionfm.cl\/index.php?rest_route=\/wp\/v2\/types\/post"}],"author":[{"embeddable":true,"href":"https:\/\/radiorevelacionfm.cl\/index.php?rest_route=\/wp\/v2\/users\/1"}],"replies":[{"embeddable":true,"href":"https:\/\/radiorevelacionfm.cl\/index.php?rest_route=%2Fwp%2Fv2%2Fcomments&post=63520"}],"version-history":[{"count":2,"href":"https:\/\/radiorevelacionfm.cl\/index.php?rest_route=\/wp\/v2\/posts\/63520\/revisions"}],"predecessor-version":[{"id":63523,"href":"https:\/\/radiorevelacionfm.cl\/index.php?rest_route=\/wp\/v2\/posts\/63520\/revisions\/63523"}],"wp:featuredmedia":[{"embeddable":true,"href":"https:\/\/radiorevelacionfm.cl\/index.php?rest_route=\/wp\/v2\/media\/63521"}],"wp:attachment":[{"href":"https:\/\/radiorevelacionfm.cl\/index.php?rest_route=%2Fwp%2Fv2%2Fmedia&parent=63520"}],"wp:term":[{"taxonomy":"category","embeddable":true,"href":"https:\/\/radiorevelacionfm.cl\/index.php?rest_route=%2Fwp%2Fv2%2Fcategories&post=63520"},{"taxonomy":"post_tag","embeddable":true,"href":"https:\/\/radiorevelacionfm.cl\/index.php?rest_route=%2Fwp%2Fv2%2Ftags&post=63520"}],"curies":[{"name":"wp","href":"https:\/\/api.w.org\/{rel}","templated":true}]}}