{"id":63514,"date":"2026-01-21T10:18:44","date_gmt":"2026-01-21T13:18:44","guid":{"rendered":"https:\/\/radiorevelacionfm.cl\/?p=63514"},"modified":"2026-01-21T10:18:44","modified_gmt":"2026-01-21T13:18:44","slug":"reconocen-a-emprendedoras-ganadoras-de-la-10-version-de-mujeres-con-energia","status":"publish","type":"post","link":"https:\/\/radiorevelacionfm.cl\/?p=63514","title":{"rendered":"Reconocen a emprendedoras ganadoras de la 10\u00b0 versi\u00f3n de Mujeres con Energ\u00eda"},"content":{"rendered":"<div class=\"flex_column av_one_full  flex_column_div av-zero-column-padding first  avia-builder-el-0  el_before_av_one_full  avia-builder-el-first  \" style='border-radius:0px; '><div  class='avia-image-container  av-styling-    avia-builder-el-1  avia-builder-el-no-sibling  avia-align-center '  itemprop=\"image\" itemscope=\"itemscope\" itemtype=\"https:\/\/schema.org\/ImageObject\"  ><div class='avia-image-container-inner'><div class='avia-image-overlay-wrap'><img decoding=\"async\" class='wp-image-63515 avia-img-lazy-loading-not-63515 avia_image' src=\"https:\/\/radiorevelacionfm.cl\/wp-content\/uploads\/2026\/01\/ganadoras-10\u00b0-academia-1-1_optimized-1.jpeg\" alt='' title='ganadoras-10\u00b0-academia-(1)-(1)_optimized (1)' height=\"600\" width=\"800\"  itemprop=\"thumbnailUrl\" srcset=\"https:\/\/radiorevelacionfm.cl\/wp-content\/uploads\/2026\/01\/ganadoras-10\u00b0-academia-1-1_optimized-1.jpeg 800w, https:\/\/radiorevelacionfm.cl\/wp-content\/uploads\/2026\/01\/ganadoras-10\u00b0-academia-1-1_optimized-1-300x225.jpeg 300w, https:\/\/radiorevelacionfm.cl\/wp-content\/uploads\/2026\/01\/ganadoras-10\u00b0-academia-1-1_optimized-1-768x576.jpeg 768w, https:\/\/radiorevelacionfm.cl\/wp-content\/uploads\/2026\/01\/ganadoras-10\u00b0-academia-1-1_optimized-1-705x529.jpeg 705w, https:\/\/radiorevelacionfm.cl\/wp-content\/uploads\/2026\/01\/ganadoras-10\u00b0-academia-1-1_optimized-1-450x338.jpeg 450w, https:\/\/radiorevelacionfm.cl\/wp-content\/uploads\/2026\/01\/ganadoras-10\u00b0-academia-1-1_optimized-1-600x450.jpeg 600w\" sizes=\"(max-width: 800px) 100vw, 800px\" \/><\/div><\/div><\/div><\/div><div class=\"flex_column av_one_full  flex_column_div av-zero-column-padding first  avia-builder-el-2  el_after_av_one_full  el_before_av_one_full  column-top-margin\" style='border-radius:0px; '><section class=\"av_textblock_section \"  itemscope=\"itemscope\" itemtype=\"https:\/\/schema.org\/BlogPosting\" itemprop=\"blogPost\" ><div class='avia_textblock  '   itemprop=\"text\" ><p style=\"text-align: center;\"><strong><span style=\"font-size: 18pt;\">Reconocen a emprendedoras ganadoras de la 10\u00b0 versi\u00f3n de Mujeres con Energ\u00eda<\/span><\/strong><\/p>\n<div id=\"gtx-trans\" style=\"position: absolute; left: -50px; top: 4.31534px;\">\n<div class=\"gtx-trans-icon\"><\/div>\n<\/div>\n<\/div><\/section><\/div><div class=\"flex_column av_one_full  flex_column_div av-zero-column-padding first  avia-builder-el-4  el_after_av_one_full  el_before_av_hr  column-top-margin\" style='border-radius:0px; '><section class=\"av_textblock_section \"  itemscope=\"itemscope\" itemtype=\"https:\/\/schema.org\/BlogPosting\" itemprop=\"blogPost\" ><div class='avia_textblock  '   itemprop=\"text\" ><p style=\"text-align: justify;\">La instancia reuni\u00f3 a las beneficiarias del programa junto a autoridades regionales, en un espacio de conversaci\u00f3n, reconocimiento y proyecci\u00f3n de desaf\u00edos futuros.<\/p>\n<p style=\"text-align: justify;\">En el marco de la d\u00e9cima versi\u00f3n del programa Mujeres con Energ\u00eda de Grupo Saesa, Edelaysen realiz\u00f3 un especial encuentro con las emprendedoras ganadoras, generando un espacio de reconocimiento y di\u00e1logo donde las participantes pudieron compartir sus experiencias, dar a conocer sus emprendimientos y proyectar los desaf\u00edos que enfrentan a futuro.<\/p>\n<p style=\"text-align: justify;\">La actividad cont\u00f3 con la participaci\u00f3n del gerente zonal de Edelaysen, Rodrigo Escare, y de la seremi de Energ\u00eda de la Regi\u00f3n de Ays\u00e9n, Pamela C\u00e1rdenas, reforzando el trabajo colaborativo entre el sector p\u00fablico y privado en el impulso del emprendimiento femenino.<\/p>\n<p style=\"text-align: justify;\">Al respecto, el gerente zonal de Edelaysen, Rodrigo Escare, se\u00f1al\u00f3 que \u201cMujeres con Energ\u00eda es un programa que nos llena de orgullo, porque nos permite acompa\u00f1ar a emprendedoras que, con esfuerzo y creatividad, aportan al desarrollo de sus comunidades. Este encuentro es una oportunidad para reconocer su trabajo y seguir fortaleciendo redes que les permitan crecer y proyectarse\u201d.<\/p>\n<p style=\"text-align: justify;\">Por su parte, la seremi de Energ\u00eda, Pamela C\u00e1rdenas mencion\u00f3 \u201cFelices de poder participar y agradecida de ustedes, de la empresa, con esta responsabilidad y abriendo estos espacios de fomento e incentivo a peque\u00f1os productores y en este caso artesanas locales. Hubo tres beneficiadas dos en Coyhaique y una en Chile Chico, adem\u00e1s tambi\u00e9n destacar la descentralizaci\u00f3n en adjudicaci\u00f3n de estos fondos y esperamos que ustedes sigan aportando con este granito de arena en las regiones, porque no es solo ac\u00e1 en la regi\u00f3n de Ays\u00e9n\u201d.<\/p>\n<p style=\"text-align: justify;\">El programa Mujeres con Energ\u00eda, es una iniciativa que busca fortalecer el emprendimiento femenino mediante apoyo t\u00e9cnico, visibilizaci\u00f3n y generaci\u00f3n de redes, contribuyendo al desarrollo de iniciativas lideradas por mujeres en distintas comunas de la regi\u00f3n. En sus diez versiones el programa a acompa\u00f1ado a decenas de emprendedoras, potenciando proyectos vinculados a oficios, identidad local y econom\u00edas a peque\u00f1a escala.<\/p>\n<p style=\"text-align: justify;\">Para ello, Patricia Hern\u00e1ndez del emprendimiento \u201cSabor Tehuelche\u201d, dedicado a la elaboraci\u00f3n de infusiones de hierbas en Coyhaique se refiri\u00f3 a su marca destacando qu\u00e9: \u201cSon productos con recolecci\u00f3n y secados, deshidratados de calafate, rosa mosqueta, maqui, menta, lavanda, romero, entre otras hierbas. Lo que hago, es mezclar las hierbas con el t\u00e9 base que son negro, t\u00e9 rojo, t\u00e9 verde, para despu\u00e9s hacer los blend que esto hace que todos est\u00e1n combinados. Son beneficiosos para nuestra salud, ya sea como digestivos, energ\u00e9ticos, relajantes, con distintos tipos de propiedades que van en beneficio de nuestra salud\u201d.<\/p>\n<p style=\"text-align: justify;\">Asimismo, Diana Romero con su emprendimiento textil en lana natural \u201cArtelana\u201d, destac\u00f3 la importancia de la academia. \u201cLa verdad es que la academia es un complemento de muchas cosas, es un complemento de aprender contenido te\u00f3rico, de conocer m\u00e1s gente. As\u00ed que s\u00faper agradecida, encuentro que es una buena una s\u00faper buena instancia para los emprendedores para ir para irnos perfeccionando en cuanto por lo menos a procesos administrativos, que es s\u00faper importante tambi\u00e9n son importantes las redes que se generan, el conocer otra gente, otras experiencias, valorar nuestro trabajo, valorar el trabajo de las otras personas, as\u00ed que completamente agradecida\u201d.<\/p>\n<p style=\"text-align: justify;\">Finalmente desde Edelaysen destacaron que instancias como este encuentro, permiten seguir fortaleciendo el programa, generando espacios de reconocimiento, aprendizaje y vinculaci\u00f3n entre emprendedoras, autoridades y el mundo privado, con miras a continuar apoyando el crecimiento y proyecci\u00f3n de iniciativas lideradas por mujeres.<\/p>\n<\/div><\/section><\/div><div  style='height:50px' class='hr hr-invisible   avia-builder-el-6  el_after_av_one_full  el_before_av_social_share '><span class='hr-inner ' ><span class='hr-inner-style'><\/span><\/span><\/div><\/p>\n<div  class='av-social-sharing-box  avia-builder-el-7  el_after_av_hr  el_before_av_hr  '><div class='av-share-box'><h5 class='av-share-link-description av-no-toc '>Compartir esta noticia<\/h5><ul class='av-share-box-list noLightbox'><li class='av-share-link av-social-link-facebook' ><a target=\"_blank\" aria-label=\"Compartir en Facebook\" href='https:\/\/www.facebook.com\/sharer.php?u=https:\/\/radiorevelacionfm.cl\/?p=63514&#038;t=Reconocen%20a%20emprendedoras%20ganadoras%20de%20la%2010%C2%B0%20versi%C3%B3n%20de%20Mujeres%20con%20Energ%C3%ADa' aria-hidden='false' data-av_icon='\ue8f3' data-av_iconfont='entypo-fontello' title='' data-avia-related-tooltip='Compartir en Facebook' rel=\"noopener\"><span class='avia_hidden_link_text'>Compartir en Facebook<\/span><\/a><\/li><li class='av-share-link av-social-link-twitter' ><a target=\"_blank\" aria-label=\"Compartir en Twitter\" href='https:\/\/twitter.com\/share?text=Reconocen%20a%20emprendedoras%20ganadoras%20de%20la%2010%C2%B0%20versi%C3%B3n%20de%20Mujeres%20con%20Energ%C3%ADa&#038;url=https:\/\/radiorevelacionfm.cl\/?p=63514' aria-hidden='false' data-av_icon='\ue8f1' data-av_iconfont='entypo-fontello' title='' data-avia-related-tooltip='Compartir en Twitter' rel=\"noopener\"><span class='avia_hidden_link_text'>Compartir en Twitter<\/span><\/a><\/li><li class='av-share-link av-social-link-whatsapp' ><a target=\"_blank\" aria-label=\"Compartir en Whatsapp\" href='https:\/\/api.whatsapp.com\/send?text=https:\/\/radiorevelacionfm.cl\/?p=63514' aria-hidden='false' data-av_icon='\uf232' data-av_iconfont='entypo-fontello' title='' data-avia-related-tooltip='Compartir en Whatsapp' rel=\"noopener\"><span class='avia_hidden_link_text'>Compartir en Whatsapp<\/span><\/a><\/li><li class='av-share-link av-social-link-linkedin' ><a target=\"_blank\" aria-label=\"Compartir en LinkedIn\" href='https:\/\/linkedin.com\/shareArticle?mini=true&#038;title=Reconocen%20a%20emprendedoras%20ganadoras%20de%20la%2010%C2%B0%20versi%C3%B3n%20de%20Mujeres%20con%20Energ%C3%ADa&#038;url=https:\/\/radiorevelacionfm.cl\/?p=63514' aria-hidden='false' data-av_icon='\ue8fc' data-av_iconfont='entypo-fontello' title='' data-avia-related-tooltip='Compartir en LinkedIn' rel=\"noopener\"><span class='avia_hidden_link_text'>Compartir en LinkedIn<\/span><\/a><\/li><li class='av-share-link av-social-link-mail' ><a  aria-label=\"Compartir por correo\" href='mailto:?subject=Reconocen%20a%20emprendedoras%20ganadoras%20de%20la%2010%C2%B0%20versi%C3%B3n%20de%20Mujeres%20con%20Energ%C3%ADa&#038;body=https:\/\/radiorevelacionfm.cl\/?p=63514' aria-hidden='false' data-av_icon='\ue805' data-av_iconfont='entypo-fontello' title='' data-avia-related-tooltip='Compartir por correo'><span class='avia_hidden_link_text'>Compartir por correo<\/span><\/a><\/li><\/ul><\/div><\/div>\n<div  style='height:50px' class='hr hr-invisible   avia-builder-el-8  el_after_av_social_share  el_before_av_comments_list '><span class='hr-inner ' ><span class='hr-inner-style'><\/span><\/span><\/div>\n<div  class='av-buildercomment  av-blog-meta-html-info-disabled av-blog-meta-tag-disabled  '><\/div>\n","protected":false},"excerpt":{"rendered":"","protected":false},"author":1,"featured_media":63515,"comment_status":"closed","ping_status":"closed","sticky":false,"template":"","format":"standard","meta":{"footnotes":""},"categories":[38],"tags":[],"class_list":["post-63514","post","type-post","status-publish","format-standard","has-post-thumbnail","hentry","category-regional"],"jetpack_featured_media_url":"https:\/\/radiorevelacionfm.cl\/wp-content\/uploads\/2026\/01\/ganadoras-10\u00b0-academia-1-1_optimized-1.jpeg","_links":{"self":[{"href":"https:\/\/radiorevelacionfm.cl\/index.php?rest_route=\/wp\/v2\/posts\/63514","targetHints":{"allow":["GET"]}}],"collection":[{"href":"https:\/\/radiorevelacionfm.cl\/index.php?rest_route=\/wp\/v2\/posts"}],"about":[{"href":"https:\/\/radiorevelacionfm.cl\/index.php?rest_route=\/wp\/v2\/types\/post"}],"author":[{"embeddable":true,"href":"https:\/\/radiorevelacionfm.cl\/index.php?rest_route=\/wp\/v2\/users\/1"}],"replies":[{"embeddable":true,"href":"https:\/\/radiorevelacionfm.cl\/index.php?rest_route=%2Fwp%2Fv2%2Fcomments&post=63514"}],"version-history":[{"count":2,"href":"https:\/\/radiorevelacionfm.cl\/index.php?rest_route=\/wp\/v2\/posts\/63514\/revisions"}],"predecessor-version":[{"id":63527,"href":"https:\/\/radiorevelacionfm.cl\/index.php?rest_route=\/wp\/v2\/posts\/63514\/revisions\/63527"}],"wp:featuredmedia":[{"embeddable":true,"href":"https:\/\/radiorevelacionfm.cl\/index.php?rest_route=\/wp\/v2\/media\/63515"}],"wp:attachment":[{"href":"https:\/\/radiorevelacionfm.cl\/index.php?rest_route=%2Fwp%2Fv2%2Fmedia&parent=63514"}],"wp:term":[{"taxonomy":"category","embeddable":true,"href":"https:\/\/radiorevelacionfm.cl\/index.php?rest_route=%2Fwp%2Fv2%2Fcategories&post=63514"},{"taxonomy":"post_tag","embeddable":true,"href":"https:\/\/radiorevelacionfm.cl\/index.php?rest_route=%2Fwp%2Fv2%2Ftags&post=63514"}],"curies":[{"name":"wp","href":"https:\/\/api.w.org\/{rel}","templated":true}]}}