{"id":6351,"date":"2021-07-16T16:10:17","date_gmt":"2021-07-16T19:10:17","guid":{"rendered":"https:\/\/radiorevelacionfm.cl\/?p=6351"},"modified":"2021-07-16T16:10:17","modified_gmt":"2021-07-16T19:10:17","slug":"reforma-al-codigo-de-aguas-ad-portas-de-ser-votada-por-el-pleno-del-senado","status":"publish","type":"post","link":"https:\/\/radiorevelacionfm.cl\/?p=6351","title":{"rendered":"Reforma al C\u00f3digo de Aguas ad portas de ser votada por el pleno del Senado"},"content":{"rendered":"<div class=\"flex_column av_one_full  flex_column_div av-zero-column-padding first  avia-builder-el-0  el_before_av_one_full  avia-builder-el-first  \" style='border-radius:0px; '><div  class='avia-image-container  av-styling-    avia-builder-el-1  avia-builder-el-no-sibling  avia-align-center '  itemprop=\"image\" itemscope=\"itemscope\" itemtype=\"https:\/\/schema.org\/ImageObject\"  ><div class='avia-image-container-inner'><div class='avia-image-overlay-wrap'><img decoding=\"async\" class='wp-image-6352 avia-img-lazy-loading-not-6352 avia_image' src=\"https:\/\/radiorevelacionfm.cl\/wp-content\/uploads\/2021\/07\/aguas2-1_optimized.jpg\" alt='' title='aguas2-(1)_optimized' height=\"600\" width=\"902\"  itemprop=\"thumbnailUrl\" srcset=\"https:\/\/radiorevelacionfm.cl\/wp-content\/uploads\/2021\/07\/aguas2-1_optimized.jpg 902w, https:\/\/radiorevelacionfm.cl\/wp-content\/uploads\/2021\/07\/aguas2-1_optimized-300x200.jpg 300w, https:\/\/radiorevelacionfm.cl\/wp-content\/uploads\/2021\/07\/aguas2-1_optimized-768x511.jpg 768w, https:\/\/radiorevelacionfm.cl\/wp-content\/uploads\/2021\/07\/aguas2-1_optimized-705x469.jpg 705w, https:\/\/radiorevelacionfm.cl\/wp-content\/uploads\/2021\/07\/aguas2-1_optimized-600x399.jpg 600w\" sizes=\"(max-width: 902px) 100vw, 902px\" \/><\/div><\/div><\/div><\/div><div class=\"flex_column av_one_full  flex_column_div av-zero-column-padding first  avia-builder-el-2  el_after_av_one_full  el_before_av_one_full  column-top-margin\" style='border-radius:0px; '><section class=\"av_textblock_section \"  itemscope=\"itemscope\" itemtype=\"https:\/\/schema.org\/BlogPosting\" itemprop=\"blogPost\" ><div class='avia_textblock  '   itemprop=\"text\" ><p style=\"text-align: center;\"><strong><span style=\"font-size: 18pt;\">Reforma al C\u00f3digo de Aguas ad portas de ser votada por el pleno del Senado<\/span><\/strong><\/p>\n<div id=\"gtx-trans\" style=\"position: absolute; left: -50px; top: 4.31534px;\">\n<div class=\"gtx-trans-icon\"><\/div>\n<\/div>\n<\/div><\/section><\/div><div class=\"flex_column av_one_full  flex_column_div av-zero-column-padding first  avia-builder-el-4  el_after_av_one_full  el_before_av_hr  column-top-margin\" style='border-radius:0px; '><section class=\"av_textblock_section \"  itemscope=\"itemscope\" itemtype=\"https:\/\/schema.org\/BlogPosting\" itemprop=\"blogPost\" ><div class='avia_textblock  '   itemprop=\"text\" ><p class=\"v1MsoNormal\" style=\"text-align: justify;\"><span lang=\"ES\">M<\/span><span lang=\"X-NONE\">\u00e1s de una d\u00e9cada debi\u00f3 pasar<span class=\"v1gmail-Apple-converted-space\">\u00a0<\/span><\/span><span lang=\"ES\">para que la reforma al C<\/span><span lang=\"X-NONE\">\u00f3digo de Aguas est\u00e9 en condiciones de ser votado por el pleno del Senado, tras haber sido aprobado por la Comisi\u00f3n de Constituci\u00f3n de la corporaci\u00f3n. La iniciativa fue ingresada en marzo de 2011 por los diputados Enrique Acoorsi (PPD), Alfonso de Urresti (PS), Enrique Jaramillo (PPD), Roberto Le\u00f3n (DC), Fernando Meza (PRSD), Andrea Molina (UDI), Leopoldo P\u00e9rez (RN), Alejandra Sep\u00falveda (FRVS), Guillermo Teillier (PC) y Patricio Vallesp\u00edn (DC).<\/span><\/p>\n<p class=\"v1MsoNormal\" style=\"text-align: justify;\"><span lang=\"X-NONE\">En estos 10 a\u00f1os el proyecto ya fue aprobado por la C\u00e1mara de Diputados el 22 de noviembre de 2016, luego de ser revisado por las comisiones de Recursos H\u00eddricos, Agricultura y Hacienda. A continuaci\u00f3n<span class=\"v1gmail-Apple-converted-space\">\u00a0<\/span><\/span><span lang=\"ES\">fue<span class=\"v1gmail-Apple-converted-space\">\u00a0<\/span><\/span><span lang=\"X-NONE\">tramitado en las comisiones de Recursos H\u00eddricos, Agricultura y Constituci\u00f3n de la C\u00e1mara Alta, debiendo en esta \u00faltima instancia<span class=\"v1gmail-Apple-converted-space\">\u00a0<\/span><\/span><span lang=\"ES\">sortear los reparos de constitucionalidad que hicieran tanto el gobierno y legisladores oficialistas.\u00a0<span class=\"v1gmail-Apple-converted-space\">\u00a0<\/span><\/span><\/p>\n<p class=\"v1MsoNormal\" style=\"text-align: justify;\"><span lang=\"ES\">La aprobaci<\/span><span lang=\"X-NONE\">\u00f3n lleg\u00f3 el 15 de junio.<\/span><\/p>\n<p class=\"v1MsoNormal\" style=\"text-align: justify;\"><b><span lang=\"ES\">Extenso debate<\/span><\/b><\/p>\n<p class=\"v1MsoNormal\" style=\"text-align: justify;\"><span lang=\"ES\">Durante gran parte de la discusi<\/span><span lang=\"X-NONE\">\u00f3n y votaci\u00f3n en la Comisi\u00f3n de Constituci\u00f3n, presidi\u00f3 la instancia<span class=\"v1gmail-Apple-converted-space\">\u00a0<\/span><\/span><span lang=\"ES\">el senador Alfonso de Urresti (PS) y estuvo integrada adem\u00e1s por Francisco Huenchumilla (DC), Felipe Harboe (PPD), Andr\u00e9s Allamand (RN) y V\u00edctor P\u00e9rez (UDI). Harboe fue reemplazado posteriormente por el independiente Pedro Araya, y Allamand y P\u00e9rez por Rodrigo Galilea y Luz Ebensperguer, respectivamente, luego que los legisladores asumieran como ministros de Estado. <span class=\"v1gmail-Apple-converted-space\">\u00a0<\/span><\/span><\/p>\n<p class=\"v1MsoNormal\" style=\"text-align: justify;\"><span lang=\"ES\">Este a\u00f1o Araya asumi<\/span><span lang=\"X-NONE\">\u00f3 la presidencia de la comisi\u00f3n.<\/span><\/p>\n<p class=\"v1MsoNormal\" style=\"text-align: justify;\"><span lang=\"X-NONE\">En lo fundamental,<span class=\"v1gmail-Apple-converted-space\">\u00a0<\/span><\/span><span lang=\"ES\">la reforma al C<\/span><span lang=\"X-NONE\">\u00f3<\/span><span lang=\"ES\">digo de Aguas<span class=\"v1gmail-Apple-converted-space\">\u00a0<\/span><\/span><span lang=\"X-NONE\">avanz\u00f3 en un articulado que<span class=\"v1gmail-Apple-converted-space\">\u00a0<\/span><\/span><span lang=\"ES\">refuerza el estatus del agua como bien publico de todos los chilenos y chilenas. En este contexto establece el acceso al agua como un derecho humano que debe ser garantizado por el Estado,<span class=\"v1gmail-Apple-converted-space\">\u00a0<\/span><\/span><span lang=\"X-NONE\">priorizando su uso<span class=\"v1gmail-Apple-converted-space\">\u00a0<\/span><\/span><span lang=\"ES\">para<\/span><span lang=\"ES\"><span class=\"v1gmail-Apple-converted-space\">\u00a0<\/span><\/span><span lang=\"X-NONE\">consumo de las personas,<span class=\"v1gmail-Apple-converted-space\">\u00a0<\/span><\/span><span lang=\"ES\">actividades econ\u00f3micas de subsistencia, la protecci\u00f3n de las fuentes de agua, los<span class=\"v1gmail-Apple-converted-space\">\u00a0<\/span><\/span><span lang=\"X-NONE\">derechos y usos ancestrales,<\/span><span lang=\"X-NONE\"><span class=\"v1gmail-Apple-converted-space\">\u00a0<\/span><\/span><span lang=\"ES\">y sus usos en \u00e1reas protegidas<\/span><span lang=\"X-NONE\">. En \u00faltim<\/span><span lang=\"ES\">a <\/span><span lang=\"ES\">prioridad<\/span><span lang=\"X-NONE\"><span class=\"v1gmail-Apple-converted-space\">\u00a0<\/span>quedan<span class=\"v1gmail-Apple-converted-space\">\u00a0<\/span><\/span><span lang=\"ES\">las<span class=\"v1gmail-Apple-converted-space\">\u00a0<\/span><\/span><span lang=\"X-NONE\">actividades econ\u00f3micas con fines de lucro<\/span><span lang=\"ES\">,<\/span><span lang=\"ES\"><span class=\"v1gmail-Apple-converted-space\">\u00a0<\/span><\/span><span lang=\"X-NONE\">siempre y cuando no pongan en riesgo las funciones previas.<\/span><\/p>\n<p class=\"v1MsoNormal\" style=\"text-align: justify;\"><span lang=\"ES\">Dado el car\u00e1cter p<\/span><span lang=\"X-NONE\">\u00fa<\/span><span lang=\"ES\">blico de la propiedad de las aguas, se aprob<\/span><span lang=\"X-NONE\">\u00f3 que los nuevos derechos<span class=\"v1gmail-Apple-converted-space\">\u00a0<\/span><\/span><span lang=\"ES\">de aprovechamiento<span class=\"v1gmail-Apple-converted-space\">\u00a0<\/span><\/span><span lang=\"X-NONE\">sean<span class=\"v1gmail-Apple-converted-space\">\u00a0<\/span><\/span><span lang=\"ES\">otorgados como<span class=\"v1gmail-Apple-converted-space\">\u00a0<\/span><\/span><span lang=\"X-NONE\">concesiones temporales de 30 a\u00f1os, con lo cual se termina con la figura de derecho de propiedad perpetua. Tambi\u00e9n<span class=\"v1gmail-Apple-converted-space\">\u00a0<\/span><\/span><span lang=\"ES\">la reforma<span class=\"v1gmail-Apple-converted-space\">\u00a0<\/span><\/span><span lang=\"X-NONE\">avanz\u00f3 en la extinci\u00f3n de los derechos (tanto antiguos como nuevos) si no se hace un uso efectivo del caudal otorgado,<\/span><span lang=\"X-NONE\"><span class=\"v1gmail-Apple-converted-space\">\u00a0<\/span><\/span><span lang=\"ES\">en un<span class=\"v1gmail-Apple-converted-space\">\u00a0<\/span><\/span><span lang=\"X-NONE\">plazo de 5 a\u00f1os para los consuntivos<span class=\"v1gmail-Apple-converted-space\">\u00a0<\/span><\/span><span lang=\"ES\">y<span class=\"v1gmail-Apple-converted-space\">\u00a0<\/span><\/span><span lang=\"X-NONE\">10 para los no consuntivos.\u00a0\u00a0<span class=\"v1gmail-Apple-converted-space\">\u00a0<\/span><\/span><\/p>\n<p class=\"v1MsoNormal\" style=\"text-align: justify;\"><span lang=\"X-NONE\">Asimismo,<span class=\"v1gmail-Apple-converted-space\">\u00a0<\/span><\/span><span lang=\"ES\">se estableci<\/span><span lang=\"X-NONE\">\u00f3<\/span><span lang=\"X-NONE\"><span class=\"v1gmail-Apple-converted-space\">\u00a0<\/span><\/span><span lang=\"X-NONE\">la obligaci\u00f3n de informar a la Direcci\u00f3n General de Aguas\u00a0<span class=\"v1gmail-Apple-converted-space\">\u00a0<\/span>(DGA) \u00ab<i>todo cambio de uso de un derecho de aprovechamiento<\/i>\u00ab, cuyo incumplimiento ser\u00e1 sancionado \u00ab<i>con una multa a beneficio fiscal de segundo a tercer grado inclusive<\/i>\u00ab. En forma un\u00e1nime se determin\u00f3 que<span class=\"v1gmail-Apple-converted-space\">\u00a0<\/span><\/span><span lang=\"ES\">en el caso de los derechos de aprovechamiento sobre aguas subterr\u00e1neas y superficiales,<span class=\"v1gmail-Apple-converted-space\">\u00a0<\/span><\/span><span lang=\"X-NONE\">la suspensi\u00f3n del ejercicio de uno o m\u00e1s derechos si la DGA constata que, luego de un cambio de uso, efectivamente se produzca \u00ab<i>una grave afectaci\u00f3n al acu\u00edfero o la fuente superficial de donde se extrae<\/i>\u00ab.<\/span><\/p>\n<p class=\"v1MsoNormal\" style=\"text-align: justify;\"><span lang=\"X-NONE\">En el caso que el pleno del Senado apruebe en general\u00a0<\/span><span lang=\"ES\">el proyecto se<span class=\"v1gmail-Apple-converted-space\">\u00a0<\/span><\/span><span lang=\"X-NONE\">abrir\u00e1 un acotado per\u00edodo de indicaciones, las que debieran ser revisadas por una comisi\u00f3n t\u00e9cnica y<span class=\"v1gmail-Apple-converted-space\">\u00a0<\/span><\/span><span lang=\"ES\">luego<span class=\"v1gmail-Apple-converted-space\">\u00a0<\/span><\/span><span lang=\"X-NONE\">zanjadas por la sala en votaci\u00f3n en particular. Si hubieren diferencias entre lo zanjado por ambas<span class=\"v1gmail-Apple-converted-space\">\u00a0<\/span><\/span><span lang=\"ES\">c\u00e1maras<\/span><span lang=\"X-NONE\">, al reforma pasar\u00eda a Comisi\u00f3n Mixta.<\/span><\/p>\n<\/div><\/section><\/div><div  style='height:50px' class='hr hr-invisible   avia-builder-el-6  el_after_av_one_full  el_before_av_social_share '><span class='hr-inner ' ><span class='hr-inner-style'><\/span><\/span><\/div><\/p>\n<div  class='av-social-sharing-box  avia-builder-el-7  el_after_av_hr  el_before_av_hr  '><div class='av-share-box'><h5 class='av-share-link-description av-no-toc '>Compartir esta noticia<\/h5><ul class='av-share-box-list noLightbox'><li class='av-share-link av-social-link-facebook' ><a target=\"_blank\" aria-label=\"Compartir en Facebook\" href='https:\/\/www.facebook.com\/sharer.php?u=https:\/\/radiorevelacionfm.cl\/?p=6351&#038;t=Reforma%20al%20C%C3%B3digo%20de%20Aguas%20ad%20portas%20de%20ser%20votada%20por%20el%20pleno%20del%20Senado' aria-hidden='false' data-av_icon='\ue8f3' data-av_iconfont='entypo-fontello' title='' data-avia-related-tooltip='Compartir en Facebook' rel=\"noopener\"><span class='avia_hidden_link_text'>Compartir en Facebook<\/span><\/a><\/li><li class='av-share-link av-social-link-twitter' ><a target=\"_blank\" aria-label=\"Compartir en Twitter\" href='https:\/\/twitter.com\/share?text=Reforma%20al%20C%C3%B3digo%20de%20Aguas%20ad%20portas%20de%20ser%20votada%20por%20el%20pleno%20del%20Senado&#038;url=https:\/\/radiorevelacionfm.cl\/?p=6351' aria-hidden='false' data-av_icon='\ue8f1' data-av_iconfont='entypo-fontello' title='' data-avia-related-tooltip='Compartir en Twitter' rel=\"noopener\"><span class='avia_hidden_link_text'>Compartir en Twitter<\/span><\/a><\/li><li class='av-share-link av-social-link-whatsapp' ><a target=\"_blank\" aria-label=\"Compartir en Whatsapp\" href='https:\/\/api.whatsapp.com\/send?text=https:\/\/radiorevelacionfm.cl\/?p=6351' aria-hidden='false' data-av_icon='\uf232' data-av_iconfont='entypo-fontello' title='' data-avia-related-tooltip='Compartir en Whatsapp' rel=\"noopener\"><span class='avia_hidden_link_text'>Compartir en Whatsapp<\/span><\/a><\/li><li class='av-share-link av-social-link-linkedin' ><a target=\"_blank\" aria-label=\"Compartir en LinkedIn\" href='https:\/\/linkedin.com\/shareArticle?mini=true&#038;title=Reforma%20al%20C%C3%B3digo%20de%20Aguas%20ad%20portas%20de%20ser%20votada%20por%20el%20pleno%20del%20Senado&#038;url=https:\/\/radiorevelacionfm.cl\/?p=6351' aria-hidden='false' data-av_icon='\ue8fc' data-av_iconfont='entypo-fontello' title='' data-avia-related-tooltip='Compartir en LinkedIn' rel=\"noopener\"><span class='avia_hidden_link_text'>Compartir en LinkedIn<\/span><\/a><\/li><li class='av-share-link av-social-link-mail' ><a  aria-label=\"Compartir por correo\" href='mailto:?subject=Reforma%20al%20C%C3%B3digo%20de%20Aguas%20ad%20portas%20de%20ser%20votada%20por%20el%20pleno%20del%20Senado&#038;body=https:\/\/radiorevelacionfm.cl\/?p=6351' aria-hidden='false' data-av_icon='\ue805' data-av_iconfont='entypo-fontello' title='' data-avia-related-tooltip='Compartir por correo'><span class='avia_hidden_link_text'>Compartir por correo<\/span><\/a><\/li><\/ul><\/div><\/div>\n<div  style='height:50px' class='hr hr-invisible   avia-builder-el-8  el_after_av_social_share  el_before_av_comments_list '><span class='hr-inner ' ><span class='hr-inner-style'><\/span><\/span><\/div>\n<div  class='av-buildercomment  av-blog-meta-html-info-disabled av-blog-meta-tag-disabled  '><\/div>\n","protected":false},"excerpt":{"rendered":"","protected":false},"author":1,"featured_media":6352,"comment_status":"open","ping_status":"open","sticky":false,"template":"","format":"standard","meta":{"footnotes":""},"categories":[39],"tags":[],"class_list":["post-6351","post","type-post","status-publish","format-standard","has-post-thumbnail","hentry","category-medio-ambiente"],"jetpack_featured_media_url":"https:\/\/radiorevelacionfm.cl\/wp-content\/uploads\/2021\/07\/aguas2-1_optimized.jpg","_links":{"self":[{"href":"https:\/\/radiorevelacionfm.cl\/index.php?rest_route=\/wp\/v2\/posts\/6351","targetHints":{"allow":["GET"]}}],"collection":[{"href":"https:\/\/radiorevelacionfm.cl\/index.php?rest_route=\/wp\/v2\/posts"}],"about":[{"href":"https:\/\/radiorevelacionfm.cl\/index.php?rest_route=\/wp\/v2\/types\/post"}],"author":[{"embeddable":true,"href":"https:\/\/radiorevelacionfm.cl\/index.php?rest_route=\/wp\/v2\/users\/1"}],"replies":[{"embeddable":true,"href":"https:\/\/radiorevelacionfm.cl\/index.php?rest_route=%2Fwp%2Fv2%2Fcomments&post=6351"}],"version-history":[{"count":1,"href":"https:\/\/radiorevelacionfm.cl\/index.php?rest_route=\/wp\/v2\/posts\/6351\/revisions"}],"predecessor-version":[{"id":6353,"href":"https:\/\/radiorevelacionfm.cl\/index.php?rest_route=\/wp\/v2\/posts\/6351\/revisions\/6353"}],"wp:featuredmedia":[{"embeddable":true,"href":"https:\/\/radiorevelacionfm.cl\/index.php?rest_route=\/wp\/v2\/media\/6352"}],"wp:attachment":[{"href":"https:\/\/radiorevelacionfm.cl\/index.php?rest_route=%2Fwp%2Fv2%2Fmedia&parent=6351"}],"wp:term":[{"taxonomy":"category","embeddable":true,"href":"https:\/\/radiorevelacionfm.cl\/index.php?rest_route=%2Fwp%2Fv2%2Fcategories&post=6351"},{"taxonomy":"post_tag","embeddable":true,"href":"https:\/\/radiorevelacionfm.cl\/index.php?rest_route=%2Fwp%2Fv2%2Ftags&post=6351"}],"curies":[{"name":"wp","href":"https:\/\/api.w.org\/{rel}","templated":true}]}}