{"id":63508,"date":"2026-01-20T20:25:47","date_gmt":"2026-01-20T23:25:47","guid":{"rendered":"https:\/\/radiorevelacionfm.cl\/?p=63508"},"modified":"2026-01-20T20:25:47","modified_gmt":"2026-01-20T23:25:47","slug":"municipio-de-cisnes-recuerda-cierre-de-plazo-para-permisos-de-la-fiesta-del-pescao-frito-2026","status":"publish","type":"post","link":"https:\/\/radiorevelacionfm.cl\/?p=63508","title":{"rendered":"Municipio de Cisnes recuerda cierre de plazo para permisos de la Fiesta del Pesca\u2019o Frito 2026"},"content":{"rendered":"<div class=\"flex_column av_one_full  flex_column_div av-zero-column-padding first  avia-builder-el-0  el_before_av_one_full  avia-builder-el-first  \" style='border-radius:0px; '><div  class='avia-image-container  av-styling-    avia-builder-el-1  avia-builder-el-no-sibling  avia-align-center '  itemprop=\"image\" itemscope=\"itemscope\" itemtype=\"https:\/\/schema.org\/ImageObject\"  ><div class='avia-image-container-inner'><div class='avia-image-overlay-wrap'><img decoding=\"async\" class='wp-image-63509 avia-img-lazy-loading-not-63509 avia_image' src=\"https:\/\/radiorevelacionfm.cl\/wp-content\/uploads\/2026\/01\/pescao-frito-1-1_optimized-1.jpg\" alt='' title='pescao-frito-1-(1)_optimized (1)' height=\"890\" width=\"799\"  itemprop=\"thumbnailUrl\" srcset=\"https:\/\/radiorevelacionfm.cl\/wp-content\/uploads\/2026\/01\/pescao-frito-1-1_optimized-1.jpg 799w, https:\/\/radiorevelacionfm.cl\/wp-content\/uploads\/2026\/01\/pescao-frito-1-1_optimized-1-269x300.jpg 269w, https:\/\/radiorevelacionfm.cl\/wp-content\/uploads\/2026\/01\/pescao-frito-1-1_optimized-1-768x855.jpg 768w, https:\/\/radiorevelacionfm.cl\/wp-content\/uploads\/2026\/01\/pescao-frito-1-1_optimized-1-633x705.jpg 633w, https:\/\/radiorevelacionfm.cl\/wp-content\/uploads\/2026\/01\/pescao-frito-1-1_optimized-1-450x501.jpg 450w, https:\/\/radiorevelacionfm.cl\/wp-content\/uploads\/2026\/01\/pescao-frito-1-1_optimized-1-600x668.jpg 600w\" sizes=\"(max-width: 799px) 100vw, 799px\" \/><\/div><\/div><\/div><\/div><div class=\"flex_column av_one_full  flex_column_div av-zero-column-padding first  avia-builder-el-2  el_after_av_one_full  el_before_av_one_full  column-top-margin\" style='border-radius:0px; '><section class=\"av_textblock_section \"  itemscope=\"itemscope\" itemtype=\"https:\/\/schema.org\/BlogPosting\" itemprop=\"blogPost\" ><div class='avia_textblock  '   itemprop=\"text\" ><p style=\"text-align: center;\"><strong><span style=\"font-size: 18pt;\">Municipio de Cisnes recuerda cierre de plazo para permisos de la Fiesta del Pesca\u2019o Frito 2026<\/span><\/strong><\/p>\n<div id=\"gtx-trans\" style=\"position: absolute; left: -50px; top: 4.31534px;\">\n<div class=\"gtx-trans-icon\"><\/div>\n<\/div>\n<\/div><\/section><\/div><div class=\"flex_column av_one_full  flex_column_div av-zero-column-padding first  avia-builder-el-4  el_after_av_one_full  el_before_av_hr  column-top-margin\" style='border-radius:0px; '><section class=\"av_textblock_section \"  itemscope=\"itemscope\" itemtype=\"https:\/\/schema.org\/BlogPosting\" itemprop=\"blogPost\" ><div class='avia_textblock  '   itemprop=\"text\" ><p style=\"text-align: justify;\">Este viernes 23 de enero vence el plazo para postular a los permisos municipales provisorios que permitir\u00e1n a emprendedores y emprendedoras participar en la Fiesta del Pesca\u2019o Frito y su Gran Minga Cisnense 2026, evento que se desarrollar\u00e1 los d\u00edas 30 y 31 de enero en la localidad de Puerto Cisnes.<\/p>\n<p style=\"text-align: justify;\">La actividad forma parte del calendario estival de celebraciones costumbristas de la Regi\u00f3n de Ays\u00e9n y se caracteriza por su alta convocatoria, congregando cada a\u00f1o a p\u00fablico local, regional y visitantes provenientes de distintas zonas del pa\u00eds.<\/p>\n<p style=\"text-align: justify;\">Seg\u00fan lo informado por la Municipalidad de Cisnes, el proceso de postulaci\u00f3n se encuentra habilitado desde el 14 de enero, y el llamado actual corresponde a un aviso de cierre de plazo, dirigido especialmente a quienes a\u00fan no han completado este tr\u00e1mite.<\/p>\n<p style=\"text-align: justify;\">En ese contexto, la administradora municipal, Katherine Calqu\u00edn Riffo, reiter\u00f3 el llamado a realizar la gesti\u00f3n dentro de los plazos establecidos, considerando que el cierre del proceso est\u00e1 fijado para este viernes 23 de enero.<\/p>\n<p style=\"text-align: justify;\">La postulaci\u00f3n contempla una etapa inicial de inscripci\u00f3n y asignaci\u00f3n preliminar de espacios, la cual se realiza mediante un formulario de solicitud disponible de forma presencial en la Biblioteca Municipal de Puerto Cisnes y en formato digital a trav\u00e9s del sitio web www.municipalidadcisnes.cl.<\/p>\n<p style=\"text-align: justify;\">Posteriormente, deber\u00e1n completar la tramitaci\u00f3n formal del permiso municipal y el pago correspondiente ante la Tesorer\u00eda Municipal, Unidad de Rentas y Patentes, tr\u00e1mite que puede realizarse de manera presencial, de lunes a viernes entre las 08:30 y 14:00 horas, o mediante el env\u00edo de los antecedentes al correo electr\u00f3nico rentas@municipalidadcisnes.cl.<\/p>\n<p style=\"text-align: justify;\">Desde el municipio se inform\u00f3 que toda la informaci\u00f3n detallada del proceso de postulaci\u00f3n se encuentra disponible en el sitio web institucional y en las redes sociales oficiales de la Municipalidad de Cisnes.<\/p>\n<\/div><\/section><\/div><div  style='height:50px' class='hr hr-invisible   avia-builder-el-6  el_after_av_one_full  el_before_av_social_share '><span class='hr-inner ' ><span class='hr-inner-style'><\/span><\/span><\/div><\/p>\n<div  class='av-social-sharing-box  avia-builder-el-7  el_after_av_hr  el_before_av_hr  '><div class='av-share-box'><h5 class='av-share-link-description av-no-toc '>Compartir esta noticia<\/h5><ul class='av-share-box-list noLightbox'><li class='av-share-link av-social-link-facebook' ><a target=\"_blank\" aria-label=\"Compartir en Facebook\" href='https:\/\/www.facebook.com\/sharer.php?u=https:\/\/radiorevelacionfm.cl\/?p=63508&#038;t=Municipio%20de%20Cisnes%20recuerda%20cierre%20de%20plazo%20para%20permisos%20de%20la%20Fiesta%20del%20Pesca%E2%80%99o%20Frito%202026' aria-hidden='false' data-av_icon='\ue8f3' data-av_iconfont='entypo-fontello' title='' data-avia-related-tooltip='Compartir en Facebook' rel=\"noopener\"><span class='avia_hidden_link_text'>Compartir en Facebook<\/span><\/a><\/li><li class='av-share-link av-social-link-twitter' ><a target=\"_blank\" aria-label=\"Compartir en Twitter\" href='https:\/\/twitter.com\/share?text=Municipio%20de%20Cisnes%20recuerda%20cierre%20de%20plazo%20para%20permisos%20de%20la%20Fiesta%20del%20Pesca%E2%80%99o%20Frito%202026&#038;url=https:\/\/radiorevelacionfm.cl\/?p=63508' aria-hidden='false' data-av_icon='\ue8f1' data-av_iconfont='entypo-fontello' title='' data-avia-related-tooltip='Compartir en Twitter' rel=\"noopener\"><span class='avia_hidden_link_text'>Compartir en Twitter<\/span><\/a><\/li><li class='av-share-link av-social-link-whatsapp' ><a target=\"_blank\" aria-label=\"Compartir en Whatsapp\" href='https:\/\/api.whatsapp.com\/send?text=https:\/\/radiorevelacionfm.cl\/?p=63508' aria-hidden='false' data-av_icon='\uf232' data-av_iconfont='entypo-fontello' title='' data-avia-related-tooltip='Compartir en Whatsapp' rel=\"noopener\"><span class='avia_hidden_link_text'>Compartir en Whatsapp<\/span><\/a><\/li><li class='av-share-link av-social-link-linkedin' ><a target=\"_blank\" aria-label=\"Compartir en LinkedIn\" href='https:\/\/linkedin.com\/shareArticle?mini=true&#038;title=Municipio%20de%20Cisnes%20recuerda%20cierre%20de%20plazo%20para%20permisos%20de%20la%20Fiesta%20del%20Pesca%E2%80%99o%20Frito%202026&#038;url=https:\/\/radiorevelacionfm.cl\/?p=63508' aria-hidden='false' data-av_icon='\ue8fc' data-av_iconfont='entypo-fontello' title='' data-avia-related-tooltip='Compartir en LinkedIn' rel=\"noopener\"><span class='avia_hidden_link_text'>Compartir en LinkedIn<\/span><\/a><\/li><li class='av-share-link av-social-link-mail' ><a  aria-label=\"Compartir por correo\" href='mailto:?subject=Municipio%20de%20Cisnes%20recuerda%20cierre%20de%20plazo%20para%20permisos%20de%20la%20Fiesta%20del%20Pesca%E2%80%99o%20Frito%202026&#038;body=https:\/\/radiorevelacionfm.cl\/?p=63508' aria-hidden='false' data-av_icon='\ue805' data-av_iconfont='entypo-fontello' title='' data-avia-related-tooltip='Compartir por correo'><span class='avia_hidden_link_text'>Compartir por correo<\/span><\/a><\/li><\/ul><\/div><\/div>\n<div  style='height:50px' class='hr hr-invisible   avia-builder-el-8  el_after_av_social_share  el_before_av_comments_list '><span class='hr-inner ' ><span class='hr-inner-style'><\/span><\/span><\/div>\n<div  class='av-buildercomment  av-blog-meta-html-info-disabled av-blog-meta-tag-disabled  '><\/div>\n","protected":false},"excerpt":{"rendered":"","protected":false},"author":1,"featured_media":63509,"comment_status":"closed","ping_status":"closed","sticky":false,"template":"","format":"standard","meta":{"footnotes":""},"categories":[38],"tags":[],"class_list":["post-63508","post","type-post","status-publish","format-standard","has-post-thumbnail","hentry","category-regional"],"jetpack_featured_media_url":"https:\/\/radiorevelacionfm.cl\/wp-content\/uploads\/2026\/01\/pescao-frito-1-1_optimized-1.jpg","_links":{"self":[{"href":"https:\/\/radiorevelacionfm.cl\/index.php?rest_route=\/wp\/v2\/posts\/63508","targetHints":{"allow":["GET"]}}],"collection":[{"href":"https:\/\/radiorevelacionfm.cl\/index.php?rest_route=\/wp\/v2\/posts"}],"about":[{"href":"https:\/\/radiorevelacionfm.cl\/index.php?rest_route=\/wp\/v2\/types\/post"}],"author":[{"embeddable":true,"href":"https:\/\/radiorevelacionfm.cl\/index.php?rest_route=\/wp\/v2\/users\/1"}],"replies":[{"embeddable":true,"href":"https:\/\/radiorevelacionfm.cl\/index.php?rest_route=%2Fwp%2Fv2%2Fcomments&post=63508"}],"version-history":[{"count":2,"href":"https:\/\/radiorevelacionfm.cl\/index.php?rest_route=\/wp\/v2\/posts\/63508\/revisions"}],"predecessor-version":[{"id":63511,"href":"https:\/\/radiorevelacionfm.cl\/index.php?rest_route=\/wp\/v2\/posts\/63508\/revisions\/63511"}],"wp:featuredmedia":[{"embeddable":true,"href":"https:\/\/radiorevelacionfm.cl\/index.php?rest_route=\/wp\/v2\/media\/63509"}],"wp:attachment":[{"href":"https:\/\/radiorevelacionfm.cl\/index.php?rest_route=%2Fwp%2Fv2%2Fmedia&parent=63508"}],"wp:term":[{"taxonomy":"category","embeddable":true,"href":"https:\/\/radiorevelacionfm.cl\/index.php?rest_route=%2Fwp%2Fv2%2Fcategories&post=63508"},{"taxonomy":"post_tag","embeddable":true,"href":"https:\/\/radiorevelacionfm.cl\/index.php?rest_route=%2Fwp%2Fv2%2Ftags&post=63508"}],"curies":[{"name":"wp","href":"https:\/\/api.w.org\/{rel}","templated":true}]}}