{"id":63498,"date":"2026-01-20T18:18:23","date_gmt":"2026-01-20T21:18:23","guid":{"rendered":"https:\/\/radiorevelacionfm.cl\/?p=63498"},"modified":"2026-01-20T18:18:23","modified_gmt":"2026-01-20T21:18:23","slug":"con-82-de-seleccionados-en-primera-preferencia-uaysen-comienza-periodo-de-matriculas-admision-2026","status":"publish","type":"post","link":"https:\/\/radiorevelacionfm.cl\/?p=63498","title":{"rendered":"Con 82% de seleccionados en primera preferencia, UAys\u00e9n comienza per\u00edodo de matr\u00edculas admisi\u00f3n 2026"},"content":{"rendered":"<div class=\"flex_column av_one_full  flex_column_div av-zero-column-padding first  avia-builder-el-0  el_before_av_one_full  avia-builder-el-first  \" style='border-radius:0px; '><div  class='avia-image-container  av-styling-    avia-builder-el-1  avia-builder-el-no-sibling  avia-align-center '  itemprop=\"image\" itemscope=\"itemscope\" itemtype=\"https:\/\/schema.org\/ImageObject\"  ><div class='avia-image-container-inner'><div class='avia-image-overlay-wrap'><img decoding=\"async\" class='wp-image-63499 avia-img-lazy-loading-not-63499 avia_image' src=\"https:\/\/radiorevelacionfm.cl\/wp-content\/uploads\/2026\/01\/DSC03125-1-1.jpg\" alt='' title='DSC03125 (1) (1)' height=\"600\" width=\"898\"  itemprop=\"thumbnailUrl\" srcset=\"https:\/\/radiorevelacionfm.cl\/wp-content\/uploads\/2026\/01\/DSC03125-1-1.jpg 898w, https:\/\/radiorevelacionfm.cl\/wp-content\/uploads\/2026\/01\/DSC03125-1-1-300x200.jpg 300w, https:\/\/radiorevelacionfm.cl\/wp-content\/uploads\/2026\/01\/DSC03125-1-1-768x513.jpg 768w, https:\/\/radiorevelacionfm.cl\/wp-content\/uploads\/2026\/01\/DSC03125-1-1-705x471.jpg 705w, https:\/\/radiorevelacionfm.cl\/wp-content\/uploads\/2026\/01\/DSC03125-1-1-450x301.jpg 450w, https:\/\/radiorevelacionfm.cl\/wp-content\/uploads\/2026\/01\/DSC03125-1-1-600x401.jpg 600w\" sizes=\"(max-width: 898px) 100vw, 898px\" \/><\/div><\/div><\/div><\/div><div class=\"flex_column av_one_full  flex_column_div av-zero-column-padding first  avia-builder-el-2  el_after_av_one_full  el_before_av_one_full  column-top-margin\" style='border-radius:0px; '><section class=\"av_textblock_section \"  itemscope=\"itemscope\" itemtype=\"https:\/\/schema.org\/BlogPosting\" itemprop=\"blogPost\" ><div class='avia_textblock  '   itemprop=\"text\" ><p style=\"text-align: center;\"><strong><span style=\"font-size: 18pt;\">Con 82% de seleccionados en primera preferencia, UAys\u00e9n comienza per\u00edodo de matr\u00edculas admisi\u00f3n 2026<\/span><\/strong><\/p>\n<div id=\"gtx-trans\" style=\"position: absolute; left: -50px; top: 4.31534px;\">\n<div class=\"gtx-trans-icon\"><\/div>\n<\/div>\n<\/div><\/section><\/div><div class=\"flex_column av_one_full  flex_column_div av-zero-column-padding first  avia-builder-el-4  el_after_av_one_full  el_before_av_hr  column-top-margin\" style='border-radius:0px; '><section class=\"av_textblock_section \"  itemscope=\"itemscope\" itemtype=\"https:\/\/schema.org\/BlogPosting\" itemprop=\"blogPost\" ><div class='avia_textblock  '   itemprop=\"text\" ><p style=\"text-align: justify;\">La Universidad de Ays\u00e9n inici\u00f3 el proceso de matr\u00edculas con un aumento superior al 15% en las postulaciones, proyectando 350 estudiantes nuevos y una comunidad universitaria que llegar\u00e1 a cerca de mil estudiantes en total.<\/p>\n<p style=\"text-align: justify;\">La Universidad de Ays\u00e9n dio inicio al per\u00edodo de matr\u00edculas Admisi\u00f3n 2026 para los seleccionados y seleccionadas, proceso que se desarrolla\u00a0 presencialmente en el Campus Lillo emplazado en la ciudad de Coyhaique y de manera remota en el sitio oficial\u00a0<a href=\"http:\/\/uaysen.cl\/\">uaysen.cl<\/a>. Esta actividad se enmarca en un escenario altamente positivo para la instituci\u00f3n ya que este a\u00f1o, la universidad registr\u00f3 un incremento superior al 15% en las postulaciones y alcanz\u00f3 un 82% de estudiantes que postularon en primera preferencia, uno de los porcentajes m\u00e1s altos del pa\u00eds, reflejando el creciente posicionamiento y confianza en el proyecto universitario regional.<\/p>\n<p style=\"text-align: justify;\">Durante la jornada inaugural, el Rector Dr. V\u00edctor Cubillos Godoy recorri\u00f3 las dependencias del campus, dialogando con los nuevos estudiantes y sus familias, destacando la consolidaci\u00f3n institucional que vive la universidad en la regi\u00f3n. \u201cBueno, decirles primero que estamos muy contentos que la universidad se est\u00e1 consolidando d\u00eda a d\u00eda en la regi\u00f3n. Creo que esta consolidaci\u00f3n se traduce en confianza. Los estudiantes est\u00e1n postulando a nuestra universidad y quiero destacar tres aspectos. El primero de ellos, que es muy importante, tenemos un importante incremento en las matr\u00edculas, tendremos 350 nuevos estudiantes en nuestra universidad y considerando que la regi\u00f3n tiene en general pocos estudiantes que ingresan de la educaci\u00f3n secundaria, eso es un gran \u00e9xito\u201d, expres\u00f3.<\/p>\n<p style=\"text-align: justify;\">En esa misma l\u00ednea, el Rector subray\u00f3 el alto nivel de claridad vocacional de quienes optaron por la instituci\u00f3n. \u201cLo segundo, decir tambi\u00e9n que esta consolidaci\u00f3n se va reflejando en el inter\u00e9s y en la claridad que tienen los estudiantes para postular. Nosotros tenemos 82% de nuestros estudiantes que postulan en primera opci\u00f3n a esta universidad. \u00bfY qu\u00e9 significa eso? Que tienen muy claro qu\u00e9 es lo que quieren y cuando uno tiene claridad significa que cree en esa carrera determinada. Y eso, la verdad que voy a decirlo tambi\u00e9n con orgullo, es un motivo de alegr\u00eda para nosotros porque el a\u00f1o pasado y este a\u00f1o creo que vamos a ser la primera universidad que tiene porcentajes tan altos donde los estudiantes postulan por primera vez a una carrera\u201d, subray\u00f3.<\/p>\n<p style=\"text-align: justify;\">Por su parte, el coordinador de Admisi\u00f3n UAys\u00e9n, David V\u00e1squez, relev\u00f3 el desarrollo del proceso y las proyecciones para el a\u00f1o acad\u00e9mico 2026. \u201cEstamos en pleno proceso de matr\u00edcula 2026. Son m\u00e1s de trescientos estudiantes los que nos han elegido como su casa de estudios de preferencia. Esperamos tener tambi\u00e9n alrededor de seiscientos estudiantes que ya se encontraban con nosotros desde a\u00f1os anteriores, para tener una comunidad de casi mil estudiantes\u201d.<\/p>\n<p style=\"text-align: justify;\">Asimismo, David V\u00e1squez destac\u00f3 el fortalecimiento de la infraestructura universitaria y la ampliaci\u00f3n de los espacios para la vida estudiantil. \u201cEstamos felices porque tambi\u00e9n tenemos casa nueva, inauguraremos nuevos espacios para los estudiantes, gimnasio, campus en R\u00edo Coyhaique, y tambi\u00e9n ac\u00e1 en el centro de la ciudad, en Err\u00e1zuriz. Si todav\u00eda quieres ser parte de la comunidad de la Universidad de Ays\u00e9n, tenemos algunas vacantes por repostulaci\u00f3n. Si no alcanzaste a postular a principios de enero, o bien, postulaste, pero te arrepentiste, te equivocaste, y si algunas de las carreras que a\u00fan conservan vacantes son de tu inter\u00e9s, cont\u00e1ctate a\u00a0<a href=\"mailto:admision@uaysen.cl\">admision@uaysen.cl<\/a>, o escribi\u00e9ndonos a nuestro WhatsApp, +56 939332051, no te pierdas la oportunidad de ser parte de la Universidad de Ays\u00e9n\u201d, enfatiz\u00f3.<\/p>\n<p style=\"text-align: justify;\">Desde el \u00e1mbito acad\u00e9mico, la Directora Acad\u00e9mica de la Universidad de Ays\u00e9n, Paulina Flores, destac\u00f3 el impacto del proceso de admisi\u00f3n 2026 y el aumento sostenido de postulaciones. \u201cComo el resto de las universidades del pa\u00eds, la Universidad de Ays\u00e9n tambi\u00e9n comienza su periodo de matr\u00edculas y sin duda, este a\u00f1o 2026, tiene sus frutos. Ha sido muy fruct\u00edfero para nosotros, tenemos una cantidad de postulantes que aument\u00f3, pero notablemente, en comparaci\u00f3n al a\u00f1o 2025, lo que para nosotros tambi\u00e9n nos reafirma de que los y las j\u00f3venes de la regi\u00f3n de Ays\u00e9n est\u00e1n viendo nuestra universidad como un espacio para su futuro, para vivir una vida universitaria, creyendo tambi\u00e9n en nuestro proyecto educativo. As\u00ed que esto para nosotros tambi\u00e9n es muy importante y nos llena de orgullo\u201d.<\/p>\n<p style=\"text-align: justify;\">En esa misma l\u00ednea, Paulina Flores relev\u00f3 el alto nivel de primera preferencia alcanzado por diversas carreras. \u201cTambi\u00e9n mencionar nuevamente el ser primera mayor\u00eda, hay carreras por ejemplo como agronom\u00eda, ingenier\u00eda forestal, ingenier\u00eda civil inform\u00e1tica, quienes el 100% de los postulantes eligieron a la Universidad de Ays\u00e9n, lo que tambi\u00e9n para nosotros, a todos quienes todav\u00eda tienen alguna duda y est\u00e1n indecisos a qu\u00e9 instituci\u00f3n postular luego de saber sus puntajes, los invito a que vengan a nuestra instituci\u00f3n, a que nos conozcan estos d\u00edas, a que vengan, conversen con nosotros, conversen con los acad\u00e9micos, con los funcionarios tambi\u00e9n de los distintos equipos que est\u00e1n trabajando ahora en el proceso de admisi\u00f3n, conozcan nuestros campus y que por supuesto despu\u00e9s tomen su decisi\u00f3n\u201d.<\/p>\n<p style=\"text-align: justify;\">Cabe se\u00f1alar que el per\u00edodo de matr\u00edculas 2026 se desarrolla en dos etapas. El primer per\u00edodo, destinado a estudiantes seleccionados y seleccionadas, se extender\u00e1 hasta el jueves 22 de enero, mientras que el segundo per\u00edodo, correspondiente a listas de espera y repostulaci\u00f3n, se realizar\u00e1 hasta el jueves 29 de enero. La atenci\u00f3n se efect\u00faa de manera presencial en el Campus Lillo, ubicado en la ciudad de Coyhaique, en horario de 09:00 a 18:00 horas, incluyendo s\u00e1bados y domingos, d\u00edas en que la atenci\u00f3n se realizar\u00e1 entre las 09:00 y las 13:00 horas.<\/p>\n<\/div><\/section><\/div><div  style='height:50px' class='hr hr-invisible   avia-builder-el-6  el_after_av_one_full  el_before_av_social_share '><span class='hr-inner ' ><span class='hr-inner-style'><\/span><\/span><\/div><\/p>\n<div  class='av-social-sharing-box  avia-builder-el-7  el_after_av_hr  el_before_av_hr  '><div class='av-share-box'><h5 class='av-share-link-description av-no-toc '>Compartir esta noticia<\/h5><ul class='av-share-box-list noLightbox'><li class='av-share-link av-social-link-facebook' ><a target=\"_blank\" aria-label=\"Compartir en Facebook\" href='https:\/\/www.facebook.com\/sharer.php?u=https:\/\/radiorevelacionfm.cl\/?p=63498&#038;t=Con%2082%25%20de%20seleccionados%20en%20primera%20preferencia%2C%20UAys%C3%A9n%20comienza%20per%C3%ADodo%20de%20matr%C3%ADculas%20admisi%C3%B3n%202026' aria-hidden='false' data-av_icon='\ue8f3' data-av_iconfont='entypo-fontello' title='' data-avia-related-tooltip='Compartir en Facebook' rel=\"noopener\"><span class='avia_hidden_link_text'>Compartir en Facebook<\/span><\/a><\/li><li class='av-share-link av-social-link-twitter' ><a target=\"_blank\" aria-label=\"Compartir en Twitter\" href='https:\/\/twitter.com\/share?text=Con%2082%25%20de%20seleccionados%20en%20primera%20preferencia%2C%20UAys%C3%A9n%20comienza%20per%C3%ADodo%20de%20matr%C3%ADculas%20admisi%C3%B3n%202026&#038;url=https:\/\/radiorevelacionfm.cl\/?p=63498' aria-hidden='false' data-av_icon='\ue8f1' data-av_iconfont='entypo-fontello' title='' data-avia-related-tooltip='Compartir en Twitter' rel=\"noopener\"><span class='avia_hidden_link_text'>Compartir en Twitter<\/span><\/a><\/li><li class='av-share-link av-social-link-whatsapp' ><a target=\"_blank\" aria-label=\"Compartir en Whatsapp\" href='https:\/\/api.whatsapp.com\/send?text=https:\/\/radiorevelacionfm.cl\/?p=63498' aria-hidden='false' data-av_icon='\uf232' data-av_iconfont='entypo-fontello' title='' data-avia-related-tooltip='Compartir en Whatsapp' rel=\"noopener\"><span class='avia_hidden_link_text'>Compartir en Whatsapp<\/span><\/a><\/li><li class='av-share-link av-social-link-linkedin' ><a target=\"_blank\" aria-label=\"Compartir en LinkedIn\" href='https:\/\/linkedin.com\/shareArticle?mini=true&#038;title=Con%2082%25%20de%20seleccionados%20en%20primera%20preferencia%2C%20UAys%C3%A9n%20comienza%20per%C3%ADodo%20de%20matr%C3%ADculas%20admisi%C3%B3n%202026&#038;url=https:\/\/radiorevelacionfm.cl\/?p=63498' aria-hidden='false' data-av_icon='\ue8fc' data-av_iconfont='entypo-fontello' title='' data-avia-related-tooltip='Compartir en LinkedIn' rel=\"noopener\"><span class='avia_hidden_link_text'>Compartir en LinkedIn<\/span><\/a><\/li><li class='av-share-link av-social-link-mail' ><a  aria-label=\"Compartir por correo\" href='mailto:?subject=Con%2082%25%20de%20seleccionados%20en%20primera%20preferencia%2C%20UAys%C3%A9n%20comienza%20per%C3%ADodo%20de%20matr%C3%ADculas%20admisi%C3%B3n%202026&#038;body=https:\/\/radiorevelacionfm.cl\/?p=63498' aria-hidden='false' data-av_icon='\ue805' data-av_iconfont='entypo-fontello' title='' data-avia-related-tooltip='Compartir por correo'><span class='avia_hidden_link_text'>Compartir por correo<\/span><\/a><\/li><\/ul><\/div><\/div>\n<div  style='height:50px' class='hr hr-invisible   avia-builder-el-8  el_after_av_social_share  el_before_av_comments_list '><span class='hr-inner ' ><span class='hr-inner-style'><\/span><\/span><\/div>\n<div  class='av-buildercomment  av-blog-meta-html-info-disabled av-blog-meta-tag-disabled  '><\/div>\n","protected":false},"excerpt":{"rendered":"","protected":false},"author":1,"featured_media":63499,"comment_status":"closed","ping_status":"closed","sticky":false,"template":"","format":"standard","meta":{"footnotes":""},"categories":[49],"tags":[],"class_list":["post-63498","post","type-post","status-publish","format-standard","has-post-thumbnail","hentry","category-educacion"],"jetpack_featured_media_url":"https:\/\/radiorevelacionfm.cl\/wp-content\/uploads\/2026\/01\/DSC03125-1-1.jpg","_links":{"self":[{"href":"https:\/\/radiorevelacionfm.cl\/index.php?rest_route=\/wp\/v2\/posts\/63498","targetHints":{"allow":["GET"]}}],"collection":[{"href":"https:\/\/radiorevelacionfm.cl\/index.php?rest_route=\/wp\/v2\/posts"}],"about":[{"href":"https:\/\/radiorevelacionfm.cl\/index.php?rest_route=\/wp\/v2\/types\/post"}],"author":[{"embeddable":true,"href":"https:\/\/radiorevelacionfm.cl\/index.php?rest_route=\/wp\/v2\/users\/1"}],"replies":[{"embeddable":true,"href":"https:\/\/radiorevelacionfm.cl\/index.php?rest_route=%2Fwp%2Fv2%2Fcomments&post=63498"}],"version-history":[{"count":2,"href":"https:\/\/radiorevelacionfm.cl\/index.php?rest_route=\/wp\/v2\/posts\/63498\/revisions"}],"predecessor-version":[{"id":63501,"href":"https:\/\/radiorevelacionfm.cl\/index.php?rest_route=\/wp\/v2\/posts\/63498\/revisions\/63501"}],"wp:featuredmedia":[{"embeddable":true,"href":"https:\/\/radiorevelacionfm.cl\/index.php?rest_route=\/wp\/v2\/media\/63499"}],"wp:attachment":[{"href":"https:\/\/radiorevelacionfm.cl\/index.php?rest_route=%2Fwp%2Fv2%2Fmedia&parent=63498"}],"wp:term":[{"taxonomy":"category","embeddable":true,"href":"https:\/\/radiorevelacionfm.cl\/index.php?rest_route=%2Fwp%2Fv2%2Fcategories&post=63498"},{"taxonomy":"post_tag","embeddable":true,"href":"https:\/\/radiorevelacionfm.cl\/index.php?rest_route=%2Fwp%2Fv2%2Ftags&post=63498"}],"curies":[{"name":"wp","href":"https:\/\/api.w.org\/{rel}","templated":true}]}}