{"id":63487,"date":"2026-01-20T15:23:42","date_gmt":"2026-01-20T18:23:42","guid":{"rendered":"https:\/\/radiorevelacionfm.cl\/?p=63487"},"modified":"2026-01-20T15:23:42","modified_gmt":"2026-01-20T18:23:42","slug":"sernac-oficia-a-banco-santander-tras-cambios-en-su-programa-de-fidelizacion","status":"publish","type":"post","link":"https:\/\/radiorevelacionfm.cl\/?p=63487","title":{"rendered":"Sernac oficia a Banco Santander tras cambios en su programa de fidelizaci\u00f3n"},"content":{"rendered":"<div class=\"flex_column av_one_full  flex_column_div av-zero-column-padding first  avia-builder-el-0  el_before_av_one_full  avia-builder-el-first  \" style='border-radius:0px; '><div  class='avia-image-container  av-styling-    avia-builder-el-1  avia-builder-el-no-sibling  avia-align-center '  itemprop=\"image\" itemscope=\"itemscope\" itemtype=\"https:\/\/schema.org\/ImageObject\"  ><div class='avia-image-container-inner'><div class='avia-image-overlay-wrap'><img decoding=\"async\" class='wp-image-63488 avia-img-lazy-loading-not-63488 avia_image' src=\"https:\/\/radiorevelacionfm.cl\/wp-content\/uploads\/2026\/01\/19_01_WEB_SANTANDER-2026-1-1.jpg\" alt='' title='19_01_WEB_SANTANDER 2026 (1) (1)' height=\"600\" width=\"900\"  itemprop=\"thumbnailUrl\" srcset=\"https:\/\/radiorevelacionfm.cl\/wp-content\/uploads\/2026\/01\/19_01_WEB_SANTANDER-2026-1-1.jpg 900w, https:\/\/radiorevelacionfm.cl\/wp-content\/uploads\/2026\/01\/19_01_WEB_SANTANDER-2026-1-1-300x200.jpg 300w, https:\/\/radiorevelacionfm.cl\/wp-content\/uploads\/2026\/01\/19_01_WEB_SANTANDER-2026-1-1-768x512.jpg 768w, https:\/\/radiorevelacionfm.cl\/wp-content\/uploads\/2026\/01\/19_01_WEB_SANTANDER-2026-1-1-705x470.jpg 705w, https:\/\/radiorevelacionfm.cl\/wp-content\/uploads\/2026\/01\/19_01_WEB_SANTANDER-2026-1-1-450x300.jpg 450w, https:\/\/radiorevelacionfm.cl\/wp-content\/uploads\/2026\/01\/19_01_WEB_SANTANDER-2026-1-1-600x400.jpg 600w\" sizes=\"(max-width: 900px) 100vw, 900px\" \/><\/div><\/div><\/div><\/div><div class=\"flex_column av_one_full  flex_column_div av-zero-column-padding first  avia-builder-el-2  el_after_av_one_full  el_before_av_one_full  column-top-margin\" style='border-radius:0px; '><section class=\"av_textblock_section \"  itemscope=\"itemscope\" itemtype=\"https:\/\/schema.org\/BlogPosting\" itemprop=\"blogPost\" ><div class='avia_textblock  '   itemprop=\"text\" ><p style=\"text-align: center;\"><strong><span style=\"font-size: 18pt;\">Sernac oficia a Banco Santander tras cambios en su programa de fidelizaci\u00f3n<\/span><\/strong><\/p>\n<div id=\"gtx-trans\" style=\"position: absolute; left: -50px; top: 4.31534px;\">\n<div class=\"gtx-trans-icon\"><\/div>\n<\/div>\n<\/div><\/section><\/div><div class=\"flex_column av_one_full  flex_column_div av-zero-column-padding first  avia-builder-el-4  el_after_av_one_full  el_before_av_hr  column-top-margin\" style='border-radius:0px; '><section class=\"av_textblock_section \"  itemscope=\"itemscope\" itemtype=\"https:\/\/schema.org\/BlogPosting\" itemprop=\"blogPost\" ><div class='avia_textblock  '   itemprop=\"text\" ><ul>\n<li style=\"text-align: justify;\"><em>Se trata de \u201cSantander Rewards\u201d que modifica una serie de beneficios con los que contaban los clientes del banco<\/em><\/li>\n<li style=\"text-align: justify;\"><em>Se solicit\u00f3 el n\u00famero total de afectados por el cambio y el procedimiento utilizado para informar a las y los consumidores, entre otras cosas. <\/em><\/li>\n<li style=\"text-align: justify;\"><em>El Banco tendr\u00e1 un plazo de 10 d\u00edas h\u00e1biles administrativos para dar respuesta al Servicio.<\/em><\/li>\n<\/ul>\n<p style=\"text-align: justify;\">El Servicio Nacional del Consumidor (SERNAC) tom\u00f3 conocimiento, mediante informaci\u00f3n divulgada en diversos medios de comunicaci\u00f3n, que Banco Santander anunci\u00f3 a sus clientes una reestructuraci\u00f3n significativa de su sistema de fidelizaci\u00f3n.<\/p>\n<p style=\"text-align: justify;\">En espec\u00edfico, se trata de la implementaci\u00f3n de \u201cSantander Rewards\u201d que modifica la tasa de acumulaci\u00f3n de millas, elimina una de las categor\u00edas del programa anterior y restringe el beneficio de equipaje, entre otros.<\/p>\n<p style=\"text-align: justify;\">Lo anterior ha generado molestia entre los clientes de la entidad financiera, quienes se han manifestado a trav\u00e9s de redes sociales y tambi\u00e9n ingresando sus reclamos ante SERNAC.<\/p>\n<p style=\"text-align: justify;\">A ra\u00edz de todo lo anterior, SERNAC decidi\u00f3 oficiar a Santander para que entregue diversos antecedentes, entre ellos, el n\u00famero total de consumidores que mantienen contratos de tarjeta de cr\u00e9dito vigentes con el Banco y que se ven afectados por la transici\u00f3n al nuevo programa.<\/p>\n<p style=\"text-align: justify;\">Por \u00faltimo, que informe de manera detallada el procedimiento, plazos y canales de comunicaci\u00f3n utilizados para informar a las personas consumidoras las modificaciones al sistema de beneficios y fidelizaci\u00f3n.<\/p>\n<p style=\"text-align: justify;\">Para esto, tendr\u00e1n un plazo de 10 d\u00edas h\u00e1biles y as\u00ed el Servicio podr\u00e1 verificar si la entidad est\u00e1 cumpliendo con la normativa vigente. En caso de no entregar una respuesta, SERNAC podr\u00e1 evaluar otras acciones para ir en defensa de los derechos de las y los consumidores afectados por esta situaci\u00f3n.<\/p>\n<p style=\"text-align: justify;\">En caso de querer ingresar un reclamo por este u otra situaci\u00f3n, las personas consumidoras pueden hacerlo directamente en <a href=\"http:\/\/sernac.cl\">SERNAC.cl<\/a>, llamando gratuitamente al 800 700 100 y de manera presencial, en las oficinas ubicadas en cada regi\u00f3n del pa\u00eds.<\/p>\n<\/div><\/section><\/div><div  style='height:50px' class='hr hr-invisible   avia-builder-el-6  el_after_av_one_full  el_before_av_social_share '><span class='hr-inner ' ><span class='hr-inner-style'><\/span><\/span><\/div><\/p>\n<div  class='av-social-sharing-box  avia-builder-el-7  el_after_av_hr  el_before_av_hr  '><div class='av-share-box'><h5 class='av-share-link-description av-no-toc '>Compartir esta noticia<\/h5><ul class='av-share-box-list noLightbox'><li class='av-share-link av-social-link-facebook' ><a target=\"_blank\" aria-label=\"Compartir en Facebook\" href='https:\/\/www.facebook.com\/sharer.php?u=https:\/\/radiorevelacionfm.cl\/?p=63487&#038;t=Sernac%20oficia%20a%20Banco%20Santander%20tras%20cambios%20en%20su%20programa%20de%20fidelizaci%C3%B3n' aria-hidden='false' data-av_icon='\ue8f3' data-av_iconfont='entypo-fontello' title='' data-avia-related-tooltip='Compartir en Facebook' rel=\"noopener\"><span class='avia_hidden_link_text'>Compartir en Facebook<\/span><\/a><\/li><li class='av-share-link av-social-link-twitter' ><a target=\"_blank\" aria-label=\"Compartir en Twitter\" href='https:\/\/twitter.com\/share?text=Sernac%20oficia%20a%20Banco%20Santander%20tras%20cambios%20en%20su%20programa%20de%20fidelizaci%C3%B3n&#038;url=https:\/\/radiorevelacionfm.cl\/?p=63487' aria-hidden='false' data-av_icon='\ue8f1' data-av_iconfont='entypo-fontello' title='' data-avia-related-tooltip='Compartir en Twitter' rel=\"noopener\"><span class='avia_hidden_link_text'>Compartir en Twitter<\/span><\/a><\/li><li class='av-share-link av-social-link-whatsapp' ><a target=\"_blank\" aria-label=\"Compartir en Whatsapp\" href='https:\/\/api.whatsapp.com\/send?text=https:\/\/radiorevelacionfm.cl\/?p=63487' aria-hidden='false' data-av_icon='\uf232' data-av_iconfont='entypo-fontello' title='' data-avia-related-tooltip='Compartir en Whatsapp' rel=\"noopener\"><span class='avia_hidden_link_text'>Compartir en Whatsapp<\/span><\/a><\/li><li class='av-share-link av-social-link-linkedin' ><a target=\"_blank\" aria-label=\"Compartir en LinkedIn\" href='https:\/\/linkedin.com\/shareArticle?mini=true&#038;title=Sernac%20oficia%20a%20Banco%20Santander%20tras%20cambios%20en%20su%20programa%20de%20fidelizaci%C3%B3n&#038;url=https:\/\/radiorevelacionfm.cl\/?p=63487' aria-hidden='false' data-av_icon='\ue8fc' data-av_iconfont='entypo-fontello' title='' data-avia-related-tooltip='Compartir en LinkedIn' rel=\"noopener\"><span class='avia_hidden_link_text'>Compartir en LinkedIn<\/span><\/a><\/li><li class='av-share-link av-social-link-mail' ><a  aria-label=\"Compartir por correo\" href='mailto:?subject=Sernac%20oficia%20a%20Banco%20Santander%20tras%20cambios%20en%20su%20programa%20de%20fidelizaci%C3%B3n&#038;body=https:\/\/radiorevelacionfm.cl\/?p=63487' aria-hidden='false' data-av_icon='\ue805' data-av_iconfont='entypo-fontello' title='' data-avia-related-tooltip='Compartir por correo'><span class='avia_hidden_link_text'>Compartir por correo<\/span><\/a><\/li><\/ul><\/div><\/div>\n<div  style='height:50px' class='hr hr-invisible   avia-builder-el-8  el_after_av_social_share  el_before_av_comments_list '><span class='hr-inner ' ><span class='hr-inner-style'><\/span><\/span><\/div>\n<div  class='av-buildercomment  av-blog-meta-html-info-disabled av-blog-meta-tag-disabled  '><\/div>\n","protected":false},"excerpt":{"rendered":"","protected":false},"author":1,"featured_media":63488,"comment_status":"closed","ping_status":"closed","sticky":false,"template":"","format":"standard","meta":{"footnotes":""},"categories":[61],"tags":[],"class_list":["post-63487","post","type-post","status-publish","format-standard","has-post-thumbnail","hentry","category-nacional"],"jetpack_featured_media_url":"https:\/\/radiorevelacionfm.cl\/wp-content\/uploads\/2026\/01\/19_01_WEB_SANTANDER-2026-1-1.jpg","_links":{"self":[{"href":"https:\/\/radiorevelacionfm.cl\/index.php?rest_route=\/wp\/v2\/posts\/63487","targetHints":{"allow":["GET"]}}],"collection":[{"href":"https:\/\/radiorevelacionfm.cl\/index.php?rest_route=\/wp\/v2\/posts"}],"about":[{"href":"https:\/\/radiorevelacionfm.cl\/index.php?rest_route=\/wp\/v2\/types\/post"}],"author":[{"embeddable":true,"href":"https:\/\/radiorevelacionfm.cl\/index.php?rest_route=\/wp\/v2\/users\/1"}],"replies":[{"embeddable":true,"href":"https:\/\/radiorevelacionfm.cl\/index.php?rest_route=%2Fwp%2Fv2%2Fcomments&post=63487"}],"version-history":[{"count":2,"href":"https:\/\/radiorevelacionfm.cl\/index.php?rest_route=\/wp\/v2\/posts\/63487\/revisions"}],"predecessor-version":[{"id":63490,"href":"https:\/\/radiorevelacionfm.cl\/index.php?rest_route=\/wp\/v2\/posts\/63487\/revisions\/63490"}],"wp:featuredmedia":[{"embeddable":true,"href":"https:\/\/radiorevelacionfm.cl\/index.php?rest_route=\/wp\/v2\/media\/63488"}],"wp:attachment":[{"href":"https:\/\/radiorevelacionfm.cl\/index.php?rest_route=%2Fwp%2Fv2%2Fmedia&parent=63487"}],"wp:term":[{"taxonomy":"category","embeddable":true,"href":"https:\/\/radiorevelacionfm.cl\/index.php?rest_route=%2Fwp%2Fv2%2Fcategories&post=63487"},{"taxonomy":"post_tag","embeddable":true,"href":"https:\/\/radiorevelacionfm.cl\/index.php?rest_route=%2Fwp%2Fv2%2Ftags&post=63487"}],"curies":[{"name":"wp","href":"https:\/\/api.w.org\/{rel}","templated":true}]}}