{"id":63482,"date":"2026-01-20T12:58:38","date_gmt":"2026-01-20T15:58:38","guid":{"rendered":"https:\/\/radiorevelacionfm.cl\/?p=63482"},"modified":"2026-01-20T12:58:38","modified_gmt":"2026-01-20T15:58:38","slug":"municipio-de-coyhaique-y-comite-productivo-avanzan-en-fortalecer-el-encuentro-costumbrista-de-cerro-galera","status":"publish","type":"post","link":"https:\/\/radiorevelacionfm.cl\/?p=63482","title":{"rendered":"Municipio de Coyhaique y Comit\u00e9 Productivo avanzan en fortalecer el Encuentro Costumbrista de Cerro Galera"},"content":{"rendered":"<div class=\"flex_column av_one_full  flex_column_div av-zero-column-padding first  avia-builder-el-0  el_before_av_one_full  avia-builder-el-first  \" style='border-radius:0px; '><div  class='avia-image-container  av-styling-    avia-builder-el-1  avia-builder-el-no-sibling  avia-align-center '  itemprop=\"image\" itemscope=\"itemscope\" itemtype=\"https:\/\/schema.org\/ImageObject\"  ><div class='avia-image-container-inner'><div class='avia-image-overlay-wrap'><img decoding=\"async\" class='wp-image-63483 avia-img-lazy-loading-not-63483 avia_image' src=\"https:\/\/radiorevelacionfm.cl\/wp-content\/uploads\/2026\/01\/cerro-galera-5-1_optimized-1.jpeg\" alt='' title='cerro-galera-5-(1)_optimized (1)' height=\"600\" width=\"800\"  itemprop=\"thumbnailUrl\" srcset=\"https:\/\/radiorevelacionfm.cl\/wp-content\/uploads\/2026\/01\/cerro-galera-5-1_optimized-1.jpeg 800w, https:\/\/radiorevelacionfm.cl\/wp-content\/uploads\/2026\/01\/cerro-galera-5-1_optimized-1-300x225.jpeg 300w, https:\/\/radiorevelacionfm.cl\/wp-content\/uploads\/2026\/01\/cerro-galera-5-1_optimized-1-768x576.jpeg 768w, https:\/\/radiorevelacionfm.cl\/wp-content\/uploads\/2026\/01\/cerro-galera-5-1_optimized-1-705x529.jpeg 705w, https:\/\/radiorevelacionfm.cl\/wp-content\/uploads\/2026\/01\/cerro-galera-5-1_optimized-1-450x338.jpeg 450w, https:\/\/radiorevelacionfm.cl\/wp-content\/uploads\/2026\/01\/cerro-galera-5-1_optimized-1-600x450.jpeg 600w\" sizes=\"(max-width: 800px) 100vw, 800px\" \/><\/div><\/div><\/div><\/div><div class=\"flex_column av_one_full  flex_column_div av-zero-column-padding first  avia-builder-el-2  el_after_av_one_full  el_before_av_one_full  column-top-margin\" style='border-radius:0px; '><section class=\"av_textblock_section \"  itemscope=\"itemscope\" itemtype=\"https:\/\/schema.org\/BlogPosting\" itemprop=\"blogPost\" ><div class='avia_textblock  '   itemprop=\"text\" ><p style=\"text-align: center;\"><strong><span style=\"font-size: 18pt;\">Municipio de Coyhaique y Comit\u00e9 Productivo avanzan en fortalecer el Encuentro Costumbrista de Cerro Galera<\/span><\/strong><\/p>\n<div id=\"gtx-trans\" style=\"position: absolute; left: -50px; top: 4.31534px;\">\n<div class=\"gtx-trans-icon\"><\/div>\n<\/div>\n<\/div><\/section><\/div><div class=\"flex_column av_one_full  flex_column_div av-zero-column-padding first  avia-builder-el-4  el_after_av_one_full  el_before_av_hr  column-top-margin\" style='border-radius:0px; '><section class=\"av_textblock_section \"  itemscope=\"itemscope\" itemtype=\"https:\/\/schema.org\/BlogPosting\" itemprop=\"blogPost\" ><div class='avia_textblock  '   itemprop=\"text\" ><p style=\"text-align: justify;\">Con una alta participaci\u00f3n de vecinos y visitantes, la comunidad de Cerro Galera desarroll\u00f3 el pasado fin de semana una nueva versi\u00f3n de su Fiesta Costumbrista, una actividad organizada de manera autogestionada por el Comit\u00e9 de Fomento Productivo y las organizaciones del sector, que cont\u00f3 con el acompa\u00f1amiento y apoyo de la Municipalidad de Coyhaique para fortalecer su organizaci\u00f3n, desarrollo y proyecci\u00f3n.<\/p>\n<p style=\"text-align: justify;\">La jornada reuni\u00f3 a artesanos, emprendedores, productores locales y familias en torno a la gastronom\u00eda t\u00edpica, la m\u00fasica y los juegos tradicionales, consolid\u00e1ndose como un espacio de encuentro que pone en valor la identidad del territorio y genera oportunidades para el desarrollo local.<\/p>\n<p style=\"text-align: justify;\">Adem\u00e1s de Cerro Galera, durante esta temporada estival la Municipalidad de Coyhaique ha acompa\u00f1ado el desarrollo de otras fiestas impulsadas por las comunidades, como el Festival de la Morilla y la fiesta de Jineteadas de Balmaceda, fortaleciendo una agenda de actividades que dinamizan la econom\u00eda local y promueve el turismo rural.<\/p>\n<p style=\"text-align: justify;\">Cada una de estas actividades es organizada por las propias comunidades, quienes definen su programaci\u00f3n, levantan a sus emprendedores, artesanos y artistas, y construyen estos espacios de encuentro desde el trabajo colaborativo. En ese proceso, la Municipalidad de Coyhaique cumple un rol de apoyo t\u00e9cnico y log\u00edstico, acompa\u00f1ando la planificaci\u00f3n, facilitando la coordinaci\u00f3n intersectorial, la tramitaci\u00f3n de permisos, la gesti\u00f3n de infraestructura y la articulaci\u00f3n con servicios p\u00fablicos, para que cada fiesta se desarrolle de manera segura y ordenada.<\/p>\n<p style=\"text-align: justify;\">Desde el municipio, el alcalde de Coyhaique, Carlos Gatica Villegas, destac\u00f3 que \u201clas Fiestas Costumbristas no solo son espacios de encuentro para nuestros vecinos, sino que tambi\u00e9n representan una tremenda oportunidad de desarrollo para los sectores rurales de la comuna. Como municipio estamos comprometidos con acompa\u00f1ar a las organizaciones en cada etapa del proceso, porque entendemos que estas actividades fortalecen la identidad y mueven la econom\u00eda de nuestros territorios\u201d.<\/p>\n<p style=\"text-align: justify;\">En la misma l\u00ednea, la directora de Desarrollo Comunitario, Paz Foitzich, se\u00f1al\u00f3 que \u201cesta es una fiesta autogestionada, pero que hoy cuenta con un apoyo decidido del municipio para trabajar junto a la comunidad, de manera que siga creciendo y se convierta en un espacio donde los emprendedores locales puedan vender sus productos y donde el turismo tambi\u00e9n encuentre una vitrina para promover este territorio\u201d.<\/p>\n<p style=\"text-align: justify;\">El presidente del Comit\u00e9 de Fomento Productivo de Cerro Galera, C\u00e9sar Cifuentes Parada, valor\u00f3 este trabajo conjunto, indicando que \u201cagradecemos la oportunidad que nos dan para poder realizar estos eventos, porque a\u00f1o a a\u00f1o se han ido consolidando y hoy tenemos la posibilidad de seguir mejor\u00e1ndolos y proyectarlos hacia el futuro\u201d.<\/p>\n<p style=\"text-align: justify;\">La historia y el esfuerzo comunitario tambi\u00e9n fueron relevados por Olivia Parada, vecina del sector, quien record\u00f3 los inicios: \u201cEmpezamos desde cero, reuni\u00e9ndonos en casas de vecinos y juntando fondos, y hoy ver esta fiesta consolidada es un orgullo enorme, porque todo se ha hecho con trabajo y colaboraci\u00f3n\u201d.<\/p>\n<p style=\"text-align: justify;\">Finalmente, desde el municipio extendieron la invitaci\u00f3n a participar en la <strong>XVII versi\u00f3n de la Fiesta Costumbrista 4 Lagos<\/strong>, que se realizar\u00e1 los d\u00edas <strong>6, 7 y 8 de febrero en la Escuela Lago Pollux<\/strong>, un nuevo encuentro organizado por la comunidad con apoyo municipal, que promete m\u00fasica, gastronom\u00eda, artesan\u00eda y tradiciones para toda la familia.<\/p>\n<\/div><\/section><\/div><div  style='height:50px' class='hr hr-invisible   avia-builder-el-6  el_after_av_one_full  el_before_av_social_share '><span class='hr-inner ' ><span class='hr-inner-style'><\/span><\/span><\/div><\/p>\n<div  class='av-social-sharing-box  avia-builder-el-7  el_after_av_hr  el_before_av_hr  '><div class='av-share-box'><h5 class='av-share-link-description av-no-toc '>Compartir esta noticia<\/h5><ul class='av-share-box-list noLightbox'><li class='av-share-link av-social-link-facebook' ><a target=\"_blank\" aria-label=\"Compartir en Facebook\" href='https:\/\/www.facebook.com\/sharer.php?u=https:\/\/radiorevelacionfm.cl\/?p=63482&#038;t=Municipio%20de%20Coyhaique%20y%20Comit%C3%A9%20Productivo%20avanzan%20en%20fortalecer%20el%20Encuentro%20Costumbrista%20de%20Cerro%20Galera' aria-hidden='false' data-av_icon='\ue8f3' data-av_iconfont='entypo-fontello' title='' data-avia-related-tooltip='Compartir en Facebook' rel=\"noopener\"><span class='avia_hidden_link_text'>Compartir en Facebook<\/span><\/a><\/li><li class='av-share-link av-social-link-twitter' ><a target=\"_blank\" aria-label=\"Compartir en Twitter\" href='https:\/\/twitter.com\/share?text=Municipio%20de%20Coyhaique%20y%20Comit%C3%A9%20Productivo%20avanzan%20en%20fortalecer%20el%20Encuentro%20Costumbrista%20de%20Cerro%20Galera&#038;url=https:\/\/radiorevelacionfm.cl\/?p=63482' aria-hidden='false' data-av_icon='\ue8f1' data-av_iconfont='entypo-fontello' title='' data-avia-related-tooltip='Compartir en Twitter' rel=\"noopener\"><span class='avia_hidden_link_text'>Compartir en Twitter<\/span><\/a><\/li><li class='av-share-link av-social-link-whatsapp' ><a target=\"_blank\" aria-label=\"Compartir en Whatsapp\" href='https:\/\/api.whatsapp.com\/send?text=https:\/\/radiorevelacionfm.cl\/?p=63482' aria-hidden='false' data-av_icon='\uf232' data-av_iconfont='entypo-fontello' title='' data-avia-related-tooltip='Compartir en Whatsapp' rel=\"noopener\"><span class='avia_hidden_link_text'>Compartir en Whatsapp<\/span><\/a><\/li><li class='av-share-link av-social-link-linkedin' ><a target=\"_blank\" aria-label=\"Compartir en LinkedIn\" href='https:\/\/linkedin.com\/shareArticle?mini=true&#038;title=Municipio%20de%20Coyhaique%20y%20Comit%C3%A9%20Productivo%20avanzan%20en%20fortalecer%20el%20Encuentro%20Costumbrista%20de%20Cerro%20Galera&#038;url=https:\/\/radiorevelacionfm.cl\/?p=63482' aria-hidden='false' data-av_icon='\ue8fc' data-av_iconfont='entypo-fontello' title='' data-avia-related-tooltip='Compartir en LinkedIn' rel=\"noopener\"><span class='avia_hidden_link_text'>Compartir en LinkedIn<\/span><\/a><\/li><li class='av-share-link av-social-link-mail' ><a  aria-label=\"Compartir por correo\" href='mailto:?subject=Municipio%20de%20Coyhaique%20y%20Comit%C3%A9%20Productivo%20avanzan%20en%20fortalecer%20el%20Encuentro%20Costumbrista%20de%20Cerro%20Galera&#038;body=https:\/\/radiorevelacionfm.cl\/?p=63482' aria-hidden='false' data-av_icon='\ue805' data-av_iconfont='entypo-fontello' title='' data-avia-related-tooltip='Compartir por correo'><span class='avia_hidden_link_text'>Compartir por correo<\/span><\/a><\/li><\/ul><\/div><\/div>\n<div  style='height:50px' class='hr hr-invisible   avia-builder-el-8  el_after_av_social_share  el_before_av_comments_list '><span class='hr-inner ' ><span class='hr-inner-style'><\/span><\/span><\/div>\n<div  class='av-buildercomment  av-blog-meta-html-info-disabled av-blog-meta-tag-disabled  '><\/div>\n","protected":false},"excerpt":{"rendered":"","protected":false},"author":1,"featured_media":63483,"comment_status":"closed","ping_status":"closed","sticky":false,"template":"","format":"standard","meta":{"footnotes":""},"categories":[38],"tags":[],"class_list":["post-63482","post","type-post","status-publish","format-standard","has-post-thumbnail","hentry","category-regional"],"jetpack_featured_media_url":"https:\/\/radiorevelacionfm.cl\/wp-content\/uploads\/2026\/01\/cerro-galera-5-1_optimized-1.jpeg","_links":{"self":[{"href":"https:\/\/radiorevelacionfm.cl\/index.php?rest_route=\/wp\/v2\/posts\/63482","targetHints":{"allow":["GET"]}}],"collection":[{"href":"https:\/\/radiorevelacionfm.cl\/index.php?rest_route=\/wp\/v2\/posts"}],"about":[{"href":"https:\/\/radiorevelacionfm.cl\/index.php?rest_route=\/wp\/v2\/types\/post"}],"author":[{"embeddable":true,"href":"https:\/\/radiorevelacionfm.cl\/index.php?rest_route=\/wp\/v2\/users\/1"}],"replies":[{"embeddable":true,"href":"https:\/\/radiorevelacionfm.cl\/index.php?rest_route=%2Fwp%2Fv2%2Fcomments&post=63482"}],"version-history":[{"count":2,"href":"https:\/\/radiorevelacionfm.cl\/index.php?rest_route=\/wp\/v2\/posts\/63482\/revisions"}],"predecessor-version":[{"id":63485,"href":"https:\/\/radiorevelacionfm.cl\/index.php?rest_route=\/wp\/v2\/posts\/63482\/revisions\/63485"}],"wp:featuredmedia":[{"embeddable":true,"href":"https:\/\/radiorevelacionfm.cl\/index.php?rest_route=\/wp\/v2\/media\/63483"}],"wp:attachment":[{"href":"https:\/\/radiorevelacionfm.cl\/index.php?rest_route=%2Fwp%2Fv2%2Fmedia&parent=63482"}],"wp:term":[{"taxonomy":"category","embeddable":true,"href":"https:\/\/radiorevelacionfm.cl\/index.php?rest_route=%2Fwp%2Fv2%2Fcategories&post=63482"},{"taxonomy":"post_tag","embeddable":true,"href":"https:\/\/radiorevelacionfm.cl\/index.php?rest_route=%2Fwp%2Fv2%2Ftags&post=63482"}],"curies":[{"name":"wp","href":"https:\/\/api.w.org\/{rel}","templated":true}]}}