{"id":63478,"date":"2026-01-20T12:52:05","date_gmt":"2026-01-20T15:52:05","guid":{"rendered":"https:\/\/radiorevelacionfm.cl\/?p=63478"},"modified":"2026-01-20T12:52:05","modified_gmt":"2026-01-20T15:52:05","slug":"invitan-a-productores-de-la-comuna-de-aysen-a-capacitarse-gratuitamente-en-sistemas-hidroponicos-durante-2026","status":"publish","type":"post","link":"https:\/\/radiorevelacionfm.cl\/?p=63478","title":{"rendered":"Invitan a productores de la comuna de Ays\u00e9n a capacitarse gratuitamente en sistemas hidrop\u00f3nicos durante 2026"},"content":{"rendered":"<div class=\"flex_column av_one_full  flex_column_div av-zero-column-padding first  avia-builder-el-0  el_before_av_one_full  avia-builder-el-first  \" style='border-radius:0px; '><div  class='avia-image-container  av-styling-    avia-builder-el-1  avia-builder-el-no-sibling  avia-align-center '  itemprop=\"image\" itemscope=\"itemscope\" itemtype=\"https:\/\/schema.org\/ImageObject\"  ><div class='avia-image-container-inner'><div class='avia-image-overlay-wrap'><img decoding=\"async\" class='wp-image-63479 avia-img-lazy-loading-not-63479 avia_image' src=\"https:\/\/radiorevelacionfm.cl\/wp-content\/uploads\/2026\/01\/pdt-corfo-2-1-1_optimized.jpg\" alt='' title='pdt-corfo--(2)-(1)-(1)_optimized' height=\"800\" width=\"800\"  itemprop=\"thumbnailUrl\" srcset=\"https:\/\/radiorevelacionfm.cl\/wp-content\/uploads\/2026\/01\/pdt-corfo-2-1-1_optimized.jpg 800w, https:\/\/radiorevelacionfm.cl\/wp-content\/uploads\/2026\/01\/pdt-corfo-2-1-1_optimized-300x300.jpg 300w, https:\/\/radiorevelacionfm.cl\/wp-content\/uploads\/2026\/01\/pdt-corfo-2-1-1_optimized-80x80.jpg 80w, https:\/\/radiorevelacionfm.cl\/wp-content\/uploads\/2026\/01\/pdt-corfo-2-1-1_optimized-768x768.jpg 768w, https:\/\/radiorevelacionfm.cl\/wp-content\/uploads\/2026\/01\/pdt-corfo-2-1-1_optimized-36x36.jpg 36w, https:\/\/radiorevelacionfm.cl\/wp-content\/uploads\/2026\/01\/pdt-corfo-2-1-1_optimized-180x180.jpg 180w, https:\/\/radiorevelacionfm.cl\/wp-content\/uploads\/2026\/01\/pdt-corfo-2-1-1_optimized-705x705.jpg 705w, https:\/\/radiorevelacionfm.cl\/wp-content\/uploads\/2026\/01\/pdt-corfo-2-1-1_optimized-120x120.jpg 120w, https:\/\/radiorevelacionfm.cl\/wp-content\/uploads\/2026\/01\/pdt-corfo-2-1-1_optimized-450x450.jpg 450w, https:\/\/radiorevelacionfm.cl\/wp-content\/uploads\/2026\/01\/pdt-corfo-2-1-1_optimized-600x600.jpg 600w, https:\/\/radiorevelacionfm.cl\/wp-content\/uploads\/2026\/01\/pdt-corfo-2-1-1_optimized-100x100.jpg 100w\" sizes=\"(max-width: 800px) 100vw, 800px\" \/><\/div><\/div><\/div><\/div><div class=\"flex_column av_one_full  flex_column_div av-zero-column-padding first  avia-builder-el-2  el_after_av_one_full  el_before_av_one_full  column-top-margin\" style='border-radius:0px; '><section class=\"av_textblock_section \"  itemscope=\"itemscope\" itemtype=\"https:\/\/schema.org\/BlogPosting\" itemprop=\"blogPost\" ><div class='avia_textblock  '   itemprop=\"text\" ><p style=\"text-align: center;\"><strong><span style=\"font-size: 18pt;\">Invitan a productores de la comuna de Ays\u00e9n a capacitarse gratuitamente en sistemas hidrop\u00f3nicos durante 2026<\/span><\/strong><\/p>\n<div id=\"gtx-trans\" style=\"position: absolute; left: -50px; top: 4.31534px;\">\n<div class=\"gtx-trans-icon\"><\/div>\n<\/div>\n<\/div><\/section><\/div><div class=\"flex_column av_one_full  flex_column_div av-zero-column-padding first  avia-builder-el-4  el_after_av_one_full  el_before_av_hr  column-top-margin\" style='border-radius:0px; '><section class=\"av_textblock_section \"  itemscope=\"itemscope\" itemtype=\"https:\/\/schema.org\/BlogPosting\" itemprop=\"blogPost\" ><div class='avia_textblock  '   itemprop=\"text\" ><p style=\"text-align: justify;\">Con el objetivo de fortalecer las capacidades productivas del sector hort\u00edcola regional, INACAP Sede Coyhaique, a trav\u00e9s del <strong>Programa de Difusi\u00f3n Tecnol\u00f3gica (PDT) CORFO \u201cInnovaci\u00f3n y Adaptabilidad de Sistemas de Producci\u00f3n Hort\u00edcolas con Visi\u00f3n al Abastecimiento Agroalimentario de la Regi\u00f3n de Ays\u00e9n\u201d<\/strong>, anunci\u00f3 la apertura de <strong>10 talleres gratuitos<\/strong> dirigidos a productores de la comuna de Ays\u00e9n.<\/p>\n<p style=\"text-align: justify;\">Estas capacitaciones, que se desarrollar\u00e1n entre <strong>marzo y septiembre de 2026<\/strong>, buscan entregar herramientas pr\u00e1cticas para implementar y gestionar sistemas hidrop\u00f3nicos, una alternativa que permite producir durante todo el a\u00f1o y optimizar el uso de recursos, especialmente relevante en climas fr\u00edos como el de la Regi\u00f3n de Ays\u00e9n.<\/p>\n<p style=\"text-align: justify;\">Seg\u00fan el equipo del proyecto, el sistema hidrop\u00f3nico ofrece ventajas competitivas para peque\u00f1os y medianos agricultores, permitiendo <strong>aumentar la productividad, mejorar la calidad de los cultivos y diversificar los modelos de negocio agr\u00edcola<\/strong>.<\/p>\n<p style=\"text-align: justify;\">Los talleres cuentan con <strong>cupos limitados<\/strong> y est\u00e1n orientados a productores locales formalizados (con iniciaci\u00f3n de actividades) que deseen innovar en sus m\u00e9todos de cultivo y potenciar su desarrollo agr\u00edcola mediante tecnolog\u00edas eficientes y sustentables.<\/p>\n<p style=\"text-align: justify;\">Carlos Rodr\u00edguez, Gestor Vinculaci\u00f3n con el Medio de INACAP Sede Coyhaique comento que \u201cComo INACAP Coyhaique, estamos muy orgullosos de poner en marcha este Programa de Difusi\u00f3n Tecnol\u00f3gica que permitir\u00e1 acercar soluciones innovadoras en hidropon\u00eda y agrotransformaci\u00f3n a productores y productoras de Ays\u00e9n. Invitamos especialmente a quienes ya cuentan con iniciaci\u00f3n de actividades, as\u00ed como a quienes est\u00e9n dispuestos a formalizarse al inicio del programa, proceso en el que ser\u00e1n acompa\u00f1ados por nuestro equipo de CREA INACAP. Nuestro objetivo es fortalecer la producci\u00f3n hort\u00edcola local y contribuir al abastecimiento agroalimentario de la regi\u00f3n mediante nuevas tecnolog\u00edas, capacitaci\u00f3n pr\u00e1ctica y un enfoque plenamente territorial.\u201d<\/p>\n<p style=\"text-align: justify;\"><strong>Inscripciones y consultas<\/strong><\/p>\n<p style=\"text-align: justify;\">Las personas interesadas pueden inscribirse directamente a trav\u00e9s del c\u00f3digo QR disponible en el material informativo del programa.<\/p>\n<p style=\"text-align: justify;\">Para consultas, se encuentran habilitados los siguientes contactos:<\/p>\n<ul style=\"text-align: justify;\">\n<li><strong>juan.zu\u00f1iga17@inacapmail.cl \u2013 +56 9 9516 7658<\/strong><\/li>\n<li><strong>crodriguezl@inacap.cl \u2013 +56 9 9886 3529<\/strong><\/li>\n<\/ul>\n<p style=\"text-align: justify;\">El PDT es ejecutado por INACAP en conjunto con el Gobierno Regional de Ays\u00e9n y CORFO, reafirmando el compromiso institucional con la <strong>innovaci\u00f3n, la transferencia tecnol\u00f3gica y el fortalecimiento del sector agro productivo regional<\/strong>.<\/p>\n<\/div><\/section><\/div><div  style='height:50px' class='hr hr-invisible   avia-builder-el-6  el_after_av_one_full  el_before_av_social_share '><span class='hr-inner ' ><span class='hr-inner-style'><\/span><\/span><\/div><\/p>\n<div  class='av-social-sharing-box  avia-builder-el-7  el_after_av_hr  el_before_av_hr  '><div class='av-share-box'><h5 class='av-share-link-description av-no-toc '>Compartir esta noticia<\/h5><ul class='av-share-box-list noLightbox'><li class='av-share-link av-social-link-facebook' ><a target=\"_blank\" aria-label=\"Compartir en Facebook\" href='https:\/\/www.facebook.com\/sharer.php?u=https:\/\/radiorevelacionfm.cl\/?p=63478&#038;t=Invitan%20a%20productores%20de%20la%20comuna%20de%20Ays%C3%A9n%20a%20capacitarse%20gratuitamente%20en%20sistemas%20hidrop%C3%B3nicos%20durante%202026' aria-hidden='false' data-av_icon='\ue8f3' data-av_iconfont='entypo-fontello' title='' data-avia-related-tooltip='Compartir en Facebook' rel=\"noopener\"><span class='avia_hidden_link_text'>Compartir en Facebook<\/span><\/a><\/li><li class='av-share-link av-social-link-twitter' ><a target=\"_blank\" aria-label=\"Compartir en Twitter\" href='https:\/\/twitter.com\/share?text=Invitan%20a%20productores%20de%20la%20comuna%20de%20Ays%C3%A9n%20a%20capacitarse%20gratuitamente%20en%20sistemas%20hidrop%C3%B3nicos%20durante%202026&#038;url=https:\/\/radiorevelacionfm.cl\/?p=63478' aria-hidden='false' data-av_icon='\ue8f1' data-av_iconfont='entypo-fontello' title='' data-avia-related-tooltip='Compartir en Twitter' rel=\"noopener\"><span class='avia_hidden_link_text'>Compartir en Twitter<\/span><\/a><\/li><li class='av-share-link av-social-link-whatsapp' ><a target=\"_blank\" aria-label=\"Compartir en Whatsapp\" href='https:\/\/api.whatsapp.com\/send?text=https:\/\/radiorevelacionfm.cl\/?p=63478' aria-hidden='false' data-av_icon='\uf232' data-av_iconfont='entypo-fontello' title='' data-avia-related-tooltip='Compartir en Whatsapp' rel=\"noopener\"><span class='avia_hidden_link_text'>Compartir en Whatsapp<\/span><\/a><\/li><li class='av-share-link av-social-link-linkedin' ><a target=\"_blank\" aria-label=\"Compartir en LinkedIn\" href='https:\/\/linkedin.com\/shareArticle?mini=true&#038;title=Invitan%20a%20productores%20de%20la%20comuna%20de%20Ays%C3%A9n%20a%20capacitarse%20gratuitamente%20en%20sistemas%20hidrop%C3%B3nicos%20durante%202026&#038;url=https:\/\/radiorevelacionfm.cl\/?p=63478' aria-hidden='false' data-av_icon='\ue8fc' data-av_iconfont='entypo-fontello' title='' data-avia-related-tooltip='Compartir en LinkedIn' rel=\"noopener\"><span class='avia_hidden_link_text'>Compartir en LinkedIn<\/span><\/a><\/li><li class='av-share-link av-social-link-mail' ><a  aria-label=\"Compartir por correo\" href='mailto:?subject=Invitan%20a%20productores%20de%20la%20comuna%20de%20Ays%C3%A9n%20a%20capacitarse%20gratuitamente%20en%20sistemas%20hidrop%C3%B3nicos%20durante%202026&#038;body=https:\/\/radiorevelacionfm.cl\/?p=63478' aria-hidden='false' data-av_icon='\ue805' data-av_iconfont='entypo-fontello' title='' data-avia-related-tooltip='Compartir por correo'><span class='avia_hidden_link_text'>Compartir por correo<\/span><\/a><\/li><\/ul><\/div><\/div>\n<div  style='height:50px' class='hr hr-invisible   avia-builder-el-8  el_after_av_social_share  el_before_av_comments_list '><span class='hr-inner ' ><span class='hr-inner-style'><\/span><\/span><\/div>\n<div  class='av-buildercomment  av-blog-meta-html-info-disabled av-blog-meta-tag-disabled  '><\/div>\n","protected":false},"excerpt":{"rendered":"","protected":false},"author":1,"featured_media":63479,"comment_status":"closed","ping_status":"closed","sticky":false,"template":"","format":"standard","meta":{"footnotes":""},"categories":[38],"tags":[],"class_list":["post-63478","post","type-post","status-publish","format-standard","has-post-thumbnail","hentry","category-regional"],"jetpack_featured_media_url":"https:\/\/radiorevelacionfm.cl\/wp-content\/uploads\/2026\/01\/pdt-corfo-2-1-1_optimized.jpg","_links":{"self":[{"href":"https:\/\/radiorevelacionfm.cl\/index.php?rest_route=\/wp\/v2\/posts\/63478","targetHints":{"allow":["GET"]}}],"collection":[{"href":"https:\/\/radiorevelacionfm.cl\/index.php?rest_route=\/wp\/v2\/posts"}],"about":[{"href":"https:\/\/radiorevelacionfm.cl\/index.php?rest_route=\/wp\/v2\/types\/post"}],"author":[{"embeddable":true,"href":"https:\/\/radiorevelacionfm.cl\/index.php?rest_route=\/wp\/v2\/users\/1"}],"replies":[{"embeddable":true,"href":"https:\/\/radiorevelacionfm.cl\/index.php?rest_route=%2Fwp%2Fv2%2Fcomments&post=63478"}],"version-history":[{"count":2,"href":"https:\/\/radiorevelacionfm.cl\/index.php?rest_route=\/wp\/v2\/posts\/63478\/revisions"}],"predecessor-version":[{"id":63481,"href":"https:\/\/radiorevelacionfm.cl\/index.php?rest_route=\/wp\/v2\/posts\/63478\/revisions\/63481"}],"wp:featuredmedia":[{"embeddable":true,"href":"https:\/\/radiorevelacionfm.cl\/index.php?rest_route=\/wp\/v2\/media\/63479"}],"wp:attachment":[{"href":"https:\/\/radiorevelacionfm.cl\/index.php?rest_route=%2Fwp%2Fv2%2Fmedia&parent=63478"}],"wp:term":[{"taxonomy":"category","embeddable":true,"href":"https:\/\/radiorevelacionfm.cl\/index.php?rest_route=%2Fwp%2Fv2%2Fcategories&post=63478"},{"taxonomy":"post_tag","embeddable":true,"href":"https:\/\/radiorevelacionfm.cl\/index.php?rest_route=%2Fwp%2Fv2%2Ftags&post=63478"}],"curies":[{"name":"wp","href":"https:\/\/api.w.org\/{rel}","templated":true}]}}