{"id":63474,"date":"2026-01-20T12:41:56","date_gmt":"2026-01-20T15:41:56","guid":{"rendered":"https:\/\/radiorevelacionfm.cl\/?p=63474"},"modified":"2026-01-20T12:41:56","modified_gmt":"2026-01-20T15:41:56","slug":"la-ciudad-del-sol-se-prepara-para-una-nueva-version-del-festival-de-la-voz-chile-chico-2026","status":"publish","type":"post","link":"https:\/\/radiorevelacionfm.cl\/?p=63474","title":{"rendered":"La \u00abCiudad del Sol\u00bb se prepara para una nueva versi\u00f3n del Festival de la Voz Chile Chico 2026"},"content":{"rendered":"<div class=\"flex_column av_one_full  flex_column_div av-zero-column-padding first  avia-builder-el-0  el_before_av_one_full  avia-builder-el-first  \" style='border-radius:0px; '><div  class='avia-image-container  av-styling-    avia-builder-el-1  avia-builder-el-no-sibling  avia-align-center '  itemprop=\"image\" itemscope=\"itemscope\" itemtype=\"https:\/\/schema.org\/ImageObject\"  ><div class='avia-image-container-inner'><div class='avia-image-overlay-wrap'><img decoding=\"async\" class='wp-image-63475 avia-img-lazy-loading-not-63475 avia_image' src=\"https:\/\/radiorevelacionfm.cl\/wp-content\/uploads\/2026\/01\/whatsapp-image-2025-01-26-at-6_optimized.11.10-am-1.jpeg\" alt='' title='whatsapp-image-2025-01-26-at-6_optimized.11.10-am-(1)' height=\"600\" width=\"887\"  itemprop=\"thumbnailUrl\" srcset=\"https:\/\/radiorevelacionfm.cl\/wp-content\/uploads\/2026\/01\/whatsapp-image-2025-01-26-at-6_optimized.11.10-am-1.jpeg 887w, https:\/\/radiorevelacionfm.cl\/wp-content\/uploads\/2026\/01\/whatsapp-image-2025-01-26-at-6_optimized.11.10-am-1-300x203.jpeg 300w, https:\/\/radiorevelacionfm.cl\/wp-content\/uploads\/2026\/01\/whatsapp-image-2025-01-26-at-6_optimized.11.10-am-1-768x520.jpeg 768w, https:\/\/radiorevelacionfm.cl\/wp-content\/uploads\/2026\/01\/whatsapp-image-2025-01-26-at-6_optimized.11.10-am-1-705x477.jpeg 705w, https:\/\/radiorevelacionfm.cl\/wp-content\/uploads\/2026\/01\/whatsapp-image-2025-01-26-at-6_optimized.11.10-am-1-450x304.jpeg 450w, https:\/\/radiorevelacionfm.cl\/wp-content\/uploads\/2026\/01\/whatsapp-image-2025-01-26-at-6_optimized.11.10-am-1-600x406.jpeg 600w\" sizes=\"(max-width: 887px) 100vw, 887px\" \/><\/div><\/div><\/div><\/div><div class=\"flex_column av_one_full  flex_column_div av-zero-column-padding first  avia-builder-el-2  el_after_av_one_full  el_before_av_one_full  column-top-margin\" style='border-radius:0px; '><section class=\"av_textblock_section \"  itemscope=\"itemscope\" itemtype=\"https:\/\/schema.org\/BlogPosting\" itemprop=\"blogPost\" ><div class='avia_textblock  '   itemprop=\"text\" ><p style=\"text-align: center;\"><strong><span style=\"font-size: 18pt;\">La \u00abCiudad del Sol\u00bb se prepara para una nueva versi\u00f3n del Festival de la Voz Chile Chico 2026<\/span><\/strong><\/p>\n<div id=\"gtx-trans\" style=\"position: absolute; left: -50px; top: 4.31534px;\">\n<div class=\"gtx-trans-icon\"><\/div>\n<\/div>\n<\/div><\/section><\/div><div class=\"flex_column av_one_full  flex_column_div av-zero-column-padding first  avia-builder-el-4  el_after_av_one_full  el_before_av_hr  column-top-margin\" style='border-radius:0px; '><section class=\"av_textblock_section \"  itemscope=\"itemscope\" itemtype=\"https:\/\/schema.org\/BlogPosting\" itemprop=\"blogPost\" ><div class='avia_textblock  '   itemprop=\"text\" ><p style=\"text-align: justify;\">Chile Chico ya vive el ambiente de una nueva edici\u00f3n del Festival de la Voz Chile Chico, uno de los eventos culturales m\u00e1s emblem\u00e1ticos de la comuna, con una tradici\u00f3n que se remonta a la d\u00e9cada de los a\u00f1os 80 y que forma parte de la identidad local.<\/p>\n<p style=\"text-align: justify;\">La versi\u00f3n 2026 del certamen se realizar\u00e1 los d\u00edas viernes 30 y s\u00e1bado 31 de enero, desde las 19:00 horas, en el Centro de Eventos Mate Amargo, y contar\u00e1 con una inversi\u00f3n conjunta entre la Municipalidad de Chile Chico y el Gobierno Regional de Ays\u00e9n, lo que permitir\u00e1 fortalecer la producci\u00f3n t\u00e9cnica y art\u00edstica del evento.<\/p>\n<p style=\"text-align: justify;\">Por primera vez en su historia, el Festival de la Voz Chile Chico contar\u00e1 con la presencia de tres artistas de nivel nacional e internacional, quienes compartir\u00e1n escenario con artistas locales y regionales, reforzando una de las principales l\u00edneas de esta administraci\u00f3n municipal: dar espacios reales a los talentos del territorio, promoviendo la participaci\u00f3n cultural y el desarrollo art\u00edstico local.<\/p>\n<p style=\"text-align: justify;\">Junto a los espect\u00e1culos musicales, el festival mantendr\u00e1 su tradicional competencia de canto, instancia que busca descubrir y potenciar nuevas voces, y que en esta edici\u00f3n entregar\u00e1 un premio total de 6.000 d\u00f3lares a sus ganadores.<\/p>\n<p style=\"text-align: justify;\">Con una historia que cruza generaciones, el Festival de la Voz Chile Chico se consolida una vez m\u00e1s como un punto de encuentro para la comunidad y los visitantes, fortaleciendo la cultura, el turismo y la identidad de la comuna durante la temporada estival.<\/p>\n<p style=\"text-align: justify;\">Para cerrar, desde el municipio se inform\u00f3 que durante esta semana se dar\u00e1 a conocer la parrilla art\u00edstica del Festival de Puerto Guadal, el cual contar\u00e1 con dos noches de espect\u00e1culos, sum\u00e1ndose a las distintas festividades de verano que se desarrollar\u00e1n en la comuna y sus localidades.<\/p>\n<\/div><\/section><\/div><div  style='height:50px' class='hr hr-invisible   avia-builder-el-6  el_after_av_one_full  el_before_av_social_share '><span class='hr-inner ' ><span class='hr-inner-style'><\/span><\/span><\/div><\/p>\n<div  class='av-social-sharing-box  avia-builder-el-7  el_after_av_hr  el_before_av_hr  '><div class='av-share-box'><h5 class='av-share-link-description av-no-toc '>Compartir esta noticia<\/h5><ul class='av-share-box-list noLightbox'><li class='av-share-link av-social-link-facebook' ><a target=\"_blank\" aria-label=\"Compartir en Facebook\" href='https:\/\/www.facebook.com\/sharer.php?u=https:\/\/radiorevelacionfm.cl\/?p=63474&#038;t=La%20%C2%ABCiudad%20del%20Sol%C2%BB%20se%20prepara%20para%20una%20nueva%20versi%C3%B3n%20del%20Festival%20de%20la%20Voz%20Chile%20Chico%202026' aria-hidden='false' data-av_icon='\ue8f3' data-av_iconfont='entypo-fontello' title='' data-avia-related-tooltip='Compartir en Facebook' rel=\"noopener\"><span class='avia_hidden_link_text'>Compartir en Facebook<\/span><\/a><\/li><li class='av-share-link av-social-link-twitter' ><a target=\"_blank\" aria-label=\"Compartir en Twitter\" href='https:\/\/twitter.com\/share?text=La%20%C2%ABCiudad%20del%20Sol%C2%BB%20se%20prepara%20para%20una%20nueva%20versi%C3%B3n%20del%20Festival%20de%20la%20Voz%20Chile%20Chico%202026&#038;url=https:\/\/radiorevelacionfm.cl\/?p=63474' aria-hidden='false' data-av_icon='\ue8f1' data-av_iconfont='entypo-fontello' title='' data-avia-related-tooltip='Compartir en Twitter' rel=\"noopener\"><span class='avia_hidden_link_text'>Compartir en Twitter<\/span><\/a><\/li><li class='av-share-link av-social-link-whatsapp' ><a target=\"_blank\" aria-label=\"Compartir en Whatsapp\" href='https:\/\/api.whatsapp.com\/send?text=https:\/\/radiorevelacionfm.cl\/?p=63474' aria-hidden='false' data-av_icon='\uf232' data-av_iconfont='entypo-fontello' title='' data-avia-related-tooltip='Compartir en Whatsapp' rel=\"noopener\"><span class='avia_hidden_link_text'>Compartir en Whatsapp<\/span><\/a><\/li><li class='av-share-link av-social-link-linkedin' ><a target=\"_blank\" aria-label=\"Compartir en LinkedIn\" href='https:\/\/linkedin.com\/shareArticle?mini=true&#038;title=La%20%C2%ABCiudad%20del%20Sol%C2%BB%20se%20prepara%20para%20una%20nueva%20versi%C3%B3n%20del%20Festival%20de%20la%20Voz%20Chile%20Chico%202026&#038;url=https:\/\/radiorevelacionfm.cl\/?p=63474' aria-hidden='false' data-av_icon='\ue8fc' data-av_iconfont='entypo-fontello' title='' data-avia-related-tooltip='Compartir en LinkedIn' rel=\"noopener\"><span class='avia_hidden_link_text'>Compartir en LinkedIn<\/span><\/a><\/li><li class='av-share-link av-social-link-mail' ><a  aria-label=\"Compartir por correo\" href='mailto:?subject=La%20%C2%ABCiudad%20del%20Sol%C2%BB%20se%20prepara%20para%20una%20nueva%20versi%C3%B3n%20del%20Festival%20de%20la%20Voz%20Chile%20Chico%202026&#038;body=https:\/\/radiorevelacionfm.cl\/?p=63474' aria-hidden='false' data-av_icon='\ue805' data-av_iconfont='entypo-fontello' title='' data-avia-related-tooltip='Compartir por correo'><span class='avia_hidden_link_text'>Compartir por correo<\/span><\/a><\/li><\/ul><\/div><\/div>\n<div  style='height:50px' class='hr hr-invisible   avia-builder-el-8  el_after_av_social_share  el_before_av_comments_list '><span class='hr-inner ' ><span class='hr-inner-style'><\/span><\/span><\/div>\n<div  class='av-buildercomment  av-blog-meta-html-info-disabled av-blog-meta-tag-disabled  '><\/div>\n","protected":false},"excerpt":{"rendered":"","protected":false},"author":1,"featured_media":63475,"comment_status":"closed","ping_status":"closed","sticky":false,"template":"","format":"standard","meta":{"footnotes":""},"categories":[38],"tags":[],"class_list":["post-63474","post","type-post","status-publish","format-standard","has-post-thumbnail","hentry","category-regional"],"jetpack_featured_media_url":"https:\/\/radiorevelacionfm.cl\/wp-content\/uploads\/2026\/01\/whatsapp-image-2025-01-26-at-6_optimized.11.10-am-1.jpeg","_links":{"self":[{"href":"https:\/\/radiorevelacionfm.cl\/index.php?rest_route=\/wp\/v2\/posts\/63474","targetHints":{"allow":["GET"]}}],"collection":[{"href":"https:\/\/radiorevelacionfm.cl\/index.php?rest_route=\/wp\/v2\/posts"}],"about":[{"href":"https:\/\/radiorevelacionfm.cl\/index.php?rest_route=\/wp\/v2\/types\/post"}],"author":[{"embeddable":true,"href":"https:\/\/radiorevelacionfm.cl\/index.php?rest_route=\/wp\/v2\/users\/1"}],"replies":[{"embeddable":true,"href":"https:\/\/radiorevelacionfm.cl\/index.php?rest_route=%2Fwp%2Fv2%2Fcomments&post=63474"}],"version-history":[{"count":2,"href":"https:\/\/radiorevelacionfm.cl\/index.php?rest_route=\/wp\/v2\/posts\/63474\/revisions"}],"predecessor-version":[{"id":63477,"href":"https:\/\/radiorevelacionfm.cl\/index.php?rest_route=\/wp\/v2\/posts\/63474\/revisions\/63477"}],"wp:featuredmedia":[{"embeddable":true,"href":"https:\/\/radiorevelacionfm.cl\/index.php?rest_route=\/wp\/v2\/media\/63475"}],"wp:attachment":[{"href":"https:\/\/radiorevelacionfm.cl\/index.php?rest_route=%2Fwp%2Fv2%2Fmedia&parent=63474"}],"wp:term":[{"taxonomy":"category","embeddable":true,"href":"https:\/\/radiorevelacionfm.cl\/index.php?rest_route=%2Fwp%2Fv2%2Fcategories&post=63474"},{"taxonomy":"post_tag","embeddable":true,"href":"https:\/\/radiorevelacionfm.cl\/index.php?rest_route=%2Fwp%2Fv2%2Ftags&post=63474"}],"curies":[{"name":"wp","href":"https:\/\/api.w.org\/{rel}","templated":true}]}}