{"id":63470,"date":"2026-01-19T18:03:57","date_gmt":"2026-01-19T21:03:57","guid":{"rendered":"https:\/\/radiorevelacionfm.cl\/?p=63470"},"modified":"2026-01-19T18:03:57","modified_gmt":"2026-01-19T21:03:57","slug":"aysen-ayuda-a-biobio-y-nuble-la-campana-solidaria-aysenina-en-apoyo-a-zonas-afectadas-por-incendios","status":"publish","type":"post","link":"https:\/\/radiorevelacionfm.cl\/?p=63470","title":{"rendered":"\u201cAys\u00e9n ayuda a Biob\u00edo y \u00d1uble\u201d: la campa\u00f1a solidaria aysenina en apoyo a zonas afectadas por incendios"},"content":{"rendered":"<div class=\"flex_column av_one_full  flex_column_div av-zero-column-padding first  avia-builder-el-0  el_before_av_one_full  avia-builder-el-first  \" style='border-radius:0px; '><div  class='avia-image-container  av-styling-    avia-builder-el-1  avia-builder-el-no-sibling  avia-align-center '  itemprop=\"image\" itemscope=\"itemscope\" itemtype=\"https:\/\/schema.org\/ImageObject\"  ><div class='avia-image-container-inner'><div class='avia-image-overlay-wrap'><img decoding=\"async\" class='wp-image-63471 avia-img-lazy-loading-not-63471 avia_image' src=\"https:\/\/radiorevelacionfm.cl\/wp-content\/uploads\/2026\/01\/WhatsApp-Image-2026-01-19-at-5.27.48-PM1-1-1.jpeg\" alt='' title='WhatsApp Image 2026-01-19 at 5.27.48 PM(1) (1) (1)' height=\"602\" width=\"802\"  itemprop=\"thumbnailUrl\" srcset=\"https:\/\/radiorevelacionfm.cl\/wp-content\/uploads\/2026\/01\/WhatsApp-Image-2026-01-19-at-5.27.48-PM1-1-1.jpeg 802w, https:\/\/radiorevelacionfm.cl\/wp-content\/uploads\/2026\/01\/WhatsApp-Image-2026-01-19-at-5.27.48-PM1-1-1-300x225.jpeg 300w, https:\/\/radiorevelacionfm.cl\/wp-content\/uploads\/2026\/01\/WhatsApp-Image-2026-01-19-at-5.27.48-PM1-1-1-768x576.jpeg 768w, https:\/\/radiorevelacionfm.cl\/wp-content\/uploads\/2026\/01\/WhatsApp-Image-2026-01-19-at-5.27.48-PM1-1-1-705x529.jpeg 705w, https:\/\/radiorevelacionfm.cl\/wp-content\/uploads\/2026\/01\/WhatsApp-Image-2026-01-19-at-5.27.48-PM1-1-1-450x338.jpeg 450w, https:\/\/radiorevelacionfm.cl\/wp-content\/uploads\/2026\/01\/WhatsApp-Image-2026-01-19-at-5.27.48-PM1-1-1-600x450.jpeg 600w\" sizes=\"(max-width: 802px) 100vw, 802px\" \/><\/div><\/div><\/div><\/div><div class=\"flex_column av_one_full  flex_column_div av-zero-column-padding first  avia-builder-el-2  el_after_av_one_full  el_before_av_one_full  column-top-margin\" style='border-radius:0px; '><section class=\"av_textblock_section \"  itemscope=\"itemscope\" itemtype=\"https:\/\/schema.org\/BlogPosting\" itemprop=\"blogPost\" ><div class='avia_textblock  '   itemprop=\"text\" ><p style=\"text-align: center;\"><strong><span style=\"font-size: 18pt;\">\u201cAys\u00e9n ayuda a Biob\u00edo y \u00d1uble\u201d: la campa\u00f1a solidaria aysenina en apoyo a zonas afectadas por incendios<\/span><\/strong><\/p>\n<div id=\"gtx-trans\" style=\"position: absolute; left: -50px; top: 4.31534px;\">\n<div class=\"gtx-trans-icon\"><\/div>\n<\/div>\n<\/div><\/section><\/div><div class=\"flex_column av_one_full  flex_column_div av-zero-column-padding first  avia-builder-el-4  el_after_av_one_full  el_before_av_hr  column-top-margin\" style='border-radius:0px; '><section class=\"av_textblock_section \"  itemscope=\"itemscope\" itemtype=\"https:\/\/schema.org\/BlogPosting\" itemprop=\"blogPost\" ><div class='avia_textblock  '   itemprop=\"text\" ><p style=\"text-align: justify;\">Con el objetivo de ir en ayuda de las comunidades afectadas por los incendios forestales que han golpeado a diversas localidades del centro-sur del pa\u00eds, la Ilustre Municipalidad de Ays\u00e9n lanz\u00f3 la campa\u00f1a solidaria <strong>\u201cAys\u00e9n ayuda a Biob\u00edo y \u00d1uble\u201d<\/strong>, iniciativa que busca recolectar insumos b\u00e1sicos y de emergencia para ser enviados a las regiones damnificadas.<\/p>\n<p style=\"text-align: justify;\">La campa\u00f1a hace un llamado a la solidaridad de vecinas y vecinos de la comuna, invit\u00e1ndolos a colaborar con art\u00edculos de primera necesidad que permitan apoyar tanto a las familias que han sufrido importantes p\u00e9rdidas producto de esta emergencia, como a los voluntarios de Bomberos que se encuentran trabajando sin descanso para controlar los incendios.<\/p>\n<p style=\"text-align: justify;\">Entre los insumos que se est\u00e1n recepcionando se encuentran <strong>agua embotellada, bebidas isot\u00f3nicas, alimentos no perecibles, \u00fatiles de aseo<\/strong> \u2014como jab\u00f3n, pasta de dientes, toallitas h\u00famedas y toallas higi\u00e9nicas\u2014, <strong>pa\u00f1ales infantiles y para adultos, barras de cereal y energ\u00e9ticas, alimento para mascotas y alcohol gel<\/strong>.<\/p>\n<p style=\"text-align: justify;\">La recolecci\u00f3n de ayuda se realizar\u00e1 <strong>durante toda esta semana<\/strong>, en horario de <strong>08:30 a 13:00 horas y de 14:30 a 17:00 horas<\/strong>, en distintos puntos habilitados por el municipio. En <strong>Puerto Ays\u00e9n<\/strong>, los aportes pueden entregarse en la <strong>Casa de la Cultura<\/strong>, ubicada en <strong>Sargento Aldea 695<\/strong>, y en el <strong>Polideportivo \u201c21 de Abril\u201d<\/strong>, en <strong>Avenida Benigno D\u00edaz 15<\/strong>, recinto que recibir\u00e1 donaciones hasta las <strong>21:00 horas<\/strong>. Asimismo, el <strong>s\u00e1bado<\/strong> se realizar\u00e1 un punto especial de acopio en la <strong>Plaza de Puerto Ays\u00e9n<\/strong>, entre las <strong>14:00 y las 21:00 horas<\/strong>.<\/p>\n<p style=\"text-align: justify;\">En las localidades de <strong>Islas Huichas<\/strong> y <strong>Villa Ma\u00f1ihuales<\/strong>, la recepci\u00f3n de los aportes se estar\u00e1 realizando en las respectivas <strong>delegaciones municipales<\/strong>, facilitando as\u00ed la participaci\u00f3n de toda la comunidad.<\/p>\n<p style=\"text-align: justify;\">Desde el municipio destacaron la importancia de canalizar la ayuda de manera organizada y solidaria, reforzando el compromiso de la comuna de Ays\u00e9n con quienes hoy enfrentan momentos dif\u00edciles a causa de los incendios forestales.<\/p>\n<p style=\"text-align: justify;\">En ese contexto, el alcalde de Ays\u00e9n, <strong>Luis Mart\u00ednez<\/strong>, se\u00f1al\u00f3 que <em>\u201cseguimos con esta campa\u00f1a para ir en ayuda de nuestros compatriotas de la zona centro-sur, especialmente de \u00d1uble y Biob\u00edo. La invitaci\u00f3n es a cooperar, a traer sus donaciones hasta los puntos de acopio, y como municipio haremos el nexo para hacer llegar la solidaridad aysenina a los lugares que hoy lo est\u00e1n pasando mal\u201d<\/em>.<\/p>\n<p style=\"text-align: justify;\">La campa\u00f1a finalizar\u00e1 el <strong>s\u00e1bado 17<\/strong>, ya que el <strong>domingo<\/strong> un cami\u00f3n, facilitado solidariamente por los hermanos Vidal, propietarios del negocio local <strong>\u201cEl Galp\u00f3n\u201d<\/strong>, se trasladar\u00e1 con todos los donativos hasta la zona de emergencia.<\/p>\n<p style=\"text-align: justify;\">Finalmente, la Municipalidad de Ays\u00e9n agradeci\u00f3 desde ya la colaboraci\u00f3n de la comunidad y destac\u00f3 especialmente el compromiso de las y los j\u00f3venes, ya que, tras las primeras horas de iniciada la campa\u00f1a, la mayor\u00eda de los aportes han sido realizados por personas de entre <strong>18 y 25 a\u00f1os<\/strong>, reflejando el esp\u00edritu solidario que caracteriza a la comuna.<\/p>\n<\/div><\/section><\/div><div  style='height:50px' class='hr hr-invisible   avia-builder-el-6  el_after_av_one_full  el_before_av_social_share '><span class='hr-inner ' ><span class='hr-inner-style'><\/span><\/span><\/div><\/p>\n<div  class='av-social-sharing-box  avia-builder-el-7  el_after_av_hr  el_before_av_hr  '><div class='av-share-box'><h5 class='av-share-link-description av-no-toc '>Compartir esta noticia<\/h5><ul class='av-share-box-list noLightbox'><li class='av-share-link av-social-link-facebook' ><a target=\"_blank\" aria-label=\"Compartir en Facebook\" href='https:\/\/www.facebook.com\/sharer.php?u=https:\/\/radiorevelacionfm.cl\/?p=63470&#038;t=%E2%80%9CAys%C3%A9n%20ayuda%20a%20Biob%C3%ADo%20y%20%C3%91uble%E2%80%9D%3A%20la%20campa%C3%B1a%20solidaria%20aysenina%20en%20apoyo%20a%20zonas%20afectadas%20por%20incendios' aria-hidden='false' data-av_icon='\ue8f3' data-av_iconfont='entypo-fontello' title='' data-avia-related-tooltip='Compartir en Facebook' rel=\"noopener\"><span class='avia_hidden_link_text'>Compartir en Facebook<\/span><\/a><\/li><li class='av-share-link av-social-link-twitter' ><a target=\"_blank\" aria-label=\"Compartir en Twitter\" href='https:\/\/twitter.com\/share?text=%E2%80%9CAys%C3%A9n%20ayuda%20a%20Biob%C3%ADo%20y%20%C3%91uble%E2%80%9D%3A%20la%20campa%C3%B1a%20solidaria%20aysenina%20en%20apoyo%20a%20zonas%20afectadas%20por%20incendios&#038;url=https:\/\/radiorevelacionfm.cl\/?p=63470' aria-hidden='false' data-av_icon='\ue8f1' data-av_iconfont='entypo-fontello' title='' data-avia-related-tooltip='Compartir en Twitter' rel=\"noopener\"><span class='avia_hidden_link_text'>Compartir en Twitter<\/span><\/a><\/li><li class='av-share-link av-social-link-whatsapp' ><a target=\"_blank\" aria-label=\"Compartir en Whatsapp\" href='https:\/\/api.whatsapp.com\/send?text=https:\/\/radiorevelacionfm.cl\/?p=63470' aria-hidden='false' data-av_icon='\uf232' data-av_iconfont='entypo-fontello' title='' data-avia-related-tooltip='Compartir en Whatsapp' rel=\"noopener\"><span class='avia_hidden_link_text'>Compartir en Whatsapp<\/span><\/a><\/li><li class='av-share-link av-social-link-linkedin' ><a target=\"_blank\" aria-label=\"Compartir en LinkedIn\" href='https:\/\/linkedin.com\/shareArticle?mini=true&#038;title=%E2%80%9CAys%C3%A9n%20ayuda%20a%20Biob%C3%ADo%20y%20%C3%91uble%E2%80%9D%3A%20la%20campa%C3%B1a%20solidaria%20aysenina%20en%20apoyo%20a%20zonas%20afectadas%20por%20incendios&#038;url=https:\/\/radiorevelacionfm.cl\/?p=63470' aria-hidden='false' data-av_icon='\ue8fc' data-av_iconfont='entypo-fontello' title='' data-avia-related-tooltip='Compartir en LinkedIn' rel=\"noopener\"><span class='avia_hidden_link_text'>Compartir en LinkedIn<\/span><\/a><\/li><li class='av-share-link av-social-link-mail' ><a  aria-label=\"Compartir por correo\" href='mailto:?subject=%E2%80%9CAys%C3%A9n%20ayuda%20a%20Biob%C3%ADo%20y%20%C3%91uble%E2%80%9D%3A%20la%20campa%C3%B1a%20solidaria%20aysenina%20en%20apoyo%20a%20zonas%20afectadas%20por%20incendios&#038;body=https:\/\/radiorevelacionfm.cl\/?p=63470' aria-hidden='false' data-av_icon='\ue805' data-av_iconfont='entypo-fontello' title='' data-avia-related-tooltip='Compartir por correo'><span class='avia_hidden_link_text'>Compartir por correo<\/span><\/a><\/li><\/ul><\/div><\/div>\n<div  style='height:50px' class='hr hr-invisible   avia-builder-el-8  el_after_av_social_share  el_before_av_comments_list '><span class='hr-inner ' ><span class='hr-inner-style'><\/span><\/span><\/div>\n<div  class='av-buildercomment  av-blog-meta-html-info-disabled av-blog-meta-tag-disabled  '><\/div>\n","protected":false},"excerpt":{"rendered":"","protected":false},"author":1,"featured_media":63471,"comment_status":"closed","ping_status":"closed","sticky":false,"template":"","format":"standard","meta":{"footnotes":""},"categories":[38],"tags":[],"class_list":["post-63470","post","type-post","status-publish","format-standard","has-post-thumbnail","hentry","category-regional"],"jetpack_featured_media_url":"https:\/\/radiorevelacionfm.cl\/wp-content\/uploads\/2026\/01\/WhatsApp-Image-2026-01-19-at-5.27.48-PM1-1-1.jpeg","_links":{"self":[{"href":"https:\/\/radiorevelacionfm.cl\/index.php?rest_route=\/wp\/v2\/posts\/63470","targetHints":{"allow":["GET"]}}],"collection":[{"href":"https:\/\/radiorevelacionfm.cl\/index.php?rest_route=\/wp\/v2\/posts"}],"about":[{"href":"https:\/\/radiorevelacionfm.cl\/index.php?rest_route=\/wp\/v2\/types\/post"}],"author":[{"embeddable":true,"href":"https:\/\/radiorevelacionfm.cl\/index.php?rest_route=\/wp\/v2\/users\/1"}],"replies":[{"embeddable":true,"href":"https:\/\/radiorevelacionfm.cl\/index.php?rest_route=%2Fwp%2Fv2%2Fcomments&post=63470"}],"version-history":[{"count":2,"href":"https:\/\/radiorevelacionfm.cl\/index.php?rest_route=\/wp\/v2\/posts\/63470\/revisions"}],"predecessor-version":[{"id":63473,"href":"https:\/\/radiorevelacionfm.cl\/index.php?rest_route=\/wp\/v2\/posts\/63470\/revisions\/63473"}],"wp:featuredmedia":[{"embeddable":true,"href":"https:\/\/radiorevelacionfm.cl\/index.php?rest_route=\/wp\/v2\/media\/63471"}],"wp:attachment":[{"href":"https:\/\/radiorevelacionfm.cl\/index.php?rest_route=%2Fwp%2Fv2%2Fmedia&parent=63470"}],"wp:term":[{"taxonomy":"category","embeddable":true,"href":"https:\/\/radiorevelacionfm.cl\/index.php?rest_route=%2Fwp%2Fv2%2Fcategories&post=63470"},{"taxonomy":"post_tag","embeddable":true,"href":"https:\/\/radiorevelacionfm.cl\/index.php?rest_route=%2Fwp%2Fv2%2Ftags&post=63470"}],"curies":[{"name":"wp","href":"https:\/\/api.w.org\/{rel}","templated":true}]}}