{"id":63462,"date":"2026-01-19T15:43:03","date_gmt":"2026-01-19T18:43:03","guid":{"rendered":"https:\/\/radiorevelacionfm.cl\/?p=63462"},"modified":"2026-01-19T15:43:03","modified_gmt":"2026-01-19T18:43:03","slug":"corte-de-coyhaique-ordena-reintegro-de-jefe-de-laboratorio-de-hospital-regional","status":"publish","type":"post","link":"https:\/\/radiorevelacionfm.cl\/?p=63462","title":{"rendered":"Corte de Coyhaique ordena reintegro de jefe de laboratorio de Hospital Regional"},"content":{"rendered":"<div class=\"flex_column av_one_full  flex_column_div av-zero-column-padding first  avia-builder-el-0  el_before_av_one_full  avia-builder-el-first  \" style='border-radius:0px; '><div  class='avia-image-container  av-styling-    avia-builder-el-1  avia-builder-el-no-sibling  avia-align-center '  itemprop=\"image\" itemscope=\"itemscope\" itemtype=\"https:\/\/schema.org\/ImageObject\"  ><div class='avia-image-container-inner'><div class='avia-image-overlay-wrap'><img decoding=\"async\" class='wp-image-24003 avia-img-lazy-loading-not-24003 avia_image' src=\"https:\/\/radiorevelacionfm.cl\/wp-content\/uploads\/2022\/11\/hospital-regional-coyhaique-1_optimized.jpg\" alt='' title='hospital-regional-coyhaique-(1)_optimized' height=\"600\" width=\"906\"  itemprop=\"thumbnailUrl\" srcset=\"https:\/\/radiorevelacionfm.cl\/wp-content\/uploads\/2022\/11\/hospital-regional-coyhaique-1_optimized.jpg 906w, https:\/\/radiorevelacionfm.cl\/wp-content\/uploads\/2022\/11\/hospital-regional-coyhaique-1_optimized-300x199.jpg 300w, https:\/\/radiorevelacionfm.cl\/wp-content\/uploads\/2022\/11\/hospital-regional-coyhaique-1_optimized-768x509.jpg 768w, https:\/\/radiorevelacionfm.cl\/wp-content\/uploads\/2022\/11\/hospital-regional-coyhaique-1_optimized-705x467.jpg 705w, https:\/\/radiorevelacionfm.cl\/wp-content\/uploads\/2022\/11\/hospital-regional-coyhaique-1_optimized-600x397.jpg 600w\" sizes=\"(max-width: 906px) 100vw, 906px\" \/><\/div><\/div><\/div><\/div><div class=\"flex_column av_one_full  flex_column_div av-zero-column-padding first  avia-builder-el-2  el_after_av_one_full  el_before_av_one_full  column-top-margin\" style='border-radius:0px; '><section class=\"av_textblock_section \"  itemscope=\"itemscope\" itemtype=\"https:\/\/schema.org\/BlogPosting\" itemprop=\"blogPost\" ><div class='avia_textblock  '   itemprop=\"text\" ><p style=\"text-align: center;\"><span style=\"font-size: 18pt;\"><b>Corte de Coyhaique ordena reintegro de jefe de laboratorio de Hospital Regional<\/b><\/span><\/p>\n<div id=\"gtx-trans\" style=\"position: absolute; left: -50px; top: 4.31534px;\">\n<div class=\"gtx-trans-icon\"><\/div>\n<\/div>\n<\/div><\/section><\/div><div class=\"flex_column av_one_full  flex_column_div av-zero-column-padding first  avia-builder-el-4  el_after_av_one_full  el_before_av_hr  column-top-margin\" style='border-radius:0px; '><section class=\"av_textblock_section \"  itemscope=\"itemscope\" itemtype=\"https:\/\/schema.org\/BlogPosting\" itemprop=\"blogPost\" ><div class='avia_textblock  '   itemprop=\"text\" ><p style=\"font-weight: 400; text-align: justify;\">La Corte de Apelaciones de Coyhaique acogi\u00f3 el recurso de protecci\u00f3n deducido en contra del Hospital Regional y del Servicio de Salud Ays\u00e9n, y orden\u00f3 dejar sin efecto resoluciones que alteraron la designaci\u00f3n del recurrente como jefe de laboratorio cl\u00ednico y dispusieron su destinaci\u00f3n en comisi\u00f3n de servicio.<\/p>\n<p style=\"font-weight: 400; text-align: justify;\">En fallo un\u00e1nime (causa rol 283-2025), la Primera Sala del tribunal de alzada \u2013integrada por los ministros Pedro Castro Espinoza, Luis Aedo Mora y Natalia Rencoret Oliva\u2013 estableci\u00f3 que las resoluciones exentas impugnadas vulneraron la garant\u00eda constitucional de igualdad ante la ley, al afectar un cargo obtenido mediante concurso p\u00fablico y vigente al momento de dictarse los actos cuestionados.<\/p>\n<p style=\"font-weight: 400; text-align: justify;\">\u201c(\u2026) estim\u00e1ndose por estos sentenciadores, que se ha incurrido por el Hospital Regional de Coyhaique y el Servicio de Salud Ays\u00e9n en un actuar al menos arbitrario, que ha repercutido en la afectaci\u00f3n de la garant\u00eda constitucional de igualdad ante la ley que asiste al recurrente, consagrada en el numeral 2 del art\u00edculo 19 de nuestro Texto Pol\u00edtico, en atenci\u00f3n a la discriminaci\u00f3n arbitraria que puede desprenderse del cambio o destinaci\u00f3n implementada, derivando en consecuencias de desmejora laboral en la nueva repartici\u00f3n, para la cual no se concurs\u00f3 y que se hallan en directa relaci\u00f3n con las medidas aplicadas sin adecuado fundamento; forzoso es concluir que incumbir\u00e1 a esta Corte dar cabida al presente arbitrio, a fin de restablecer el imperio del derecho quebrantado, adoptando las medidas pertinentes a conceder la debida protecci\u00f3n del recurrente, de la manera como se dir\u00e1\u201d, consigna el fallo.<\/p>\n<p style=\"font-weight: 400; text-align: justify;\">Por tanto, se resuelve que:\u00a0\u201c<strong>SE ACOGE<\/strong>, con costas distribuidas en partes iguales, el recurso de protecci\u00f3n deducido en lo principal de la presentaci\u00f3n de fecha 29 de noviembre de 2025, por \u00a0Cristhian Leonardo Cornejo Droguett y Pablo Andr\u00e9s Lagos Villagra, en representaci\u00f3n de Ernesto del Carmen Araus Miranda, en contra del Hospital Regional de Coyhaique, representado legalmente por su directora, Victoria Pinto Henr\u00edquez y en contra del Servicio de Salud Ays\u00e9n, representado por su director, Juan Pablo Bravo Quintana, por lo que, en consecuencia, se dejan sin efecto las Resoluciones Exentas N\u00b016749 y N\u00b016756, respectivamente, ordenando disponer el reintegro del recurrente a las funciones de jefatura que desempe\u00f1aba con anterioridad a la dictaci\u00f3n de dichos actos\u201d.<\/p>\n<\/div><\/section><\/div><div  style='height:50px' class='hr hr-invisible   avia-builder-el-6  el_after_av_one_full  el_before_av_social_share '><span class='hr-inner ' ><span class='hr-inner-style'><\/span><\/span><\/div><\/p>\n<div  class='av-social-sharing-box  avia-builder-el-7  el_after_av_hr  el_before_av_hr  '><div class='av-share-box'><h5 class='av-share-link-description av-no-toc '>Compartir esta noticia<\/h5><ul class='av-share-box-list noLightbox'><li class='av-share-link av-social-link-facebook' ><a target=\"_blank\" aria-label=\"Compartir en Facebook\" href='https:\/\/www.facebook.com\/sharer.php?u=https:\/\/radiorevelacionfm.cl\/?p=63462&#038;t=Corte%20de%20Coyhaique%20ordena%20reintegro%20de%20jefe%20de%20laboratorio%20de%20Hospital%20Regional' aria-hidden='false' data-av_icon='\ue8f3' data-av_iconfont='entypo-fontello' title='' data-avia-related-tooltip='Compartir en Facebook' rel=\"noopener\"><span class='avia_hidden_link_text'>Compartir en Facebook<\/span><\/a><\/li><li class='av-share-link av-social-link-twitter' ><a target=\"_blank\" aria-label=\"Compartir en Twitter\" href='https:\/\/twitter.com\/share?text=Corte%20de%20Coyhaique%20ordena%20reintegro%20de%20jefe%20de%20laboratorio%20de%20Hospital%20Regional&#038;url=https:\/\/radiorevelacionfm.cl\/?p=63462' aria-hidden='false' data-av_icon='\ue8f1' data-av_iconfont='entypo-fontello' title='' data-avia-related-tooltip='Compartir en Twitter' rel=\"noopener\"><span class='avia_hidden_link_text'>Compartir en Twitter<\/span><\/a><\/li><li class='av-share-link av-social-link-whatsapp' ><a target=\"_blank\" aria-label=\"Compartir en Whatsapp\" href='https:\/\/api.whatsapp.com\/send?text=https:\/\/radiorevelacionfm.cl\/?p=63462' aria-hidden='false' data-av_icon='\uf232' data-av_iconfont='entypo-fontello' title='' data-avia-related-tooltip='Compartir en Whatsapp' rel=\"noopener\"><span class='avia_hidden_link_text'>Compartir en Whatsapp<\/span><\/a><\/li><li class='av-share-link av-social-link-linkedin' ><a target=\"_blank\" aria-label=\"Compartir en LinkedIn\" href='https:\/\/linkedin.com\/shareArticle?mini=true&#038;title=Corte%20de%20Coyhaique%20ordena%20reintegro%20de%20jefe%20de%20laboratorio%20de%20Hospital%20Regional&#038;url=https:\/\/radiorevelacionfm.cl\/?p=63462' aria-hidden='false' data-av_icon='\ue8fc' data-av_iconfont='entypo-fontello' title='' data-avia-related-tooltip='Compartir en LinkedIn' rel=\"noopener\"><span class='avia_hidden_link_text'>Compartir en LinkedIn<\/span><\/a><\/li><li class='av-share-link av-social-link-mail' ><a  aria-label=\"Compartir por correo\" href='mailto:?subject=Corte%20de%20Coyhaique%20ordena%20reintegro%20de%20jefe%20de%20laboratorio%20de%20Hospital%20Regional&#038;body=https:\/\/radiorevelacionfm.cl\/?p=63462' aria-hidden='false' data-av_icon='\ue805' data-av_iconfont='entypo-fontello' title='' data-avia-related-tooltip='Compartir por correo'><span class='avia_hidden_link_text'>Compartir por correo<\/span><\/a><\/li><\/ul><\/div><\/div>\n<div  style='height:50px' class='hr hr-invisible   avia-builder-el-8  el_after_av_social_share  el_before_av_comments_list '><span class='hr-inner ' ><span class='hr-inner-style'><\/span><\/span><\/div>\n<div  class='av-buildercomment  av-blog-meta-html-info-disabled av-blog-meta-tag-disabled  '><\/div>\n","protected":false},"excerpt":{"rendered":"","protected":false},"author":1,"featured_media":24003,"comment_status":"closed","ping_status":"closed","sticky":false,"template":"","format":"standard","meta":{"footnotes":""},"categories":[55],"tags":[],"class_list":["post-63462","post","type-post","status-publish","format-standard","has-post-thumbnail","hentry","category-justicia"],"jetpack_featured_media_url":"https:\/\/radiorevelacionfm.cl\/wp-content\/uploads\/2022\/11\/hospital-regional-coyhaique-1_optimized.jpg","_links":{"self":[{"href":"https:\/\/radiorevelacionfm.cl\/index.php?rest_route=\/wp\/v2\/posts\/63462","targetHints":{"allow":["GET"]}}],"collection":[{"href":"https:\/\/radiorevelacionfm.cl\/index.php?rest_route=\/wp\/v2\/posts"}],"about":[{"href":"https:\/\/radiorevelacionfm.cl\/index.php?rest_route=\/wp\/v2\/types\/post"}],"author":[{"embeddable":true,"href":"https:\/\/radiorevelacionfm.cl\/index.php?rest_route=\/wp\/v2\/users\/1"}],"replies":[{"embeddable":true,"href":"https:\/\/radiorevelacionfm.cl\/index.php?rest_route=%2Fwp%2Fv2%2Fcomments&post=63462"}],"version-history":[{"count":2,"href":"https:\/\/radiorevelacionfm.cl\/index.php?rest_route=\/wp\/v2\/posts\/63462\/revisions"}],"predecessor-version":[{"id":63464,"href":"https:\/\/radiorevelacionfm.cl\/index.php?rest_route=\/wp\/v2\/posts\/63462\/revisions\/63464"}],"wp:featuredmedia":[{"embeddable":true,"href":"https:\/\/radiorevelacionfm.cl\/index.php?rest_route=\/wp\/v2\/media\/24003"}],"wp:attachment":[{"href":"https:\/\/radiorevelacionfm.cl\/index.php?rest_route=%2Fwp%2Fv2%2Fmedia&parent=63462"}],"wp:term":[{"taxonomy":"category","embeddable":true,"href":"https:\/\/radiorevelacionfm.cl\/index.php?rest_route=%2Fwp%2Fv2%2Fcategories&post=63462"},{"taxonomy":"post_tag","embeddable":true,"href":"https:\/\/radiorevelacionfm.cl\/index.php?rest_route=%2Fwp%2Fv2%2Ftags&post=63462"}],"curies":[{"name":"wp","href":"https:\/\/api.w.org\/{rel}","templated":true}]}}