{"id":63454,"date":"2026-01-19T17:17:43","date_gmt":"2026-01-19T20:17:43","guid":{"rendered":"https:\/\/radiorevelacionfm.cl\/?p=63454"},"modified":"2026-01-19T17:17:43","modified_gmt":"2026-01-19T20:17:43","slug":"familias-de-aysen-destacan-el-rol-de-los-jardines-infantiles-en-el-desarrollo-integral-de-ninas-y-ninos","status":"publish","type":"post","link":"https:\/\/radiorevelacionfm.cl\/?p=63454","title":{"rendered":"Familias de Ays\u00e9n destacan el rol de los jardines infantiles en el desarrollo integral de ni\u00f1as y ni\u00f1os"},"content":{"rendered":"<div class=\"flex_column av_one_full  flex_column_div av-zero-column-padding first  avia-builder-el-0  el_before_av_one_full  avia-builder-el-first  \" style='border-radius:0px; '><div  class='avia-image-container  av-styling-    avia-builder-el-1  avia-builder-el-no-sibling  avia-align-center '  itemprop=\"image\" itemscope=\"itemscope\" itemtype=\"https:\/\/schema.org\/ImageObject\"  ><div class='avia-image-container-inner'><div class='avia-image-overlay-wrap'><img decoding=\"async\" class='wp-image-63455 avia-img-lazy-loading-not-63455 avia_image' src=\"https:\/\/radiorevelacionfm.cl\/wp-content\/uploads\/2026\/01\/mg_9116-min-1_optimized.jpg\" alt='' title='_mg_9116-min-(1)_optimized' height=\"615\" width=\"802\"  itemprop=\"thumbnailUrl\" srcset=\"https:\/\/radiorevelacionfm.cl\/wp-content\/uploads\/2026\/01\/mg_9116-min-1_optimized.jpg 802w, https:\/\/radiorevelacionfm.cl\/wp-content\/uploads\/2026\/01\/mg_9116-min-1_optimized-300x230.jpg 300w, https:\/\/radiorevelacionfm.cl\/wp-content\/uploads\/2026\/01\/mg_9116-min-1_optimized-768x589.jpg 768w, https:\/\/radiorevelacionfm.cl\/wp-content\/uploads\/2026\/01\/mg_9116-min-1_optimized-705x541.jpg 705w, https:\/\/radiorevelacionfm.cl\/wp-content\/uploads\/2026\/01\/mg_9116-min-1_optimized-450x345.jpg 450w, https:\/\/radiorevelacionfm.cl\/wp-content\/uploads\/2026\/01\/mg_9116-min-1_optimized-600x460.jpg 600w\" sizes=\"(max-width: 802px) 100vw, 802px\" \/><\/div><\/div><\/div><\/div><div class=\"flex_column av_one_full  flex_column_div av-zero-column-padding first  avia-builder-el-2  el_after_av_one_full  el_before_av_one_full  column-top-margin\" style='border-radius:0px; '><section class=\"av_textblock_section \"  itemscope=\"itemscope\" itemtype=\"https:\/\/schema.org\/BlogPosting\" itemprop=\"blogPost\" ><div class='avia_textblock  '   itemprop=\"text\" ><p style=\"text-align: center;\"><strong><span style=\"font-size: 18pt;\">Familias de Ays\u00e9n destacan el rol de los jardines infantiles en el desarrollo integral de ni\u00f1as y ni\u00f1os<\/span><\/strong><\/p>\n<div id=\"gtx-trans\" style=\"position: absolute; left: -50px; top: 4.31534px;\">\n<div class=\"gtx-trans-icon\"><\/div>\n<\/div>\n<\/div><\/section><\/div><div class=\"flex_column av_one_full  flex_column_div av-zero-column-padding first  avia-builder-el-4  el_after_av_one_full  el_before_av_hr  column-top-margin\" style='border-radius:0px; '><section class=\"av_textblock_section \"  itemscope=\"itemscope\" itemtype=\"https:\/\/schema.org\/BlogPosting\" itemprop=\"blogPost\" ><div class='avia_textblock  '   itemprop=\"text\" ><p style=\"font-weight: 400; text-align: justify;\"><em>Familias y apoderados de la regi\u00f3n de Ays\u00e9n realizaron un balance del a\u00f1o parvulario 2025 y valoran el acompa\u00f1amiento educativo, el cuidado diario y los espacios seguros que ofrecen las salas cuna y jardines infantiles de Fundaci\u00f3n Integra, invitando a otras familias a ser parte de la educaci\u00f3n parvularia p\u00fablica y gratuita.<\/em><\/p>\n<p style=\"font-weight: 400; text-align: justify;\">A pocas semanas del fin de la atenci\u00f3n normal que realizan las salas cunas y jardines infantiles de Fundaci\u00f3n Integra en la regi\u00f3n de Ays\u00e9n las familias y\/o apoderados que forman parte de la instituci\u00f3n valoraron positivamente el rol que cumplen estos establecimientos, destacando el impacto positivo que estos espacios tienen en el desarrollo integral de ni\u00f1as y ni\u00f1os, no solo desde lo educativo, sino tambi\u00e9n en el cuidado, la alimentaci\u00f3n, el bienestar emocional y la socializaci\u00f3n.<\/p>\n<p style=\"font-weight: 400; text-align: justify;\">Seg\u00fan los entrevistados, los jardines infantiles se han transformado en espacios fundamentales para el crecimiento de sus hijas e hijos, donde el juego, el afecto y el aprendizaje se articulan de manera respetuosa y significativa, siempre poniendo en el centro a la ni\u00f1ez.<\/p>\n<p style=\"font-weight: 400; text-align: justify;\">David Guerra apoderado de uno de los 19 jardines infantiles presentes en la regi\u00f3n de Ays\u00e9n destac\u00f3 que \u201ctenemos una buena opini\u00f3n del trabajo que se desarrolla en el jard\u00edn infantil y del equipo educativo en general. Como familia podemos ver los avances de nuestra hija tanto en t\u00e9rminos cognitivos, educativos como de socializaci\u00f3n lo que nos tiene muy contentos con nuestra decisi\u00f3n\u201d.<\/p>\n<p style=\"font-weight: 400; text-align: justify;\">Desde las comunidades educativas tambi\u00e9n se releva el v\u00ednculo cercano que se genera entre equipos educativos y familias, fortaleciendo la confianza y el trabajo conjunto en favor del desarrollo de ni\u00f1as y ni\u00f1os.<\/p>\n<p style=\"font-weight: 400; text-align: justify;\">En esa l\u00ednea, Francisco Boisier, apoderado que se incorpor\u00f3 el 2025 a uno de los jardines infantiles de Integra en la regi\u00f3n de Ays\u00e9n destaca que \u201cdentro de los valores agregados que tiene la instituci\u00f3n es el tema de la ense\u00f1anza y la pedagog\u00eda que se utiliza ya que permite que el entorno social que facilita los aprendizajes de los ni\u00f1os y ni\u00f1as y que facilita enormemente el trabajo de nosotros como familia en la casa\u201d.<\/p>\n<p style=\"font-weight: 400; text-align: justify;\">Las familias tambi\u00e9n valoran el enfoque integral de Fundaci\u00f3n Integra, que considera la educaci\u00f3n inicial como una etapa clave para el desarrollo cognitivo, social y emocional, incorporando h\u00e1bitos de vida saludable, experiencias de juego y aprendizaje activo, y un acompa\u00f1amiento permanente a las trayectorias educativas desde la primera infancia.<\/p>\n<p style=\"font-weight: 400; text-align: justify;\">Ana Ja\u00f1a, otra de las apoderadas consultadas manifest\u00f3 que su hija \u201ca diario pr\u00e1ctica sus habilidades, destrezas y en conjunto a sus amiguitos lo que permite que entre todos se vayan nutriendo y eso es lo que m\u00e1s me gusta del jard\u00edn\u201d. A la vez reforz\u00f3 que \u201clas t\u00edas son maravillosas, siempre preocupadas, atentas de todos los ni\u00f1os y ni\u00f1as del nivel y ante cualquier situaci\u00f3n se ponen en contacto con los apoderados para resolver las dudas o inquietudes que tenemos. Estoy feliz con el jard\u00edn\u201d.<\/p>\n<p style=\"font-weight: 400; text-align: justify;\">Desde Fundaci\u00f3n Integra recuerdan que la educaci\u00f3n parvularia es el primer nivel del sistema educativo y cumple un rol esencial en la formaci\u00f3n de ni\u00f1as y ni\u00f1os, aportando a su bienestar, protecci\u00f3n de derechos y desarrollo pleno, especialmente en territorios como la regi\u00f3n de Ays\u00e9n.<\/p>\n<p style=\"font-weight: 400; text-align: justify;\">Finalmente, desde la instituci\u00f3n reforzaron su llamado a las familias que ya postularon a salas cuna y jardines infantiles de Fundaci\u00f3n Integra a confirmar la matr\u00edcula para el a\u00f1o en curso, y a aquellas que a\u00fan no forman parte de la red, a informarse y sumarse a la educaci\u00f3n parvularia p\u00fablica, gratuita y de calidad que se entrega en los distintos territorios de la regi\u00f3n.<\/p>\n<\/div><\/section><\/div><div  style='height:50px' class='hr hr-invisible   avia-builder-el-6  el_after_av_one_full  el_before_av_social_share '><span class='hr-inner ' ><span class='hr-inner-style'><\/span><\/span><\/div><\/p>\n<div  class='av-social-sharing-box  avia-builder-el-7  el_after_av_hr  el_before_av_hr  '><div class='av-share-box'><h5 class='av-share-link-description av-no-toc '>Compartir esta noticia<\/h5><ul class='av-share-box-list noLightbox'><li class='av-share-link av-social-link-facebook' ><a target=\"_blank\" aria-label=\"Compartir en Facebook\" href='https:\/\/www.facebook.com\/sharer.php?u=https:\/\/radiorevelacionfm.cl\/?p=63454&#038;t=Familias%20de%20Ays%C3%A9n%20destacan%20el%20rol%20de%20los%20jardines%20infantiles%20en%20el%20desarrollo%20integral%20de%20ni%C3%B1as%20y%20ni%C3%B1os' aria-hidden='false' data-av_icon='\ue8f3' data-av_iconfont='entypo-fontello' title='' data-avia-related-tooltip='Compartir en Facebook' rel=\"noopener\"><span class='avia_hidden_link_text'>Compartir en Facebook<\/span><\/a><\/li><li class='av-share-link av-social-link-twitter' ><a target=\"_blank\" aria-label=\"Compartir en Twitter\" href='https:\/\/twitter.com\/share?text=Familias%20de%20Ays%C3%A9n%20destacan%20el%20rol%20de%20los%20jardines%20infantiles%20en%20el%20desarrollo%20integral%20de%20ni%C3%B1as%20y%20ni%C3%B1os&#038;url=https:\/\/radiorevelacionfm.cl\/?p=63454' aria-hidden='false' data-av_icon='\ue8f1' data-av_iconfont='entypo-fontello' title='' data-avia-related-tooltip='Compartir en Twitter' rel=\"noopener\"><span class='avia_hidden_link_text'>Compartir en Twitter<\/span><\/a><\/li><li class='av-share-link av-social-link-whatsapp' ><a target=\"_blank\" aria-label=\"Compartir en Whatsapp\" href='https:\/\/api.whatsapp.com\/send?text=https:\/\/radiorevelacionfm.cl\/?p=63454' aria-hidden='false' data-av_icon='\uf232' data-av_iconfont='entypo-fontello' title='' data-avia-related-tooltip='Compartir en Whatsapp' rel=\"noopener\"><span class='avia_hidden_link_text'>Compartir en Whatsapp<\/span><\/a><\/li><li class='av-share-link av-social-link-linkedin' ><a target=\"_blank\" aria-label=\"Compartir en LinkedIn\" href='https:\/\/linkedin.com\/shareArticle?mini=true&#038;title=Familias%20de%20Ays%C3%A9n%20destacan%20el%20rol%20de%20los%20jardines%20infantiles%20en%20el%20desarrollo%20integral%20de%20ni%C3%B1as%20y%20ni%C3%B1os&#038;url=https:\/\/radiorevelacionfm.cl\/?p=63454' aria-hidden='false' data-av_icon='\ue8fc' data-av_iconfont='entypo-fontello' title='' data-avia-related-tooltip='Compartir en LinkedIn' rel=\"noopener\"><span class='avia_hidden_link_text'>Compartir en LinkedIn<\/span><\/a><\/li><li class='av-share-link av-social-link-mail' ><a  aria-label=\"Compartir por correo\" href='mailto:?subject=Familias%20de%20Ays%C3%A9n%20destacan%20el%20rol%20de%20los%20jardines%20infantiles%20en%20el%20desarrollo%20integral%20de%20ni%C3%B1as%20y%20ni%C3%B1os&#038;body=https:\/\/radiorevelacionfm.cl\/?p=63454' aria-hidden='false' data-av_icon='\ue805' data-av_iconfont='entypo-fontello' title='' data-avia-related-tooltip='Compartir por correo'><span class='avia_hidden_link_text'>Compartir por correo<\/span><\/a><\/li><\/ul><\/div><\/div>\n<div  style='height:50px' class='hr hr-invisible   avia-builder-el-8  el_after_av_social_share  el_before_av_comments_list '><span class='hr-inner ' ><span class='hr-inner-style'><\/span><\/span><\/div>\n<div  class='av-buildercomment  av-blog-meta-html-info-disabled av-blog-meta-tag-disabled  '><\/div>\n","protected":false},"excerpt":{"rendered":"","protected":false},"author":1,"featured_media":63455,"comment_status":"closed","ping_status":"closed","sticky":false,"template":"","format":"standard","meta":{"footnotes":""},"categories":[49],"tags":[],"class_list":["post-63454","post","type-post","status-publish","format-standard","has-post-thumbnail","hentry","category-educacion"],"jetpack_featured_media_url":"https:\/\/radiorevelacionfm.cl\/wp-content\/uploads\/2026\/01\/mg_9116-min-1_optimized.jpg","_links":{"self":[{"href":"https:\/\/radiorevelacionfm.cl\/index.php?rest_route=\/wp\/v2\/posts\/63454","targetHints":{"allow":["GET"]}}],"collection":[{"href":"https:\/\/radiorevelacionfm.cl\/index.php?rest_route=\/wp\/v2\/posts"}],"about":[{"href":"https:\/\/radiorevelacionfm.cl\/index.php?rest_route=\/wp\/v2\/types\/post"}],"author":[{"embeddable":true,"href":"https:\/\/radiorevelacionfm.cl\/index.php?rest_route=\/wp\/v2\/users\/1"}],"replies":[{"embeddable":true,"href":"https:\/\/radiorevelacionfm.cl\/index.php?rest_route=%2Fwp%2Fv2%2Fcomments&post=63454"}],"version-history":[{"count":2,"href":"https:\/\/radiorevelacionfm.cl\/index.php?rest_route=\/wp\/v2\/posts\/63454\/revisions"}],"predecessor-version":[{"id":63469,"href":"https:\/\/radiorevelacionfm.cl\/index.php?rest_route=\/wp\/v2\/posts\/63454\/revisions\/63469"}],"wp:featuredmedia":[{"embeddable":true,"href":"https:\/\/radiorevelacionfm.cl\/index.php?rest_route=\/wp\/v2\/media\/63455"}],"wp:attachment":[{"href":"https:\/\/radiorevelacionfm.cl\/index.php?rest_route=%2Fwp%2Fv2%2Fmedia&parent=63454"}],"wp:term":[{"taxonomy":"category","embeddable":true,"href":"https:\/\/radiorevelacionfm.cl\/index.php?rest_route=%2Fwp%2Fv2%2Fcategories&post=63454"},{"taxonomy":"post_tag","embeddable":true,"href":"https:\/\/radiorevelacionfm.cl\/index.php?rest_route=%2Fwp%2Fv2%2Ftags&post=63454"}],"curies":[{"name":"wp","href":"https:\/\/api.w.org\/{rel}","templated":true}]}}