{"id":63450,"date":"2026-01-19T12:48:42","date_gmt":"2026-01-19T15:48:42","guid":{"rendered":"https:\/\/radiorevelacionfm.cl\/?p=63450"},"modified":"2026-01-19T13:16:14","modified_gmt":"2026-01-19T16:16:14","slug":"empresa-reciclajes-martino-recolecto-y-despacho-mas-de-20-toneladas-de-baterias-en-desuso-desde-la-comuna-de-cochrane","status":"publish","type":"post","link":"https:\/\/radiorevelacionfm.cl\/?p=63450","title":{"rendered":"Empresa Reciclajes Martino recolect\u00f3 y despach\u00f3 m\u00e1s de 20 toneladas de bater\u00edas en desuso desde la comuna de Cochrane"},"content":{"rendered":"<div class=\"flex_column av_one_full  flex_column_div av-zero-column-padding first  avia-builder-el-0  el_before_av_one_full  avia-builder-el-first  \" style='border-radius:0px; '><div  class='avia-image-container  av-styling-    avia-builder-el-1  avia-builder-el-no-sibling  avia-align-center '  itemprop=\"image\" itemscope=\"itemscope\" itemtype=\"https:\/\/schema.org\/ImageObject\"  ><div class='avia-image-container-inner'><div class='avia-image-overlay-wrap'><img decoding=\"async\" class='wp-image-63451 avia-img-lazy-loading-not-63451 avia_image' src=\"https:\/\/radiorevelacionfm.cl\/wp-content\/uploads\/2026\/01\/b3-1_optimized.jpg\" alt='' title='b3-(1)_optimized' height=\"600\" width=\"1067\"  itemprop=\"thumbnailUrl\" srcset=\"https:\/\/radiorevelacionfm.cl\/wp-content\/uploads\/2026\/01\/b3-1_optimized.jpg 1067w, https:\/\/radiorevelacionfm.cl\/wp-content\/uploads\/2026\/01\/b3-1_optimized-300x169.jpg 300w, https:\/\/radiorevelacionfm.cl\/wp-content\/uploads\/2026\/01\/b3-1_optimized-1030x579.jpg 1030w, https:\/\/radiorevelacionfm.cl\/wp-content\/uploads\/2026\/01\/b3-1_optimized-768x432.jpg 768w, https:\/\/radiorevelacionfm.cl\/wp-content\/uploads\/2026\/01\/b3-1_optimized-705x396.jpg 705w, https:\/\/radiorevelacionfm.cl\/wp-content\/uploads\/2026\/01\/b3-1_optimized-450x253.jpg 450w, https:\/\/radiorevelacionfm.cl\/wp-content\/uploads\/2026\/01\/b3-1_optimized-600x337.jpg 600w\" sizes=\"(max-width: 1067px) 100vw, 1067px\" \/><\/div><\/div><\/div><\/div>\n<div class=\"flex_column av_one_full  flex_column_div av-zero-column-padding first  avia-builder-el-2  el_after_av_one_full  el_before_av_one_full  column-top-margin\" style='border-radius:0px; '><section class=\"av_textblock_section \"  itemscope=\"itemscope\" itemtype=\"https:\/\/schema.org\/BlogPosting\" itemprop=\"blogPost\" ><div class='avia_textblock  '   itemprop=\"text\" ><p style=\"text-align: center;\"><strong><span style=\"font-size: 18pt;\">Empresa Reciclajes Martino recolect\u00f3 y despach\u00f3 m\u00e1s de 20 toneladas de bater\u00edas en desuso desde la comuna de Cochrane<\/span><\/strong><\/p>\n<div id=\"gtx-trans\" style=\"position: absolute; left: -50px; top: 4.31534px;\">\n<div class=\"gtx-trans-icon\"><\/div>\n<\/div>\n<\/div><\/section><\/div><div class=\"flex_column av_one_full  flex_column_div av-zero-column-padding first  avia-builder-el-4  el_after_av_one_full  el_before_av_hr  column-top-margin\" style='border-radius:0px; '><section class=\"av_textblock_section \"  itemscope=\"itemscope\" itemtype=\"https:\/\/schema.org\/BlogPosting\" itemprop=\"blogPost\" ><div class='avia_textblock  '   itemprop=\"text\" ><p style=\"text-align: justify;\">La Empresa Reciclajes Martino se traslad\u00f3, recientemente, desde Puerto Ays\u00e9n hasta la comuna de Cochrane, en el extremo sur de la Regi\u00f3n de Ays\u00e9n, para ser part\u00edcipe de una campa\u00f1a in\u00e9dita de recolecci\u00f3n de bater\u00edas en desuso.<\/p>\n<p style=\"text-align: justify;\">La actividad convoc\u00f3 a vecinos y diversas organizaciones de la comunidad local, quienes lograron recolectar alrededor de 20 toneladas de bater\u00edas y otros residuos inorg\u00e1nicos domiciliarios como botellas de vidrio, latas y cart\u00f3n.<\/p>\n<p style=\"text-align: justify;\"><strong>Christian Martino, gestor de residuos s\u00f3lidos inorg\u00e1nicos, domiciliarios e industriales de Ays\u00e9n,<\/strong> manifest\u00f3 su satisfacci\u00f3n y entusiasmo por la positiva respuesta y compromiso demostrado por los habitantes de Cochrane en esta campa\u00f1a. \u201cMe encanta movilizarme a sectores tan apartados como la comuna de Cochrane para trabajar en la recolecci\u00f3n y correcta disposici\u00f3n final de un residuo tan contaminante para el Planeta y la salud de las personas, como lo son las bater\u00edas. Quiero valorar el trabajo\u00a0 de los funcionarios municipales y de la comunidad que se est\u00e1 haciendo cargo de este problema, respondiendo de manera activa a este llamado\u201d, asever\u00f3.<\/p>\n<p style=\"text-align: justify;\">La recolecci\u00f3n de bater\u00edas y otros residuos inorg\u00e1nicos es fundamental para evitar la contaminaci\u00f3n del suelo y el agua, \u00a0tambi\u00e9n \u00a0para proteger la biodiversidad de la regi\u00f3n. En este sentido, la <strong>Encargada de la Unidad de Medio Ambiente del municipio de Cochrane, Beatriz Oliveros, <\/strong>manifest\u00f3 que \u201cesta es la \u00fanica instancia que disponemos para dar una correcta disposici\u00f3n final a estos residuos que necesitan un tratamiento distinto a los residuos domiciliarios. Por esta raz\u00f3n, invitamos a todos los vecinos a que se sumen a estas campa\u00f1as participativas. Vamos a seguir trabajando en el futuro; disponemos de puntos limpios donde podemos recepcionar papeles, cartones y vidrios a trav\u00e9s de un trabajo continuo para un saneamiento ambiental de nuestra comuna\u201d, subray\u00f3.<\/p>\n<p style=\"text-align: justify;\"><strong>POSITIVA REACCI\u00d3N DE LOS TURISTAS<\/strong><\/p>\n<p style=\"text-align: justify;\">En plena \u00e9poca estival y en\u00a0 un c\u00e9ntrico lugar de la comuna de Cochrane, la campa\u00f1a\u00a0 de bater\u00edas en desuso no pas\u00f3 desapercibida para transe\u00fantes y turistas que visitaban la zona.<\/p>\n<p style=\"text-align: justify;\"><strong>Proveniente de la Regi\u00f3n del B\u00edo B\u00edo, el turista Alejandro Zunino,<\/strong> no disimul\u00f3 su reconocimiento a los organizadores de campa\u00f1a que permiti\u00f3 descontaminar y preservar un entorno pr\u00edstino de la Patagonia como la comuna de Cochrane. \u201cConsidero que\u00a0 es muy bueno el acto de reutilizar y reciclar en estos lugares del pa\u00eds, aquellos elementos que pueden ser considerados como basura; es importante seguir fomentando esta pr\u00e1ctica. Incluso, me parece que ser\u00eda muy interesante que para el futuro, en vez de despachar estos residuos hacia otros lugares del pa\u00eds, se pudiera realizar\u00a0 todo el proceso en este mismo lugar\u201d, expres\u00f3.<\/p>\n<p style=\"text-align: justify;\">La campa\u00f1a de bater\u00edas en desuso, fue patrocinada por la Ilustre Municipalidad de Cochrane y cont\u00f3 con el auspicio del Gobierno Regional de Ays\u00e9n \u00a0a trav\u00e9s de su Programa del 8% del FNDR. Por su parte, la Empresa reciclajes Martino agradeci\u00f3 la colaboraci\u00f3n de la comunidad y se comprometi\u00f3 a seguir trabajando de manera colaborativa para proteger y hacer m\u00e1s sostenible \u00a0el entorno natural y social de la Patagonia en \u00a0Ays\u00e9n.<\/p>\n<\/div><\/section><\/div><\/p>\n<div  style='height:50px' class='hr hr-invisible   avia-builder-el-6  el_after_av_one_full  el_before_av_social_share '><span class='hr-inner ' ><span class='hr-inner-style'><\/span><\/span><\/div>\n<div  class='av-social-sharing-box  avia-builder-el-7  el_after_av_hr  el_before_av_hr  '><div class='av-share-box'><h5 class='av-share-link-description av-no-toc '>Compartir esta noticia<\/h5><ul class='av-share-box-list noLightbox'><li class='av-share-link av-social-link-facebook' ><a target=\"_blank\" aria-label=\"Compartir en Facebook\" href='https:\/\/www.facebook.com\/sharer.php?u=https:\/\/radiorevelacionfm.cl\/?p=63450&#038;t=Empresa%20Reciclajes%20Martino%20recolect%C3%B3%20y%20despach%C3%B3%20m%C3%A1s%20de%2020%20toneladas%20de%20bater%C3%ADas%20en%20desuso%20desde%20la%20comuna%20de%20Cochrane' aria-hidden='false' data-av_icon='\ue8f3' data-av_iconfont='entypo-fontello' title='' data-avia-related-tooltip='Compartir en Facebook' rel=\"noopener\"><span class='avia_hidden_link_text'>Compartir en Facebook<\/span><\/a><\/li><li class='av-share-link av-social-link-twitter' ><a target=\"_blank\" aria-label=\"Compartir en Twitter\" href='https:\/\/twitter.com\/share?text=Empresa%20Reciclajes%20Martino%20recolect%C3%B3%20y%20despach%C3%B3%20m%C3%A1s%20de%2020%20toneladas%20de%20bater%C3%ADas%20en%20desuso%20desde%20la%20comuna%20de%20Cochrane&#038;url=https:\/\/radiorevelacionfm.cl\/?p=63450' aria-hidden='false' data-av_icon='\ue8f1' data-av_iconfont='entypo-fontello' title='' data-avia-related-tooltip='Compartir en Twitter' rel=\"noopener\"><span class='avia_hidden_link_text'>Compartir en Twitter<\/span><\/a><\/li><li class='av-share-link av-social-link-whatsapp' ><a target=\"_blank\" aria-label=\"Compartir en Whatsapp\" href='https:\/\/api.whatsapp.com\/send?text=https:\/\/radiorevelacionfm.cl\/?p=63450' aria-hidden='false' data-av_icon='\uf232' data-av_iconfont='entypo-fontello' title='' data-avia-related-tooltip='Compartir en Whatsapp' rel=\"noopener\"><span class='avia_hidden_link_text'>Compartir en Whatsapp<\/span><\/a><\/li><li class='av-share-link av-social-link-linkedin' ><a target=\"_blank\" aria-label=\"Compartir en LinkedIn\" href='https:\/\/linkedin.com\/shareArticle?mini=true&#038;title=Empresa%20Reciclajes%20Martino%20recolect%C3%B3%20y%20despach%C3%B3%20m%C3%A1s%20de%2020%20toneladas%20de%20bater%C3%ADas%20en%20desuso%20desde%20la%20comuna%20de%20Cochrane&#038;url=https:\/\/radiorevelacionfm.cl\/?p=63450' aria-hidden='false' data-av_icon='\ue8fc' data-av_iconfont='entypo-fontello' title='' data-avia-related-tooltip='Compartir en LinkedIn' rel=\"noopener\"><span class='avia_hidden_link_text'>Compartir en LinkedIn<\/span><\/a><\/li><li class='av-share-link av-social-link-mail' ><a  aria-label=\"Compartir por correo\" href='mailto:?subject=Empresa%20Reciclajes%20Martino%20recolect%C3%B3%20y%20despach%C3%B3%20m%C3%A1s%20de%2020%20toneladas%20de%20bater%C3%ADas%20en%20desuso%20desde%20la%20comuna%20de%20Cochrane&#038;body=https:\/\/radiorevelacionfm.cl\/?p=63450' aria-hidden='false' data-av_icon='\ue805' data-av_iconfont='entypo-fontello' title='' data-avia-related-tooltip='Compartir por correo'><span class='avia_hidden_link_text'>Compartir por correo<\/span><\/a><\/li><\/ul><\/div><\/div>\n<div  style='height:50px' class='hr hr-invisible   avia-builder-el-8  el_after_av_social_share  el_before_av_comments_list '><span class='hr-inner ' ><span class='hr-inner-style'><\/span><\/span><\/div>\n<div  class='av-buildercomment  av-blog-meta-html-info-disabled av-blog-meta-tag-disabled  '><\/div>\n","protected":false},"excerpt":{"rendered":"","protected":false},"author":1,"featured_media":63451,"comment_status":"closed","ping_status":"closed","sticky":false,"template":"","format":"standard","meta":{"footnotes":""},"categories":[38],"tags":[],"class_list":["post-63450","post","type-post","status-publish","format-standard","has-post-thumbnail","hentry","category-regional"],"jetpack_featured_media_url":"https:\/\/radiorevelacionfm.cl\/wp-content\/uploads\/2026\/01\/b3-1_optimized.jpg","_links":{"self":[{"href":"https:\/\/radiorevelacionfm.cl\/index.php?rest_route=\/wp\/v2\/posts\/63450","targetHints":{"allow":["GET"]}}],"collection":[{"href":"https:\/\/radiorevelacionfm.cl\/index.php?rest_route=\/wp\/v2\/posts"}],"about":[{"href":"https:\/\/radiorevelacionfm.cl\/index.php?rest_route=\/wp\/v2\/types\/post"}],"author":[{"embeddable":true,"href":"https:\/\/radiorevelacionfm.cl\/index.php?rest_route=\/wp\/v2\/users\/1"}],"replies":[{"embeddable":true,"href":"https:\/\/radiorevelacionfm.cl\/index.php?rest_route=%2Fwp%2Fv2%2Fcomments&post=63450"}],"version-history":[{"count":3,"href":"https:\/\/radiorevelacionfm.cl\/index.php?rest_route=\/wp\/v2\/posts\/63450\/revisions"}],"predecessor-version":[{"id":63457,"href":"https:\/\/radiorevelacionfm.cl\/index.php?rest_route=\/wp\/v2\/posts\/63450\/revisions\/63457"}],"wp:featuredmedia":[{"embeddable":true,"href":"https:\/\/radiorevelacionfm.cl\/index.php?rest_route=\/wp\/v2\/media\/63451"}],"wp:attachment":[{"href":"https:\/\/radiorevelacionfm.cl\/index.php?rest_route=%2Fwp%2Fv2%2Fmedia&parent=63450"}],"wp:term":[{"taxonomy":"category","embeddable":true,"href":"https:\/\/radiorevelacionfm.cl\/index.php?rest_route=%2Fwp%2Fv2%2Fcategories&post=63450"},{"taxonomy":"post_tag","embeddable":true,"href":"https:\/\/radiorevelacionfm.cl\/index.php?rest_route=%2Fwp%2Fv2%2Ftags&post=63450"}],"curies":[{"name":"wp","href":"https:\/\/api.w.org\/{rel}","templated":true}]}}