{"id":63448,"date":"2026-01-20T15:05:05","date_gmt":"2026-01-20T18:05:05","guid":{"rendered":"https:\/\/radiorevelacionfm.cl\/?p=63448"},"modified":"2026-01-20T15:05:05","modified_gmt":"2026-01-20T18:05:05","slug":"consejera-andrea-ponce-valoro-la-aprobacion-del-programa-para-los-habitantes-de-la-provincia-de-capitan-prat-a-fosis-institucion-competente-versus-convenio-de-procultura-que-no-era-idonea","status":"publish","type":"post","link":"https:\/\/radiorevelacionfm.cl\/?p=63448","title":{"rendered":"Consejera Andrea Ponce: \u201cValoro la aprobaci\u00f3n del programa para los habitantes de la Provincia de Capit\u00e1n Prat a Fosis, instituci\u00f3n competente versus convenio de ProCultura que no era id\u00f3nea\u201d"},"content":{"rendered":"<div class=\"flex_column av_one_full  flex_column_div av-zero-column-padding first  avia-builder-el-0  el_before_av_one_full  avia-builder-el-first  \" style='border-radius:0px; '><div  class='avia-image-container  av-styling-    avia-builder-el-1  avia-builder-el-no-sibling  avia-align-center '  itemprop=\"image\" itemscope=\"itemscope\" itemtype=\"https:\/\/schema.org\/ImageObject\"  ><div class='avia-image-container-inner'><div class='avia-image-overlay-wrap'><img decoding=\"async\" class='wp-image-52978 avia-img-lazy-loading-not-52978 avia_image' src=\"https:\/\/radiorevelacionfm.cl\/wp-content\/uploads\/2025\/04\/CONSEJERA-ANDREA-PONCE-1-1.jpg\" alt='' title='CONSEJERA ANDREA PONCE (1) (1)' height=\"600\" width=\"901\"  itemprop=\"thumbnailUrl\" srcset=\"https:\/\/radiorevelacionfm.cl\/wp-content\/uploads\/2025\/04\/CONSEJERA-ANDREA-PONCE-1-1.jpg 901w, https:\/\/radiorevelacionfm.cl\/wp-content\/uploads\/2025\/04\/CONSEJERA-ANDREA-PONCE-1-1-300x200.jpg 300w, https:\/\/radiorevelacionfm.cl\/wp-content\/uploads\/2025\/04\/CONSEJERA-ANDREA-PONCE-1-1-768x511.jpg 768w, https:\/\/radiorevelacionfm.cl\/wp-content\/uploads\/2025\/04\/CONSEJERA-ANDREA-PONCE-1-1-705x469.jpg 705w, https:\/\/radiorevelacionfm.cl\/wp-content\/uploads\/2025\/04\/CONSEJERA-ANDREA-PONCE-1-1-450x300.jpg 450w, https:\/\/radiorevelacionfm.cl\/wp-content\/uploads\/2025\/04\/CONSEJERA-ANDREA-PONCE-1-1-600x400.jpg 600w\" sizes=\"(max-width: 901px) 100vw, 901px\" \/><\/div><\/div><\/div><\/div><div class=\"flex_column av_one_full  flex_column_div av-zero-column-padding first  avia-builder-el-2  el_after_av_one_full  el_before_av_one_full  column-top-margin\" style='border-radius:0px; '><section class=\"av_textblock_section \"  itemscope=\"itemscope\" itemtype=\"https:\/\/schema.org\/BlogPosting\" itemprop=\"blogPost\" ><div class='avia_textblock  '   itemprop=\"text\" ><p style=\"text-align: center;\"><strong><span style=\"font-size: 18pt;\">Consejera Andrea Ponce: \u201cValoro la aprobaci\u00f3n del programa para los habitantes de la Provincia de Capit\u00e1n Prat a Fosis, instituci\u00f3n competente versus convenio de ProCultura que no era id\u00f3nea\u201d<\/span><\/strong><\/p>\n<div id=\"gtx-trans\" style=\"position: absolute; left: -50px; top: 4.31534px;\">\n<div class=\"gtx-trans-icon\"><\/div>\n<\/div>\n<\/div><\/section><\/div><div class=\"flex_column av_one_full  flex_column_div av-zero-column-padding first  avia-builder-el-4  el_after_av_one_full  el_before_av_hr  column-top-margin\" style='border-radius:0px; '><section class=\"av_textblock_section \"  itemscope=\"itemscope\" itemtype=\"https:\/\/schema.org\/BlogPosting\" itemprop=\"blogPost\" ><div class='avia_textblock  '   itemprop=\"text\" ><p style=\"font-weight: 400; text-align: justify;\"><em>La Consejera Regional Andrea Ponce destac\u00f3 la aprobaci\u00f3n en el Pleno de la \u00faltima sesi\u00f3n del Consejo Regional de Ays\u00e9n y la idoneidad de la instituci\u00f3n dependiente del Ministerio de Desarrollo Social para desarrollar este programa para la provincia del sur de la regi\u00f3n.<\/em><\/p>\n<p style=\"font-weight: 400; text-align: justify;\">Este 14 de enero de 2026 fue aprobado en el pleno del Consejo Regional de Ays\u00e9n el Programa \u201cApoyo al mejoramiento en la Calidad de Vida a Familias de la Provincia de Capit\u00e1n Prat\u201d al Fondo de Solidaridad e Inversi\u00f3n Social, Fosis, dependiente del Ministerio de Desarrollo Social y Familia, destacando la Consejera regional Andrea Ponce Olivares la idoneidad de la instituci\u00f3n, versus ProCultura, instituci\u00f3n a la cual anteriormente se iban a entregar estos recursos para ejecutar el programa mencionado.<\/p>\n<p style=\"font-weight: 400; text-align: justify;\">\u201cYo quisiera se\u00f1alar que existe un acuerdo, el 6.216 del 12 de abril del 2023, aprobaci\u00f3n del financiamiento al \u201cPrograma Transferencia Programa de apoyo, familias de zonas rezagadas, Provincia de los Glaciares\u201d, por $1.673.353 pesos. En aquella oportunidad, esto se aprob\u00f3 para la Fundaci\u00f3n ProCultura. Por lo tanto, hoy d\u00eda nuevamente estamos aprobando estos recursos para el servicio a quien siempre se le debi\u00f3 entregar estos recursos, que es Fosis, un servicio especializado, que tiene profesionales, que tiene infraestructura, que tiene el conocimiento de la regi\u00f3n, que es su experiencia, es la labor que desarrolla, pero la administraci\u00f3n del Gobierno Regional anterior no se quer\u00eda entregar recursos a los servicios que s\u00ed conoc\u00edan su trabajo, sin embargo, s\u00ed a fundaciones desconocidas que no ten\u00edan idea ni siquiera de donde quedaba nuestra regi\u00f3n\u201d.<\/p>\n<p style=\"font-weight: 400; text-align: justify;\">En su intervenci\u00f3n en el pleno, la Consejera Ponce adem\u00e1s se refiri\u00f3 a la situaci\u00f3n actual de ProCultura que est\u00e1 en la justicia, donde el convenio entre el Gobierno Regional de Ays\u00e9n de la administraci\u00f3n anterior y la fundaci\u00f3n ProCultura alcanz\u00f3 a firmarse, pero no a transferirse los recursos, \u201cAfortunadamente, aunque se aprob\u00f3 no se entregaron los recursos, hoy d\u00eda esta situaci\u00f3n est\u00e1 todav\u00eda en investigaci\u00f3n a trav\u00e9s de la justicia, solamente quer\u00eda se\u00f1alarlo porque si esto se hubiese aprobado al Fosis en el 2023, los vecinos y vecinas ya estar\u00edan recibiendo este beneficio, sin embargo, hoy d\u00eda se est\u00e1 aprobando nuevamente, llegamos tarde\u201d.<\/p>\n<p style=\"font-weight: 400; text-align: justify;\">Cabe mencionar que este programa ser\u00e1 ejecutado por Fosis en 24 meses, para la Provincia de Capit\u00e1n Prat, para apoyar a 70 familias de las comunas de Cochrane, Tortel y O\u00b4Higgins, y sus localidades, para\u00a0fortalecer sus actividades productivas y\/o las condiciones habitacionales.<\/p>\n<\/div><\/section><\/div><div  style='height:50px' class='hr hr-invisible   avia-builder-el-6  el_after_av_one_full  el_before_av_social_share '><span class='hr-inner ' ><span class='hr-inner-style'><\/span><\/span><\/div><\/p>\n<div  class='av-social-sharing-box  avia-builder-el-7  el_after_av_hr  el_before_av_hr  '><div class='av-share-box'><h5 class='av-share-link-description av-no-toc '>Compartir esta noticia<\/h5><ul class='av-share-box-list noLightbox'><li class='av-share-link av-social-link-facebook' ><a target=\"_blank\" aria-label=\"Compartir en Facebook\" href='https:\/\/www.facebook.com\/sharer.php?u=https:\/\/radiorevelacionfm.cl\/?p=63448&#038;t=Consejera%20Andrea%20Ponce%3A%20%E2%80%9CValoro%20la%20aprobaci%C3%B3n%20del%20programa%20para%20los%20habitantes%20de%20la%20Provincia%20de%20Capit%C3%A1n%20Prat%20a%20Fosis%2C%20instituci%C3%B3n%20competente%20versus%20convenio%20de%20ProCultura%20que%20no%20era%20id%C3%B3nea%E2%80%9D' aria-hidden='false' data-av_icon='\ue8f3' data-av_iconfont='entypo-fontello' title='' data-avia-related-tooltip='Compartir en Facebook' rel=\"noopener\"><span class='avia_hidden_link_text'>Compartir en Facebook<\/span><\/a><\/li><li class='av-share-link av-social-link-twitter' ><a target=\"_blank\" aria-label=\"Compartir en Twitter\" href='https:\/\/twitter.com\/share?text=Consejera%20Andrea%20Ponce%3A%20%E2%80%9CValoro%20la%20aprobaci%C3%B3n%20del%20programa%20para%20los%20habitantes%20de%20la%20Provincia%20de%20Capit%C3%A1n%20Prat%20a%20Fosis%2C%20instituci%C3%B3n%20competente%20versus%20convenio%20de%20ProCultura%20que%20no%20era%20id%C3%B3nea%E2%80%9D&#038;url=https:\/\/radiorevelacionfm.cl\/?p=63448' aria-hidden='false' data-av_icon='\ue8f1' data-av_iconfont='entypo-fontello' title='' data-avia-related-tooltip='Compartir en Twitter' rel=\"noopener\"><span class='avia_hidden_link_text'>Compartir en Twitter<\/span><\/a><\/li><li class='av-share-link av-social-link-whatsapp' ><a target=\"_blank\" aria-label=\"Compartir en Whatsapp\" href='https:\/\/api.whatsapp.com\/send?text=https:\/\/radiorevelacionfm.cl\/?p=63448' aria-hidden='false' data-av_icon='\uf232' data-av_iconfont='entypo-fontello' title='' data-avia-related-tooltip='Compartir en Whatsapp' rel=\"noopener\"><span class='avia_hidden_link_text'>Compartir en Whatsapp<\/span><\/a><\/li><li class='av-share-link av-social-link-linkedin' ><a target=\"_blank\" aria-label=\"Compartir en LinkedIn\" href='https:\/\/linkedin.com\/shareArticle?mini=true&#038;title=Consejera%20Andrea%20Ponce%3A%20%E2%80%9CValoro%20la%20aprobaci%C3%B3n%20del%20programa%20para%20los%20habitantes%20de%20la%20Provincia%20de%20Capit%C3%A1n%20Prat%20a%20Fosis%2C%20instituci%C3%B3n%20competente%20versus%20convenio%20de%20ProCultura%20que%20no%20era%20id%C3%B3nea%E2%80%9D&#038;url=https:\/\/radiorevelacionfm.cl\/?p=63448' aria-hidden='false' data-av_icon='\ue8fc' data-av_iconfont='entypo-fontello' title='' data-avia-related-tooltip='Compartir en LinkedIn' rel=\"noopener\"><span class='avia_hidden_link_text'>Compartir en LinkedIn<\/span><\/a><\/li><li class='av-share-link av-social-link-mail' ><a  aria-label=\"Compartir por correo\" href='mailto:?subject=Consejera%20Andrea%20Ponce%3A%20%E2%80%9CValoro%20la%20aprobaci%C3%B3n%20del%20programa%20para%20los%20habitantes%20de%20la%20Provincia%20de%20Capit%C3%A1n%20Prat%20a%20Fosis%2C%20instituci%C3%B3n%20competente%20versus%20convenio%20de%20ProCultura%20que%20no%20era%20id%C3%B3nea%E2%80%9D&#038;body=https:\/\/radiorevelacionfm.cl\/?p=63448' aria-hidden='false' data-av_icon='\ue805' data-av_iconfont='entypo-fontello' title='' data-avia-related-tooltip='Compartir por correo'><span class='avia_hidden_link_text'>Compartir por correo<\/span><\/a><\/li><\/ul><\/div><\/div>\n<div  style='height:50px' class='hr hr-invisible   avia-builder-el-8  el_after_av_social_share  el_before_av_comments_list '><span class='hr-inner ' ><span class='hr-inner-style'><\/span><\/span><\/div>\n<div  class='av-buildercomment  av-blog-meta-html-info-disabled av-blog-meta-tag-disabled  '><\/div>\n","protected":false},"excerpt":{"rendered":"","protected":false},"author":1,"featured_media":52978,"comment_status":"closed","ping_status":"closed","sticky":false,"template":"","format":"standard","meta":{"footnotes":""},"categories":[38],"tags":[],"class_list":["post-63448","post","type-post","status-publish","format-standard","has-post-thumbnail","hentry","category-regional"],"jetpack_featured_media_url":"https:\/\/radiorevelacionfm.cl\/wp-content\/uploads\/2025\/04\/CONSEJERA-ANDREA-PONCE-1-1.jpg","_links":{"self":[{"href":"https:\/\/radiorevelacionfm.cl\/index.php?rest_route=\/wp\/v2\/posts\/63448","targetHints":{"allow":["GET"]}}],"collection":[{"href":"https:\/\/radiorevelacionfm.cl\/index.php?rest_route=\/wp\/v2\/posts"}],"about":[{"href":"https:\/\/radiorevelacionfm.cl\/index.php?rest_route=\/wp\/v2\/types\/post"}],"author":[{"embeddable":true,"href":"https:\/\/radiorevelacionfm.cl\/index.php?rest_route=\/wp\/v2\/users\/1"}],"replies":[{"embeddable":true,"href":"https:\/\/radiorevelacionfm.cl\/index.php?rest_route=%2Fwp%2Fv2%2Fcomments&post=63448"}],"version-history":[{"count":2,"href":"https:\/\/radiorevelacionfm.cl\/index.php?rest_route=\/wp\/v2\/posts\/63448\/revisions"}],"predecessor-version":[{"id":63486,"href":"https:\/\/radiorevelacionfm.cl\/index.php?rest_route=\/wp\/v2\/posts\/63448\/revisions\/63486"}],"wp:featuredmedia":[{"embeddable":true,"href":"https:\/\/radiorevelacionfm.cl\/index.php?rest_route=\/wp\/v2\/media\/52978"}],"wp:attachment":[{"href":"https:\/\/radiorevelacionfm.cl\/index.php?rest_route=%2Fwp%2Fv2%2Fmedia&parent=63448"}],"wp:term":[{"taxonomy":"category","embeddable":true,"href":"https:\/\/radiorevelacionfm.cl\/index.php?rest_route=%2Fwp%2Fv2%2Fcategories&post=63448"},{"taxonomy":"post_tag","embeddable":true,"href":"https:\/\/radiorevelacionfm.cl\/index.php?rest_route=%2Fwp%2Fv2%2Ftags&post=63448"}],"curies":[{"name":"wp","href":"https:\/\/api.w.org\/{rel}","templated":true}]}}