{"id":63444,"date":"2026-01-19T10:56:06","date_gmt":"2026-01-19T13:56:06","guid":{"rendered":"https:\/\/radiorevelacionfm.cl\/?p=63444"},"modified":"2026-01-19T10:56:06","modified_gmt":"2026-01-19T13:56:06","slug":"aprueban-historica-inversion-para-la-infraestructura-fundacional-de-la-universidad-de-aysen","status":"publish","type":"post","link":"https:\/\/radiorevelacionfm.cl\/?p=63444","title":{"rendered":"Aprueban hist\u00f3rica inversi\u00f3n para la infraestructura fundacional de la Universidad de Ays\u00e9n"},"content":{"rendered":"<div class=\"flex_column av_one_full  flex_column_div av-zero-column-padding first  avia-builder-el-0  el_before_av_one_full  avia-builder-el-first  \" style='border-radius:0px; '><div  class='avia-image-container  av-styling-    avia-builder-el-1  avia-builder-el-no-sibling  avia-align-center '  itemprop=\"image\" itemscope=\"itemscope\" itemtype=\"https:\/\/schema.org\/ImageObject\"  ><div class='avia-image-container-inner'><div class='avia-image-overlay-wrap'><img decoding=\"async\" class='wp-image-63445 avia-img-lazy-loading-not-63445 avia_image' src=\"https:\/\/radiorevelacionfm.cl\/wp-content\/uploads\/2026\/01\/220315-presentacion-uaysen-_pac-4_pagina_01-1_optimized-1.jpg\" alt='' title='220315-presentacion-uaysen-_pac-4_p\u00e1gina_01-(1)_optimized (1)' height=\"600\" width=\"1269\"  itemprop=\"thumbnailUrl\" srcset=\"https:\/\/radiorevelacionfm.cl\/wp-content\/uploads\/2026\/01\/220315-presentacion-uaysen-_pac-4_pagina_01-1_optimized-1.jpg 1269w, https:\/\/radiorevelacionfm.cl\/wp-content\/uploads\/2026\/01\/220315-presentacion-uaysen-_pac-4_pagina_01-1_optimized-1-300x142.jpg 300w, https:\/\/radiorevelacionfm.cl\/wp-content\/uploads\/2026\/01\/220315-presentacion-uaysen-_pac-4_pagina_01-1_optimized-1-1030x487.jpg 1030w, https:\/\/radiorevelacionfm.cl\/wp-content\/uploads\/2026\/01\/220315-presentacion-uaysen-_pac-4_pagina_01-1_optimized-1-768x363.jpg 768w, https:\/\/radiorevelacionfm.cl\/wp-content\/uploads\/2026\/01\/220315-presentacion-uaysen-_pac-4_pagina_01-1_optimized-1-705x333.jpg 705w, https:\/\/radiorevelacionfm.cl\/wp-content\/uploads\/2026\/01\/220315-presentacion-uaysen-_pac-4_pagina_01-1_optimized-1-450x213.jpg 450w, https:\/\/radiorevelacionfm.cl\/wp-content\/uploads\/2026\/01\/220315-presentacion-uaysen-_pac-4_pagina_01-1_optimized-1-600x284.jpg 600w\" sizes=\"(max-width: 1269px) 100vw, 1269px\" \/><\/div><\/div><\/div><\/div><div class=\"flex_column av_one_full  flex_column_div av-zero-column-padding first  avia-builder-el-2  el_after_av_one_full  el_before_av_one_full  column-top-margin\" style='border-radius:0px; '><section class=\"av_textblock_section \"  itemscope=\"itemscope\" itemtype=\"https:\/\/schema.org\/BlogPosting\" itemprop=\"blogPost\" ><div class='avia_textblock  '   itemprop=\"text\" ><p style=\"text-align: center;\"><strong><span style=\"font-size: 18pt;\">Aprueban hist\u00f3rica inversi\u00f3n para la infraestructura fundacional de la Universidad de Ays\u00e9n<\/span><\/strong><\/p>\n<div id=\"gtx-trans\" style=\"position: absolute; left: -50px; top: 4.31534px;\">\n<div class=\"gtx-trans-icon\"><\/div>\n<\/div>\n<\/div><\/section><\/div><div class=\"flex_column av_one_full  flex_column_div av-zero-column-padding first  avia-builder-el-4  el_after_av_one_full  el_before_av_hr  column-top-margin\" style='border-radius:0px; '><section class=\"av_textblock_section \"  itemscope=\"itemscope\" itemtype=\"https:\/\/schema.org\/BlogPosting\" itemprop=\"blogPost\" ><div class='avia_textblock  '   itemprop=\"text\" ><p style=\"text-align: justify;\"><em>La iniciativa, financiada por el Gobierno Regional, fue\u00a0 aprobada por unanimidad por el Consejo Regional y permitir\u00e1 construir cerca de 8.000 m2 en el Campus R\u00edo Coyhaique para fortalecer el acceso a la educaci\u00f3n superior p\u00fablica en la regi\u00f3n.<\/em><\/p>\n<p style=\"text-align: justify;\">Hace algunos d\u00edas fue aprobado, en la segunda sesi\u00f3n del pleno del Consejo Regional, el financiamiento para la \u201cConstrucci\u00f3n Infraestructura Fundacional de la Universidad de Ays\u00e9n\u201d, iniciativa estrat\u00e9gica que permitir\u00e1 avanzar en el desarrollo del Campus R\u00edo Coyhaique. El proyecto considera la entrega de recursos del Gobierno Regional, por m\u00e1s de 29 mil millones de pesos, junto con un aporte institucional de 6 mil millones de pesos por parte de la Universidad de Ays\u00e9n.<\/p>\n<p style=\"text-align: justify;\">La aprobaci\u00f3n de estos recursos se enmarca en el del Plan de Desarrollo de Zonas Extremas (PDZE), y permitir\u00e1 concretar la construcci\u00f3n de 7.985 m\u00b2 de infraestructura universitaria con una duraci\u00f3n de ejecuci\u00f3n estimada en 30 meses, destinada a docencia de pregrado, investigaci\u00f3n, gesti\u00f3n institucional y servicios complementarios, en el sector Escuela Agr\u00edcola de Coyhaique, sobre un terreno de 23,39 hect\u00e1reas que dar\u00e1 forma al Campus R\u00edo Coyhaique.<\/p>\n<p style=\"text-align: justify;\">En este contexto, el rector de la Universidad de Ays\u00e9n, V\u00edctor Cubillos, agradeci\u00f3 al Gobernador Regional y a los consejeros por el un\u00e1nime apoyo a la casa de estudios regional. A su vez, se\u00f1al\u00f3, \u201che tenido la suerte de estar en este momento hist\u00f3rico en que esto se cristaliza y eso de alguna manera me obliga a m\u00ed y a toda la universidad a ser serios, a trabajar bien y a dar cumplimiento a este sue\u00f1o\u201d.<\/p>\n<p style=\"text-align: justify;\">En esa l\u00ednea, el Rector subray\u00f3 que este respaldo conlleva una responsabilidad institucional de largo plazo, a\u00f1adiendo que \u201cnosotros tenemos que trabajar para materializar toda esta infraestructura y posteriormente hacer lo correcto. \u00bfY qu\u00e9 es lo correcto? Entregar buena formaci\u00f3n, la calidad que tiene que tener el pregrado, el posgrado, la investigaci\u00f3n, los convenios internacionales. Hay todo un mundo que se nos viene encima\u201d, enfatiz\u00f3.<\/p>\n<p style=\"text-align: justify;\">Por su parte, el gobernador regional de Ays\u00e9n, Marcelo Santana, se\u00f1al\u00f3 la relevancia estrat\u00e9gica de los proyectos aprobados, destacando especialmente la inversi\u00f3n en educaci\u00f3n superior como un eje clave para el desarrollo regional. \u201cHoy d\u00eda estamos aprobando probablemente dos de los proyectos m\u00e1s emblem\u00e1ticos para nuestra regi\u00f3n. Uno tiene que ver con la educaci\u00f3n, con la educaci\u00f3n superior, y tiene relaci\u00f3n con el edificio fundacional de la Universidad de Ays\u00e9n, casi 30 millones de d\u00f3lares de inversi\u00f3n en este lugar, que va a ser la casa matriz, el aula central donde la universidad se va a permitir crecer durante los pr\u00f3ximos a\u00f1os\u201d, afirm\u00f3.<\/p>\n<p style=\"text-align: justify;\">El edificio se desarrollar\u00e1 en cuatro niveles, combinando hormig\u00f3n armado, madera laminada y acero, con sistemas constructivos prefabricados dise\u00f1ados para responder a las condiciones clim\u00e1ticas de la Patagonia e incorporar\u00e1 est\u00e1ndares de eficiencia t\u00e9rmica orientados a la durabilidad, el confort y la sostenibilidad. A su vez, el programa arquitect\u00f3nico considera 13 salas de clases, 11 laboratorios, dos salas multiuso, biblioteca, aula magna y comedor-casino, junto a \u00e1reas acad\u00e9micas y estudiantiles, oficinas institucionales y el desarrollo de espacios exteriores como \u00e1reas verdes con paisajismo local, ciclov\u00edas, patios interiores, estacionamientos y una plaza de conexi\u00f3n con otras edificaciones del campus.<\/p>\n<p style=\"text-align: justify;\">Este hito marca un avance significativo en el plan de infraestructura de corto, mediano y largo plazo de la Universidad de Ays\u00e9n, que incluye tambi\u00e9n el nuevo Campus Err\u00e1zuriz y futuras etapas de consolidaci\u00f3n del Campus R\u00edo Coyhaique, fortaleciendo el proyecto universitario regional y el acceso a educaci\u00f3n superior p\u00fablica, pertinente y de calidad en el territorio.<\/p>\n<\/div><\/section><\/div><div  style='height:50px' class='hr hr-invisible   avia-builder-el-6  el_after_av_one_full  el_before_av_social_share '><span class='hr-inner ' ><span class='hr-inner-style'><\/span><\/span><\/div><\/p>\n<div  class='av-social-sharing-box  avia-builder-el-7  el_after_av_hr  el_before_av_hr  '><div class='av-share-box'><h5 class='av-share-link-description av-no-toc '>Compartir esta noticia<\/h5><ul class='av-share-box-list noLightbox'><li class='av-share-link av-social-link-facebook' ><a target=\"_blank\" aria-label=\"Compartir en Facebook\" href='https:\/\/www.facebook.com\/sharer.php?u=https:\/\/radiorevelacionfm.cl\/?p=63444&#038;t=Aprueban%20hist%C3%B3rica%20inversi%C3%B3n%20para%20la%20infraestructura%20fundacional%20de%20la%20Universidad%20de%20Ays%C3%A9n' aria-hidden='false' data-av_icon='\ue8f3' data-av_iconfont='entypo-fontello' title='' data-avia-related-tooltip='Compartir en Facebook' rel=\"noopener\"><span class='avia_hidden_link_text'>Compartir en Facebook<\/span><\/a><\/li><li class='av-share-link av-social-link-twitter' ><a target=\"_blank\" aria-label=\"Compartir en Twitter\" href='https:\/\/twitter.com\/share?text=Aprueban%20hist%C3%B3rica%20inversi%C3%B3n%20para%20la%20infraestructura%20fundacional%20de%20la%20Universidad%20de%20Ays%C3%A9n&#038;url=https:\/\/radiorevelacionfm.cl\/?p=63444' aria-hidden='false' data-av_icon='\ue8f1' data-av_iconfont='entypo-fontello' title='' data-avia-related-tooltip='Compartir en Twitter' rel=\"noopener\"><span class='avia_hidden_link_text'>Compartir en Twitter<\/span><\/a><\/li><li class='av-share-link av-social-link-whatsapp' ><a target=\"_blank\" aria-label=\"Compartir en Whatsapp\" href='https:\/\/api.whatsapp.com\/send?text=https:\/\/radiorevelacionfm.cl\/?p=63444' aria-hidden='false' data-av_icon='\uf232' data-av_iconfont='entypo-fontello' title='' data-avia-related-tooltip='Compartir en Whatsapp' rel=\"noopener\"><span class='avia_hidden_link_text'>Compartir en Whatsapp<\/span><\/a><\/li><li class='av-share-link av-social-link-linkedin' ><a target=\"_blank\" aria-label=\"Compartir en LinkedIn\" href='https:\/\/linkedin.com\/shareArticle?mini=true&#038;title=Aprueban%20hist%C3%B3rica%20inversi%C3%B3n%20para%20la%20infraestructura%20fundacional%20de%20la%20Universidad%20de%20Ays%C3%A9n&#038;url=https:\/\/radiorevelacionfm.cl\/?p=63444' aria-hidden='false' data-av_icon='\ue8fc' data-av_iconfont='entypo-fontello' title='' data-avia-related-tooltip='Compartir en LinkedIn' rel=\"noopener\"><span class='avia_hidden_link_text'>Compartir en LinkedIn<\/span><\/a><\/li><li class='av-share-link av-social-link-mail' ><a  aria-label=\"Compartir por correo\" href='mailto:?subject=Aprueban%20hist%C3%B3rica%20inversi%C3%B3n%20para%20la%20infraestructura%20fundacional%20de%20la%20Universidad%20de%20Ays%C3%A9n&#038;body=https:\/\/radiorevelacionfm.cl\/?p=63444' aria-hidden='false' data-av_icon='\ue805' data-av_iconfont='entypo-fontello' title='' data-avia-related-tooltip='Compartir por correo'><span class='avia_hidden_link_text'>Compartir por correo<\/span><\/a><\/li><\/ul><\/div><\/div>\n<div  style='height:50px' class='hr hr-invisible   avia-builder-el-8  el_after_av_social_share  el_before_av_comments_list '><span class='hr-inner ' ><span class='hr-inner-style'><\/span><\/span><\/div>\n<div  class='av-buildercomment  av-blog-meta-html-info-disabled av-blog-meta-tag-disabled  '><\/div>\n","protected":false},"excerpt":{"rendered":"","protected":false},"author":1,"featured_media":63445,"comment_status":"closed","ping_status":"closed","sticky":false,"template":"","format":"standard","meta":{"footnotes":""},"categories":[49],"tags":[],"class_list":["post-63444","post","type-post","status-publish","format-standard","has-post-thumbnail","hentry","category-educacion"],"jetpack_featured_media_url":"https:\/\/radiorevelacionfm.cl\/wp-content\/uploads\/2026\/01\/220315-presentacion-uaysen-_pac-4_pagina_01-1_optimized-1.jpg","_links":{"self":[{"href":"https:\/\/radiorevelacionfm.cl\/index.php?rest_route=\/wp\/v2\/posts\/63444","targetHints":{"allow":["GET"]}}],"collection":[{"href":"https:\/\/radiorevelacionfm.cl\/index.php?rest_route=\/wp\/v2\/posts"}],"about":[{"href":"https:\/\/radiorevelacionfm.cl\/index.php?rest_route=\/wp\/v2\/types\/post"}],"author":[{"embeddable":true,"href":"https:\/\/radiorevelacionfm.cl\/index.php?rest_route=\/wp\/v2\/users\/1"}],"replies":[{"embeddable":true,"href":"https:\/\/radiorevelacionfm.cl\/index.php?rest_route=%2Fwp%2Fv2%2Fcomments&post=63444"}],"version-history":[{"count":2,"href":"https:\/\/radiorevelacionfm.cl\/index.php?rest_route=\/wp\/v2\/posts\/63444\/revisions"}],"predecessor-version":[{"id":63447,"href":"https:\/\/radiorevelacionfm.cl\/index.php?rest_route=\/wp\/v2\/posts\/63444\/revisions\/63447"}],"wp:featuredmedia":[{"embeddable":true,"href":"https:\/\/radiorevelacionfm.cl\/index.php?rest_route=\/wp\/v2\/media\/63445"}],"wp:attachment":[{"href":"https:\/\/radiorevelacionfm.cl\/index.php?rest_route=%2Fwp%2Fv2%2Fmedia&parent=63444"}],"wp:term":[{"taxonomy":"category","embeddable":true,"href":"https:\/\/radiorevelacionfm.cl\/index.php?rest_route=%2Fwp%2Fv2%2Fcategories&post=63444"},{"taxonomy":"post_tag","embeddable":true,"href":"https:\/\/radiorevelacionfm.cl\/index.php?rest_route=%2Fwp%2Fv2%2Ftags&post=63444"}],"curies":[{"name":"wp","href":"https:\/\/api.w.org\/{rel}","templated":true}]}}