{"id":63440,"date":"2026-01-19T10:47:58","date_gmt":"2026-01-19T13:47:58","guid":{"rendered":"https:\/\/radiorevelacionfm.cl\/?p=63440"},"modified":"2026-01-19T10:47:58","modified_gmt":"2026-01-19T13:47:58","slug":"sernapesca-publica-nominas-finales-de-caducidad-en-el-registro-pesquero-artesanal-y-abre-proceso-de-reclamaciones","status":"publish","type":"post","link":"https:\/\/radiorevelacionfm.cl\/?p=63440","title":{"rendered":"Sernapesca publica n\u00f3minas finales de caducidad en el registro pesquero artesanal y abre proceso de reclamaciones"},"content":{"rendered":"<div class=\"flex_column av_one_full  flex_column_div av-zero-column-padding first  avia-builder-el-0  el_before_av_one_full  avia-builder-el-first  \" style='border-radius:0px; '><div  class='avia-image-container  av-styling-    avia-builder-el-1  avia-builder-el-no-sibling  avia-align-center '  itemprop=\"image\" itemscope=\"itemscope\" itemtype=\"https:\/\/schema.org\/ImageObject\"  ><div class='avia-image-container-inner'><div class='avia-image-overlay-wrap'><img decoding=\"async\" class='wp-image-63441 avia-img-lazy-loading-not-63441 avia_image' src=\"https:\/\/radiorevelacionfm.cl\/wp-content\/uploads\/2026\/01\/proceso-caducidades-foto-referencial-1-1_optimized.jpg\" alt='' title='proceso-caducidades-(foto-referencial)-(1)-(1)_optimized' height=\"600\" width=\"1067\"  itemprop=\"thumbnailUrl\" srcset=\"https:\/\/radiorevelacionfm.cl\/wp-content\/uploads\/2026\/01\/proceso-caducidades-foto-referencial-1-1_optimized.jpg 1067w, https:\/\/radiorevelacionfm.cl\/wp-content\/uploads\/2026\/01\/proceso-caducidades-foto-referencial-1-1_optimized-300x169.jpg 300w, https:\/\/radiorevelacionfm.cl\/wp-content\/uploads\/2026\/01\/proceso-caducidades-foto-referencial-1-1_optimized-1030x579.jpg 1030w, https:\/\/radiorevelacionfm.cl\/wp-content\/uploads\/2026\/01\/proceso-caducidades-foto-referencial-1-1_optimized-768x432.jpg 768w, https:\/\/radiorevelacionfm.cl\/wp-content\/uploads\/2026\/01\/proceso-caducidades-foto-referencial-1-1_optimized-705x396.jpg 705w, https:\/\/radiorevelacionfm.cl\/wp-content\/uploads\/2026\/01\/proceso-caducidades-foto-referencial-1-1_optimized-450x253.jpg 450w, https:\/\/radiorevelacionfm.cl\/wp-content\/uploads\/2026\/01\/proceso-caducidades-foto-referencial-1-1_optimized-600x337.jpg 600w\" sizes=\"(max-width: 1067px) 100vw, 1067px\" \/><\/div><\/div><\/div><\/div><div class=\"flex_column av_one_full  flex_column_div av-zero-column-padding first  avia-builder-el-2  el_after_av_one_full  el_before_av_one_full  column-top-margin\" style='border-radius:0px; '><section class=\"av_textblock_section \"  itemscope=\"itemscope\" itemtype=\"https:\/\/schema.org\/BlogPosting\" itemprop=\"blogPost\" ><div class='avia_textblock  '   itemprop=\"text\" ><p style=\"text-align: center;\"><span style=\"font-size: 18pt;\"><b>Sernapesca publica n\u00f3minas finales de caducidad en el registro pesquero artesanal y abre proceso de reclamaciones<\/b><\/span><\/p>\n<div id=\"gtx-trans\" style=\"position: absolute; left: -50px; top: 4.31534px;\">\n<div class=\"gtx-trans-icon\"><\/div>\n<\/div>\n<\/div><\/section><\/div><div class=\"flex_column av_one_full  flex_column_div av-zero-column-padding first  avia-builder-el-4  el_after_av_one_full  el_before_av_hr  column-top-margin\" style='border-radius:0px; '><section class=\"av_textblock_section \"  itemscope=\"itemscope\" itemtype=\"https:\/\/schema.org\/BlogPosting\" itemprop=\"blogPost\" ><div class='avia_textblock  '   itemprop=\"text\" ><p style=\"font-weight: 400; text-align: justify;\">De acuerdo con el proceso establecido en la Ley General de Pesca y Acuicultura, todos los a\u00f1os el Servicio Nacional de Pesca y Acuicultura (Sernapesca) realiza una revisi\u00f3n del Registro Pesquero Artesanal (RPA) para caducar a aquellas inscripciones que ya no cumplen con los requisitos establecidos por la misma ley.<\/p>\n<p style=\"font-weight: 400; text-align: justify;\">Tras la suspensi\u00f3n del proceso durante la pandemia, \u00e9ste fue retomado de forma progresiva, entre el 2024 y el 2025, considerando aquellas causales de caducidad como matr\u00edculas de pescador artesanal vencidas, embarcaciones sin pago de patente pesquera y embarcaciones con cambio de propiedad, adem\u00e1s de aquellos pescadores\/as que fallecieron en un per\u00edodo de dos a\u00f1os.<\/p>\n<p style=\"font-weight: 400; text-align: justify;\">Para ello, el Servicio realiz\u00f3 un completo an\u00e1lisis, recopilando y revisando los antecedentes dispuestos por la Autoridad Mar\u00edtima, la Subsecretar\u00eda de Pesca y Acuicultura y el Registro Civil, que sirvieron de base para las n\u00f3minas finales de caducidad dispuestas en las resoluciones respectivas, a las cuales aquellos pescadores y pescadoras afectadas por la normativa, pueden presentar sus descargos para regularizar su situaci\u00f3n.<\/p>\n<p style=\"font-weight: 400; text-align: justify;\">Las n\u00f3minas finales de caducidad y sus resoluciones, se encuentran disponibles en la p\u00e1gina web del Sernapesca, las que contemplan aproximadamente m\u00e1s de 12.000 registros que pierden la inscripci\u00f3n total, categor\u00edas de pescadores\/as, fallecidos y m\u00e1s de 500 embarcaciones, quienes podr\u00e1n interponer la reclamaci\u00f3n ante la Subsecretaria de Pesca y Acuicultura hasta el 30 de marzo de 2026, con excepci\u00f3n de aquellos que no pagaron la patente pesquera, hasta el 10 de abril de 2026, ambos como plazo m\u00e1ximo, de acuerdo a lo establecido en cada una de las resoluciones.<\/p>\n<p style=\"font-weight: 400; text-align: justify;\">Los pescadores\/as y armadores\/as podr\u00e1n acercarse a la oficina de Sernapesca m\u00e1s cercana para presentar su reclamaci\u00f3n con los formatos correspondientes publicados en la web y desvirtuar la causal de caducidad.<\/p>\n<\/div><\/section><\/div><div  style='height:50px' class='hr hr-invisible   avia-builder-el-6  el_after_av_one_full  el_before_av_social_share '><span class='hr-inner ' ><span class='hr-inner-style'><\/span><\/span><\/div><\/p>\n<div  class='av-social-sharing-box  avia-builder-el-7  el_after_av_hr  el_before_av_hr  '><div class='av-share-box'><h5 class='av-share-link-description av-no-toc '>Compartir esta noticia<\/h5><ul class='av-share-box-list noLightbox'><li class='av-share-link av-social-link-facebook' ><a target=\"_blank\" aria-label=\"Compartir en Facebook\" href='https:\/\/www.facebook.com\/sharer.php?u=https:\/\/radiorevelacionfm.cl\/?p=63440&#038;t=Sernapesca%20publica%20n%C3%B3minas%20finales%20de%20caducidad%20en%20el%20registro%20pesquero%20artesanal%20y%20abre%20proceso%20de%20reclamaciones' aria-hidden='false' data-av_icon='\ue8f3' data-av_iconfont='entypo-fontello' title='' data-avia-related-tooltip='Compartir en Facebook' rel=\"noopener\"><span class='avia_hidden_link_text'>Compartir en Facebook<\/span><\/a><\/li><li class='av-share-link av-social-link-twitter' ><a target=\"_blank\" aria-label=\"Compartir en Twitter\" href='https:\/\/twitter.com\/share?text=Sernapesca%20publica%20n%C3%B3minas%20finales%20de%20caducidad%20en%20el%20registro%20pesquero%20artesanal%20y%20abre%20proceso%20de%20reclamaciones&#038;url=https:\/\/radiorevelacionfm.cl\/?p=63440' aria-hidden='false' data-av_icon='\ue8f1' data-av_iconfont='entypo-fontello' title='' data-avia-related-tooltip='Compartir en Twitter' rel=\"noopener\"><span class='avia_hidden_link_text'>Compartir en Twitter<\/span><\/a><\/li><li class='av-share-link av-social-link-whatsapp' ><a target=\"_blank\" aria-label=\"Compartir en Whatsapp\" href='https:\/\/api.whatsapp.com\/send?text=https:\/\/radiorevelacionfm.cl\/?p=63440' aria-hidden='false' data-av_icon='\uf232' data-av_iconfont='entypo-fontello' title='' data-avia-related-tooltip='Compartir en Whatsapp' rel=\"noopener\"><span class='avia_hidden_link_text'>Compartir en Whatsapp<\/span><\/a><\/li><li class='av-share-link av-social-link-linkedin' ><a target=\"_blank\" aria-label=\"Compartir en LinkedIn\" href='https:\/\/linkedin.com\/shareArticle?mini=true&#038;title=Sernapesca%20publica%20n%C3%B3minas%20finales%20de%20caducidad%20en%20el%20registro%20pesquero%20artesanal%20y%20abre%20proceso%20de%20reclamaciones&#038;url=https:\/\/radiorevelacionfm.cl\/?p=63440' aria-hidden='false' data-av_icon='\ue8fc' data-av_iconfont='entypo-fontello' title='' data-avia-related-tooltip='Compartir en LinkedIn' rel=\"noopener\"><span class='avia_hidden_link_text'>Compartir en LinkedIn<\/span><\/a><\/li><li class='av-share-link av-social-link-mail' ><a  aria-label=\"Compartir por correo\" href='mailto:?subject=Sernapesca%20publica%20n%C3%B3minas%20finales%20de%20caducidad%20en%20el%20registro%20pesquero%20artesanal%20y%20abre%20proceso%20de%20reclamaciones&#038;body=https:\/\/radiorevelacionfm.cl\/?p=63440' aria-hidden='false' data-av_icon='\ue805' data-av_iconfont='entypo-fontello' title='' data-avia-related-tooltip='Compartir por correo'><span class='avia_hidden_link_text'>Compartir por correo<\/span><\/a><\/li><\/ul><\/div><\/div>\n<div  style='height:50px' class='hr hr-invisible   avia-builder-el-8  el_after_av_social_share  el_before_av_comments_list '><span class='hr-inner ' ><span class='hr-inner-style'><\/span><\/span><\/div>\n<div  class='av-buildercomment  av-blog-meta-html-info-disabled av-blog-meta-tag-disabled  '><\/div>\n","protected":false},"excerpt":{"rendered":"","protected":false},"author":1,"featured_media":63441,"comment_status":"closed","ping_status":"closed","sticky":false,"template":"","format":"standard","meta":{"footnotes":""},"categories":[60],"tags":[],"class_list":["post-63440","post","type-post","status-publish","format-standard","has-post-thumbnail","hentry","category-pesca"],"jetpack_featured_media_url":"https:\/\/radiorevelacionfm.cl\/wp-content\/uploads\/2026\/01\/proceso-caducidades-foto-referencial-1-1_optimized.jpg","_links":{"self":[{"href":"https:\/\/radiorevelacionfm.cl\/index.php?rest_route=\/wp\/v2\/posts\/63440","targetHints":{"allow":["GET"]}}],"collection":[{"href":"https:\/\/radiorevelacionfm.cl\/index.php?rest_route=\/wp\/v2\/posts"}],"about":[{"href":"https:\/\/radiorevelacionfm.cl\/index.php?rest_route=\/wp\/v2\/types\/post"}],"author":[{"embeddable":true,"href":"https:\/\/radiorevelacionfm.cl\/index.php?rest_route=\/wp\/v2\/users\/1"}],"replies":[{"embeddable":true,"href":"https:\/\/radiorevelacionfm.cl\/index.php?rest_route=%2Fwp%2Fv2%2Fcomments&post=63440"}],"version-history":[{"count":2,"href":"https:\/\/radiorevelacionfm.cl\/index.php?rest_route=\/wp\/v2\/posts\/63440\/revisions"}],"predecessor-version":[{"id":63443,"href":"https:\/\/radiorevelacionfm.cl\/index.php?rest_route=\/wp\/v2\/posts\/63440\/revisions\/63443"}],"wp:featuredmedia":[{"embeddable":true,"href":"https:\/\/radiorevelacionfm.cl\/index.php?rest_route=\/wp\/v2\/media\/63441"}],"wp:attachment":[{"href":"https:\/\/radiorevelacionfm.cl\/index.php?rest_route=%2Fwp%2Fv2%2Fmedia&parent=63440"}],"wp:term":[{"taxonomy":"category","embeddable":true,"href":"https:\/\/radiorevelacionfm.cl\/index.php?rest_route=%2Fwp%2Fv2%2Fcategories&post=63440"},{"taxonomy":"post_tag","embeddable":true,"href":"https:\/\/radiorevelacionfm.cl\/index.php?rest_route=%2Fwp%2Fv2%2Ftags&post=63440"}],"curies":[{"name":"wp","href":"https:\/\/api.w.org\/{rel}","templated":true}]}}