{"id":63430,"date":"2026-01-18T15:18:00","date_gmt":"2026-01-18T18:18:00","guid":{"rendered":"https:\/\/radiorevelacionfm.cl\/?p=63430"},"modified":"2026-01-18T15:18:00","modified_gmt":"2026-01-18T18:18:00","slug":"tras-su-aprobacion-en-la-camara-alta-senadores-sandoval-y-ordenes-destacan-beneficios-directos-de-ley-de-sistemas-medianos-para-la-region-de-aysen","status":"publish","type":"post","link":"https:\/\/radiorevelacionfm.cl\/?p=63430","title":{"rendered":"Tras su aprobaci\u00f3n en la C\u00e1mara Alta: Senadores Sandoval y \u00d3rdenes destacan beneficios directos de Ley de Sistemas Medianos para la regi\u00f3n de Ays\u00e9n"},"content":{"rendered":"<div class=\"flex_column av_one_full  flex_column_div av-zero-column-padding first  avia-builder-el-0  el_before_av_one_full  avia-builder-el-first  \" style='border-radius:0px; '><div  class='avia-image-container  av-styling-    avia-builder-el-1  avia-builder-el-no-sibling  avia-align-center '  itemprop=\"image\" itemscope=\"itemscope\" itemtype=\"https:\/\/schema.org\/ImageObject\"  ><div class='avia-image-container-inner'><div class='avia-image-overlay-wrap'><img decoding=\"async\" class='wp-image-63431 avia-img-lazy-loading-not-63431 avia_image' src=\"https:\/\/radiorevelacionfm.cl\/wp-content\/uploads\/2026\/01\/Post-Senadores-1-1.jpg\" alt='' title='_Post Senadores (1) (1)' height=\"602\" width=\"802\"  itemprop=\"thumbnailUrl\" srcset=\"https:\/\/radiorevelacionfm.cl\/wp-content\/uploads\/2026\/01\/Post-Senadores-1-1.jpg 802w, https:\/\/radiorevelacionfm.cl\/wp-content\/uploads\/2026\/01\/Post-Senadores-1-1-300x225.jpg 300w, https:\/\/radiorevelacionfm.cl\/wp-content\/uploads\/2026\/01\/Post-Senadores-1-1-768x576.jpg 768w, https:\/\/radiorevelacionfm.cl\/wp-content\/uploads\/2026\/01\/Post-Senadores-1-1-705x529.jpg 705w, https:\/\/radiorevelacionfm.cl\/wp-content\/uploads\/2026\/01\/Post-Senadores-1-1-450x338.jpg 450w, https:\/\/radiorevelacionfm.cl\/wp-content\/uploads\/2026\/01\/Post-Senadores-1-1-600x450.jpg 600w\" sizes=\"(max-width: 802px) 100vw, 802px\" \/><\/div><\/div><\/div><\/div><div class=\"flex_column av_one_full  flex_column_div av-zero-column-padding first  avia-builder-el-2  el_after_av_one_full  el_before_av_one_full  column-top-margin\" style='border-radius:0px; '><section class=\"av_textblock_section \"  itemscope=\"itemscope\" itemtype=\"https:\/\/schema.org\/BlogPosting\" itemprop=\"blogPost\" ><div class='avia_textblock  '   itemprop=\"text\" ><p style=\"text-align: center;\"><strong><span style=\"font-size: 18pt;\">Tras su aprobaci\u00f3n en la C\u00e1mara Alta: <\/span><\/strong><strong><span style=\"font-size: 18pt;\">Senadores Sandoval y \u00d3rdenes destacan beneficios directos de Ley de Sistemas Medianos para la regi\u00f3n de Ays\u00e9n<\/span><\/strong><\/p>\n<div id=\"gtx-trans\" style=\"position: absolute; left: -50px; top: 4.31534px;\">\n<div class=\"gtx-trans-icon\"><\/div>\n<\/div>\n<\/div><\/section><\/div><div class=\"flex_column av_one_full  flex_column_div av-zero-column-padding first  avia-builder-el-4  el_after_av_one_full  el_before_av_hr  column-top-margin\" style='border-radius:0px; '><section class=\"av_textblock_section \"  itemscope=\"itemscope\" itemtype=\"https:\/\/schema.org\/BlogPosting\" itemprop=\"blogPost\" ><div class='avia_textblock  '   itemprop=\"text\" ><p style=\"text-align: justify;\">Los senadores David Sandoval y Ximena \u00d3rdenes destacaron los efectos positivos que tendr\u00e1 la reciente aprobaci\u00f3n de la ley que perfecciona los sistemas medianos para la Regi\u00f3n de Ays\u00e9n, especialmente para las peque\u00f1as y medianas industrias y los sistemas aislados.<\/p>\n<p style=\"text-align: justify;\">\u201cLas peque\u00f1as y medianas industrias van a tener un beneficio directo y una rebaja sustantiva porque se les va a nivelar la tarifa como pasa en otras partes del pa\u00eds, cosa que hoy d\u00eda no tiene la regi\u00f3n de Ays\u00e9n, y eso va a significar, con la aprobaci\u00f3n de esta ley, un cambio absoluto, una significativa rebaja en sus tarifas\u201d, se\u00f1al\u00f3 Sandoval.<\/p>\n<p style=\"text-align: justify;\">Asimismo, relev\u00f3 las nuevas oportunidades que abre la normativa en materia de generaci\u00f3n el\u00e9ctrica.<\/p>\n<p style=\"text-align: justify;\">\u201cY aparte de eso, la ley incorpora y abre la posibilidad de que empresas se aboquen a la generaci\u00f3n de electricidad con energ\u00edas renovables\u201d, indic\u00f3.<\/p>\n<p style=\"text-align: justify;\">Sandoval subray\u00f3 adem\u00e1s el impacto que tendr\u00e1 la ley en los sistemas aislados de la regi\u00f3n y el rol que podr\u00e1 cumplir el Gobierno Regional.<\/p>\n<p style=\"text-align: justify;\">\u201cMe refiero a Guaitecas, a Ra\u00fal Mar\u00edn, que siempre andan con los problemas que les falta petr\u00f3leo, que van a poder colaborar con esos sistemas aislados para que tengan tambi\u00e9n una energ\u00eda eficiente y no est\u00e9n sujetos a las donaciones de empresas o a las dificultades cr\u00edticas de ese tema\u201d, afirm\u00f3.<\/p>\n<p style=\"text-align: justify;\">Asimismo, el parlamentario destac\u00f3 el origen del proyecto y el trabajo legislativo que permiti\u00f3 su concreci\u00f3n.<\/p>\n<p style=\"text-align: justify;\">\u201cUn gran proyecto que quiero reconocer que fue fruto de una intervenci\u00f3n que realizamos junto con la senadora Ximena \u00d3rdenes. Este proyecto naci\u00f3 con el exministro Jobet, en el segundo gobierno del presidente Pi\u00f1era. S\u00ed debo reconocer que este gobierno terminamos por aprobar el proyecto\u201d, concluy\u00f3.<\/p>\n<p style=\"text-align: justify;\">Por su parte, la senadora Ximena \u00d3rdenes se\u00f1al\u00f3 que se trata de \u201cuna gran noticia para Ays\u00e9n\u201d, valorando que finalmente se haya despachado desde la sala del Senado la Ley de Sistemas Medianos.<\/p>\n<p style=\"text-align: justify;\">\u201cPronto va a ser ley\u201d, recalc\u00f3, asegurando que esto es muy importante \u201cporque no solo redefine los Sistemas Medianos, sino que se crean incentivos para inversiones en energ\u00edas renovables y tambi\u00e9n se ajusta y se mejoran los procesos de tarificaci\u00f3n\u201d.<\/p>\n<p style=\"text-align: justify;\">Para \u00d3rdenes esta es una deuda que se ten\u00eda con la regi\u00f3n de Ays\u00e9n, \u201cen tanto los costos de la energ\u00eda son alt\u00edsimos y su dependencia de combustibles f\u00f3siles ha sido hist\u00f3rica\u201d.<\/p>\n<p style=\"text-align: justify;\">\u201cEsperamos que con esta herramienta mejoren las condiciones, los precios y tengamos un sistema mucho m\u00e1s eficiente y seguro para Ays\u00e9n\u201d, concluy\u00f3.<\/p>\n<\/div><\/section><\/div><div  style='height:50px' class='hr hr-invisible   avia-builder-el-6  el_after_av_one_full  el_before_av_social_share '><span class='hr-inner ' ><span class='hr-inner-style'><\/span><\/span><\/div><\/p>\n<div  class='av-social-sharing-box  avia-builder-el-7  el_after_av_hr  el_before_av_hr  '><div class='av-share-box'><h5 class='av-share-link-description av-no-toc '>Compartir esta noticia<\/h5><ul class='av-share-box-list noLightbox'><li class='av-share-link av-social-link-facebook' ><a target=\"_blank\" aria-label=\"Compartir en Facebook\" href='https:\/\/www.facebook.com\/sharer.php?u=https:\/\/radiorevelacionfm.cl\/?p=63430&#038;t=Tras%20su%20aprobaci%C3%B3n%20en%20la%20C%C3%A1mara%20Alta%3A%20Senadores%20Sandoval%20y%20%C3%93rdenes%20destacan%20beneficios%20directos%20de%20Ley%20de%20Sistemas%20Medianos%20para%20la%20regi%C3%B3n%20de%20Ays%C3%A9n' aria-hidden='false' data-av_icon='\ue8f3' data-av_iconfont='entypo-fontello' title='' data-avia-related-tooltip='Compartir en Facebook' rel=\"noopener\"><span class='avia_hidden_link_text'>Compartir en Facebook<\/span><\/a><\/li><li class='av-share-link av-social-link-twitter' ><a target=\"_blank\" aria-label=\"Compartir en Twitter\" href='https:\/\/twitter.com\/share?text=Tras%20su%20aprobaci%C3%B3n%20en%20la%20C%C3%A1mara%20Alta%3A%20Senadores%20Sandoval%20y%20%C3%93rdenes%20destacan%20beneficios%20directos%20de%20Ley%20de%20Sistemas%20Medianos%20para%20la%20regi%C3%B3n%20de%20Ays%C3%A9n&#038;url=https:\/\/radiorevelacionfm.cl\/?p=63430' aria-hidden='false' data-av_icon='\ue8f1' data-av_iconfont='entypo-fontello' title='' data-avia-related-tooltip='Compartir en Twitter' rel=\"noopener\"><span class='avia_hidden_link_text'>Compartir en Twitter<\/span><\/a><\/li><li class='av-share-link av-social-link-whatsapp' ><a target=\"_blank\" aria-label=\"Compartir en Whatsapp\" href='https:\/\/api.whatsapp.com\/send?text=https:\/\/radiorevelacionfm.cl\/?p=63430' aria-hidden='false' data-av_icon='\uf232' data-av_iconfont='entypo-fontello' title='' data-avia-related-tooltip='Compartir en Whatsapp' rel=\"noopener\"><span class='avia_hidden_link_text'>Compartir en Whatsapp<\/span><\/a><\/li><li class='av-share-link av-social-link-linkedin' ><a target=\"_blank\" aria-label=\"Compartir en LinkedIn\" href='https:\/\/linkedin.com\/shareArticle?mini=true&#038;title=Tras%20su%20aprobaci%C3%B3n%20en%20la%20C%C3%A1mara%20Alta%3A%20Senadores%20Sandoval%20y%20%C3%93rdenes%20destacan%20beneficios%20directos%20de%20Ley%20de%20Sistemas%20Medianos%20para%20la%20regi%C3%B3n%20de%20Ays%C3%A9n&#038;url=https:\/\/radiorevelacionfm.cl\/?p=63430' aria-hidden='false' data-av_icon='\ue8fc' data-av_iconfont='entypo-fontello' title='' data-avia-related-tooltip='Compartir en LinkedIn' rel=\"noopener\"><span class='avia_hidden_link_text'>Compartir en LinkedIn<\/span><\/a><\/li><li class='av-share-link av-social-link-mail' ><a  aria-label=\"Compartir por correo\" href='mailto:?subject=Tras%20su%20aprobaci%C3%B3n%20en%20la%20C%C3%A1mara%20Alta%3A%20Senadores%20Sandoval%20y%20%C3%93rdenes%20destacan%20beneficios%20directos%20de%20Ley%20de%20Sistemas%20Medianos%20para%20la%20regi%C3%B3n%20de%20Ays%C3%A9n&#038;body=https:\/\/radiorevelacionfm.cl\/?p=63430' aria-hidden='false' data-av_icon='\ue805' data-av_iconfont='entypo-fontello' title='' data-avia-related-tooltip='Compartir por correo'><span class='avia_hidden_link_text'>Compartir por correo<\/span><\/a><\/li><\/ul><\/div><\/div>\n<div  style='height:50px' class='hr hr-invisible   avia-builder-el-8  el_after_av_social_share  el_before_av_comments_list '><span class='hr-inner ' ><span class='hr-inner-style'><\/span><\/span><\/div>\n<div  class='av-buildercomment  av-blog-meta-html-info-disabled av-blog-meta-tag-disabled  '><\/div>\n","protected":false},"excerpt":{"rendered":"","protected":false},"author":1,"featured_media":63431,"comment_status":"closed","ping_status":"closed","sticky":false,"template":"","format":"standard","meta":{"footnotes":""},"categories":[35],"tags":[],"class_list":["post-63430","post","type-post","status-publish","format-standard","has-post-thumbnail","hentry","category-politica"],"jetpack_featured_media_url":"https:\/\/radiorevelacionfm.cl\/wp-content\/uploads\/2026\/01\/Post-Senadores-1-1.jpg","_links":{"self":[{"href":"https:\/\/radiorevelacionfm.cl\/index.php?rest_route=\/wp\/v2\/posts\/63430","targetHints":{"allow":["GET"]}}],"collection":[{"href":"https:\/\/radiorevelacionfm.cl\/index.php?rest_route=\/wp\/v2\/posts"}],"about":[{"href":"https:\/\/radiorevelacionfm.cl\/index.php?rest_route=\/wp\/v2\/types\/post"}],"author":[{"embeddable":true,"href":"https:\/\/radiorevelacionfm.cl\/index.php?rest_route=\/wp\/v2\/users\/1"}],"replies":[{"embeddable":true,"href":"https:\/\/radiorevelacionfm.cl\/index.php?rest_route=%2Fwp%2Fv2%2Fcomments&post=63430"}],"version-history":[{"count":2,"href":"https:\/\/radiorevelacionfm.cl\/index.php?rest_route=\/wp\/v2\/posts\/63430\/revisions"}],"predecessor-version":[{"id":63433,"href":"https:\/\/radiorevelacionfm.cl\/index.php?rest_route=\/wp\/v2\/posts\/63430\/revisions\/63433"}],"wp:featuredmedia":[{"embeddable":true,"href":"https:\/\/radiorevelacionfm.cl\/index.php?rest_route=\/wp\/v2\/media\/63431"}],"wp:attachment":[{"href":"https:\/\/radiorevelacionfm.cl\/index.php?rest_route=%2Fwp%2Fv2%2Fmedia&parent=63430"}],"wp:term":[{"taxonomy":"category","embeddable":true,"href":"https:\/\/radiorevelacionfm.cl\/index.php?rest_route=%2Fwp%2Fv2%2Fcategories&post=63430"},{"taxonomy":"post_tag","embeddable":true,"href":"https:\/\/radiorevelacionfm.cl\/index.php?rest_route=%2Fwp%2Fv2%2Ftags&post=63430"}],"curies":[{"name":"wp","href":"https:\/\/api.w.org\/{rel}","templated":true}]}}