{"id":6343,"date":"2021-07-16T12:42:41","date_gmt":"2021-07-16T15:42:41","guid":{"rendered":"https:\/\/radiorevelacionfm.cl\/?p=6343"},"modified":"2021-07-16T12:42:41","modified_gmt":"2021-07-16T15:42:41","slug":"trabajadores-tienen-permiso-de-2-horas-para-sufragar-en-las-elecciones-primarias-de-este-domingo","status":"publish","type":"post","link":"https:\/\/radiorevelacionfm.cl\/?p=6343","title":{"rendered":"Trabajadores tienen permiso de 2 horas para sufragar en las elecciones primarias de este domingo"},"content":{"rendered":"<div class=\"flex_column av_one_full  flex_column_div av-zero-column-padding first  avia-builder-el-0  el_before_av_one_full  avia-builder-el-first  \" style='border-radius:0px; '><div  class='avia-image-container  av-styling-    avia-builder-el-1  avia-builder-el-no-sibling  avia-align-center '  itemprop=\"image\" itemscope=\"itemscope\" itemtype=\"https:\/\/schema.org\/ImageObject\"  ><div class='avia-image-container-inner'><div class='avia-image-overlay-wrap'><img decoding=\"async\" class='wp-image-6344 avia-img-lazy-loading-not-6344 avia_image' src=\"https:\/\/radiorevelacionfm.cl\/wp-content\/uploads\/2021\/07\/trabajadora-servicentro-1_optimized.jpg\" alt='' title='trabajadora-servicentro-(1)_optimized' height=\"600\" width=\"829\"  itemprop=\"thumbnailUrl\" srcset=\"https:\/\/radiorevelacionfm.cl\/wp-content\/uploads\/2021\/07\/trabajadora-servicentro-1_optimized.jpg 829w, https:\/\/radiorevelacionfm.cl\/wp-content\/uploads\/2021\/07\/trabajadora-servicentro-1_optimized-300x217.jpg 300w, https:\/\/radiorevelacionfm.cl\/wp-content\/uploads\/2021\/07\/trabajadora-servicentro-1_optimized-768x556.jpg 768w, https:\/\/radiorevelacionfm.cl\/wp-content\/uploads\/2021\/07\/trabajadora-servicentro-1_optimized-705x510.jpg 705w, https:\/\/radiorevelacionfm.cl\/wp-content\/uploads\/2021\/07\/trabajadora-servicentro-1_optimized-600x434.jpg 600w\" sizes=\"(max-width: 829px) 100vw, 829px\" \/><\/div><\/div><\/div><\/div><div class=\"flex_column av_one_full  flex_column_div av-zero-column-padding first  avia-builder-el-2  el_after_av_one_full  el_before_av_one_full  column-top-margin\" style='border-radius:0px; '><section class=\"av_textblock_section \"  itemscope=\"itemscope\" itemtype=\"https:\/\/schema.org\/BlogPosting\" itemprop=\"blogPost\" ><div class='avia_textblock  '   itemprop=\"text\" ><p style=\"text-align: center;\"><span style=\"font-size: 18pt;\"><b>Trabajadores tienen permiso de 2 horas para sufragar en las elecciones primarias de este domingo<\/b><\/span><\/p>\n<div id=\"gtx-trans\" style=\"position: absolute; left: -50px; top: 4.31534px;\">\n<div class=\"gtx-trans-icon\"><\/div>\n<\/div>\n<\/div><\/section><\/div><div class=\"flex_column av_one_full  flex_column_div av-zero-column-padding first  avia-builder-el-4  el_after_av_one_full  el_before_av_hr  column-top-margin\" style='border-radius:0px; '><section class=\"av_textblock_section \"  itemscope=\"itemscope\" itemtype=\"https:\/\/schema.org\/BlogPosting\" itemprop=\"blogPost\" ><div class='avia_textblock  '   itemprop=\"text\" ><div dir=\"ltr\">\n<div dir=\"ltr\">\n<div class=\"v1gmail_quote\">\n<div dir=\"ltr\">\n<div dir=\"ltr\">\n<div dir=\"ltr\">\n<div dir=\"ltr\">\n<div dir=\"ltr\">\n<div dir=\"ltr\">\n<div dir=\"ltr\">\n<div dir=\"ltr\">\n<div dir=\"ltr\">\n<p class=\"v1MsoNormal\" style=\"text-align: justify;\">El pr\u00f3ximo domingo 18 de julio 2021 se realizar\u00e1n las elecciones primarias presidenciales en nuestro pa\u00eds, informando la Direcci\u00f3n del Trabajo (DT) que se fiscalizar\u00e1 el permiso de 2 horas que tienen todos los trabajadores y trabajadoras para concurrir a votar<span class=\"v1gmail_default\">\u00a0durante su jornada laboral<\/span>.<\/p>\n<p class=\"v1MsoNormal\" style=\"text-align: justify;\">El Seremi(s) del Trabajo y Previsi\u00f3n Social, Mario Garay, llam\u00f3 a los empleadores a respetar esta norma, \u00abComo seremi del Trabajo y Previsi\u00f3n Social, queremos darles a conocer informaci\u00f3n con respecto a las elecciones del pr\u00f3ximo 18 de julio de 2021, y que tiene relaci\u00f3n con los trabajadores que ejercer\u00e1n labores en ese d\u00eda. Es bueno considerar que el domingo 18 no es feriado irrenunciable por lo que las empresas y el comercio podr\u00e1 trabajar normalmente. Importante es dar a conocer que todos los trabajadores ese d\u00eda tendr\u00e1n el derecho de concurrir a las urnas a ejercer su derecho de sufragio, para lo cual la ley ha dispuesto que los trabajadores tengan 2 horas de permiso, las cuales pueden ser ajustadas, ya sea al comienzo de la jornada laboral o al t\u00e9rmino. Por \u00faltimo, es relevante dar a conocer que la Direcci\u00f3n del Trabajo se encontrar\u00e1 fiscalizando ese d\u00eda el cumplimiento de esta norma, por lo que llamamos a todos los due\u00f1os de locales comerciales que van a abrir o ejercer labores ese d\u00eda, autoricen a sus trabajadores y les den el permiso correspondiente de 2 horas y puedan todos libremente ejercer su derecho de votaci\u00f3n\u00bb, afirm\u00f3.<\/p>\n<p class=\"v1MsoNormal\" style=\"text-align: justify;\">Con respecto a la aplicaci\u00f3n de la norma en nuestra Regi\u00f3n de Ays\u00e9n, el Director(s) Regional del trabajo, Christian Aros, explic\u00f3 los detalles y sus implicancias, \u00abEl pr\u00f3ximo 18 de julio, fecha en que debe efectuarse el proceso de primarias de los candidatos a Presidente de la Rep\u00fablica, constituye feriado obligatorio para los trabajadores que laboran en centros o complejos comerciales administrados bajo una misma raz\u00f3n social o personalidad jur\u00eddica, esto son los malls. Como nosotros no tenemos ese tipo de establecimientos en nuestra regi\u00f3n, los trabajadores que no est\u00e9n en esa situaci\u00f3n, es decir, que no laboren en malls, y que se encuentren legalmente exceptuados del descanso del d\u00eda domingo y festivo en virtud del art\u00edculo 38 del C\u00f3digo del Trabajo, y por lo tanto, les corresponde prestar servicios el d\u00eda domingo 18 de julio, tienen derecho a ausentarse de sus laborales durante un lapso de 2 horas para concurrir a sufragar a las elecciones primarias que se efectuar\u00e1n ese d\u00eda. Esto sin que nada de ello implique un menoscabo en sus remuneraciones. Asimismo, deben cumplir con sus funciones de vocal de mesa, miembro del Colegio Escrutador o Delegado de Junta Electoral, pueden ausentarse de sus labores por todo el tiempo que sea necesario, para un adecuado desempe\u00f1o de la misma\u00bb.<\/p>\n<p class=\"v1MsoNormal\" style=\"text-align: justify;\">Aros adem\u00e1s inst\u00f3 a denunciar si los derechos laborales no se respetaran: \u00abLa Direcci\u00f3n del Trabajo estar\u00e1 recibiendo las denuncias en su l\u00ednea 600, las que ser\u00e1n atendidas por funcionarios fiscalizadores que se encontrar\u00e1n de turno ese d\u00eda durante la jornada de votaci\u00f3n\u00bb, concluy\u00f3.<\/p>\n<p class=\"v1MsoNormal\" style=\"text-align: justify;\">El n\u00famero al cual se debe llamar para realizar las denuncias es el 600 450 4000, entre las 9 y las 14 horas.<\/p>\n<p class=\"v1MsoNormal\" style=\"text-align: justify;\">Las autoridades confirmaron que los supermercados y tiendas ajenas a los complejos comerciales con administraci\u00f3n \u00fanica s\u00ed pueden abrir. Tambi\u00e9n pueden trabajar los dependientes de servicentros, farmacias de urgencia o de aquellas con turnos fijados por la autoridad sanitaria.<\/p>\n<p class=\"v1MsoNormal\" style=\"text-align: justify;\"><b>Sanciones<\/b><\/p>\n<p class=\"v1MsoNormal\" style=\"text-align: justify;\">Las multas a las que se exponen los empleadores que incumplan las normas legales ya se\u00f1aladas son las siguientes:<\/p>\n<p class=\"v1MsoNormal\" style=\"text-align: justify;\">No otorgar permiso de 2 horas para votar:<\/p>\n<p class=\"v1MsoNormal\" style=\"text-align: justify;\">\u00b7\u00a0\u00a0\u00a0\u00a0\u00a0\u00a0\u00a0\u00a0\u00a0Empresas con entre 1 y 49 trabajadores: 9 UTM.<\/p>\n<p class=\"v1MsoNormal\" style=\"text-align: justify;\">\u00b7\u00a0\u00a0\u00a0\u00a0\u00a0\u00a0\u00a0\u00a0\u00a0Empresas con entre 50 y 199 trabajadores: 30 UTM.<\/p>\n<p class=\"v1MsoNormal\" style=\"text-align: justify;\">\u00b7\u00a0\u00a0\u00a0\u00a0\u00a0\u00a0\u00a0\u00a0\u00a0Empresas con 200 y m\u00e1s trabajadores: 40 UTM.<\/p>\n<p class=\"v1MsoNormal\" style=\"text-align: justify;\">No otorgar permiso para ser vocal de mesa, miembro de colegio escrutador o delegado ante la Junta Electoral:<\/p>\n<p class=\"v1MsoNormal\" style=\"text-align: justify;\">\u00b7\u00a0\u00a0\u00a0\u00a0\u00a0\u00a0\u00a0\u00a0\u00a0Empresas con entre 1 y 49 trabajadores: 9 UTM.<\/p>\n<p class=\"v1MsoNormal\" style=\"text-align: justify;\">\u00b7\u00a0\u00a0\u00a0\u00a0\u00a0\u00a0\u00a0\u00a0\u00a0Empresas con entre 50 y 199 trabajadores: 30 UTM.<\/p>\n<p class=\"v1MsoNormal\" style=\"text-align: justify;\">\u00b7\u00a0\u00a0\u00a0\u00a0\u00a0\u00a0\u00a0\u00a0\u00a0Empresas con 200 y m\u00e1s trabajadores: 40 UTM.<\/p>\n<\/div>\n<\/div>\n<\/div>\n<\/div>\n<\/div>\n<\/div>\n<\/div>\n<\/div>\n<\/div>\n<\/div>\n<\/div>\n<\/div>\n<div dir=\"ltr\">\n<div dir=\"ltr\">\n<div class=\"v1gmail_quote\">\n<div dir=\"ltr\">\n<div dir=\"ltr\">\n<div dir=\"ltr\">\n<div dir=\"ltr\">\n<div dir=\"ltr\">\n<div dir=\"ltr\">\n<div dir=\"ltr\">\n<div dir=\"ltr\">\n<div dir=\"ltr\" style=\"text-align: justify;\"><\/div>\n<\/div>\n<\/div>\n<\/div>\n<\/div>\n<\/div>\n<\/div>\n<\/div>\n<\/div>\n<\/div>\n<\/div>\n<\/div>\n<\/div><\/section><\/div><div  style='height:50px' class='hr hr-invisible   avia-builder-el-6  el_after_av_one_full  el_before_av_social_share '><span class='hr-inner ' ><span class='hr-inner-style'><\/span><\/span><\/div><\/p>\n<div  class='av-social-sharing-box  avia-builder-el-7  el_after_av_hr  el_before_av_hr  '><div class='av-share-box'><h5 class='av-share-link-description av-no-toc '>Compartir esta noticia<\/h5><ul class='av-share-box-list noLightbox'><li class='av-share-link av-social-link-facebook' ><a target=\"_blank\" aria-label=\"Compartir en Facebook\" href='https:\/\/www.facebook.com\/sharer.php?u=https:\/\/radiorevelacionfm.cl\/?p=6343&#038;t=Trabajadores%20tienen%20permiso%20de%202%20horas%20para%20sufragar%20en%20las%20elecciones%20primarias%20de%20este%20domingo' aria-hidden='false' data-av_icon='\ue8f3' data-av_iconfont='entypo-fontello' title='' data-avia-related-tooltip='Compartir en Facebook' rel=\"noopener\"><span class='avia_hidden_link_text'>Compartir en Facebook<\/span><\/a><\/li><li class='av-share-link av-social-link-twitter' ><a target=\"_blank\" aria-label=\"Compartir en Twitter\" href='https:\/\/twitter.com\/share?text=Trabajadores%20tienen%20permiso%20de%202%20horas%20para%20sufragar%20en%20las%20elecciones%20primarias%20de%20este%20domingo&#038;url=https:\/\/radiorevelacionfm.cl\/?p=6343' aria-hidden='false' data-av_icon='\ue8f1' data-av_iconfont='entypo-fontello' title='' data-avia-related-tooltip='Compartir en Twitter' rel=\"noopener\"><span class='avia_hidden_link_text'>Compartir en Twitter<\/span><\/a><\/li><li class='av-share-link av-social-link-whatsapp' ><a target=\"_blank\" aria-label=\"Compartir en Whatsapp\" href='https:\/\/api.whatsapp.com\/send?text=https:\/\/radiorevelacionfm.cl\/?p=6343' aria-hidden='false' data-av_icon='\uf232' data-av_iconfont='entypo-fontello' title='' data-avia-related-tooltip='Compartir en Whatsapp' rel=\"noopener\"><span class='avia_hidden_link_text'>Compartir en Whatsapp<\/span><\/a><\/li><li class='av-share-link av-social-link-linkedin' ><a target=\"_blank\" aria-label=\"Compartir en LinkedIn\" href='https:\/\/linkedin.com\/shareArticle?mini=true&#038;title=Trabajadores%20tienen%20permiso%20de%202%20horas%20para%20sufragar%20en%20las%20elecciones%20primarias%20de%20este%20domingo&#038;url=https:\/\/radiorevelacionfm.cl\/?p=6343' aria-hidden='false' data-av_icon='\ue8fc' data-av_iconfont='entypo-fontello' title='' data-avia-related-tooltip='Compartir en LinkedIn' rel=\"noopener\"><span class='avia_hidden_link_text'>Compartir en LinkedIn<\/span><\/a><\/li><li class='av-share-link av-social-link-mail' ><a  aria-label=\"Compartir por correo\" href='mailto:?subject=Trabajadores%20tienen%20permiso%20de%202%20horas%20para%20sufragar%20en%20las%20elecciones%20primarias%20de%20este%20domingo&#038;body=https:\/\/radiorevelacionfm.cl\/?p=6343' aria-hidden='false' data-av_icon='\ue805' data-av_iconfont='entypo-fontello' title='' data-avia-related-tooltip='Compartir por correo'><span class='avia_hidden_link_text'>Compartir por correo<\/span><\/a><\/li><\/ul><\/div><\/div>\n<div  style='height:50px' class='hr hr-invisible   avia-builder-el-8  el_after_av_social_share  el_before_av_comments_list '><span class='hr-inner ' ><span class='hr-inner-style'><\/span><\/span><\/div>\n<div  class='av-buildercomment  av-blog-meta-html-info-disabled av-blog-meta-tag-disabled  '><\/div>\n","protected":false},"excerpt":{"rendered":"","protected":false},"author":1,"featured_media":6344,"comment_status":"open","ping_status":"open","sticky":false,"template":"","format":"standard","meta":{"footnotes":""},"categories":[56],"tags":[],"class_list":["post-6343","post","type-post","status-publish","format-standard","has-post-thumbnail","hentry","category-trabajo"],"jetpack_featured_media_url":"https:\/\/radiorevelacionfm.cl\/wp-content\/uploads\/2021\/07\/trabajadora-servicentro-1_optimized.jpg","_links":{"self":[{"href":"https:\/\/radiorevelacionfm.cl\/index.php?rest_route=\/wp\/v2\/posts\/6343","targetHints":{"allow":["GET"]}}],"collection":[{"href":"https:\/\/radiorevelacionfm.cl\/index.php?rest_route=\/wp\/v2\/posts"}],"about":[{"href":"https:\/\/radiorevelacionfm.cl\/index.php?rest_route=\/wp\/v2\/types\/post"}],"author":[{"embeddable":true,"href":"https:\/\/radiorevelacionfm.cl\/index.php?rest_route=\/wp\/v2\/users\/1"}],"replies":[{"embeddable":true,"href":"https:\/\/radiorevelacionfm.cl\/index.php?rest_route=%2Fwp%2Fv2%2Fcomments&post=6343"}],"version-history":[{"count":1,"href":"https:\/\/radiorevelacionfm.cl\/index.php?rest_route=\/wp\/v2\/posts\/6343\/revisions"}],"predecessor-version":[{"id":6345,"href":"https:\/\/radiorevelacionfm.cl\/index.php?rest_route=\/wp\/v2\/posts\/6343\/revisions\/6345"}],"wp:featuredmedia":[{"embeddable":true,"href":"https:\/\/radiorevelacionfm.cl\/index.php?rest_route=\/wp\/v2\/media\/6344"}],"wp:attachment":[{"href":"https:\/\/radiorevelacionfm.cl\/index.php?rest_route=%2Fwp%2Fv2%2Fmedia&parent=6343"}],"wp:term":[{"taxonomy":"category","embeddable":true,"href":"https:\/\/radiorevelacionfm.cl\/index.php?rest_route=%2Fwp%2Fv2%2Fcategories&post=6343"},{"taxonomy":"post_tag","embeddable":true,"href":"https:\/\/radiorevelacionfm.cl\/index.php?rest_route=%2Fwp%2Fv2%2Ftags&post=6343"}],"curies":[{"name":"wp","href":"https:\/\/api.w.org\/{rel}","templated":true}]}}