{"id":63424,"date":"2026-01-17T15:33:52","date_gmt":"2026-01-17T18:33:52","guid":{"rendered":"https:\/\/radiorevelacionfm.cl\/?p=63424"},"modified":"2026-01-17T15:40:54","modified_gmt":"2026-01-17T18:40:54","slug":"apoderada-de-colegio-de-puerto-aysen-por-robo-de-5-millones-de-pesos","status":"publish","type":"post","link":"https:\/\/radiorevelacionfm.cl\/?p=63424","title":{"rendered":"Apoderada de colegio de Puerto Ays\u00e9n es detenida por robo de 5 millones de pesos"},"content":{"rendered":"<div class=\"flex_column av_one_full  flex_column_div av-zero-column-padding first  avia-builder-el-0  el_before_av_one_full  avia-builder-el-first  \" style='border-radius:0px; '><div  class='avia-image-container  av-styling-    avia-builder-el-1  avia-builder-el-no-sibling  avia-align-center '  itemprop=\"image\" itemscope=\"itemscope\" itemtype=\"https:\/\/schema.org\/ImageObject\"  ><div class='avia-image-container-inner'><div class='avia-image-overlay-wrap'><img decoding=\"async\" class='wp-image-32379 avia-img-lazy-loading-not-32379 avia_image' src=\"https:\/\/radiorevelacionfm.cl\/wp-content\/uploads\/2023\/06\/pdi-aysen-1-1_optimized.jpeg\" alt='' title='pdi-aysen-1-(1)_optimized' height=\"600\" width=\"900\"  itemprop=\"thumbnailUrl\" srcset=\"https:\/\/radiorevelacionfm.cl\/wp-content\/uploads\/2023\/06\/pdi-aysen-1-1_optimized.jpeg 900w, https:\/\/radiorevelacionfm.cl\/wp-content\/uploads\/2023\/06\/pdi-aysen-1-1_optimized-300x200.jpeg 300w, https:\/\/radiorevelacionfm.cl\/wp-content\/uploads\/2023\/06\/pdi-aysen-1-1_optimized-768x512.jpeg 768w, https:\/\/radiorevelacionfm.cl\/wp-content\/uploads\/2023\/06\/pdi-aysen-1-1_optimized-705x470.jpeg 705w, https:\/\/radiorevelacionfm.cl\/wp-content\/uploads\/2023\/06\/pdi-aysen-1-1_optimized-450x300.jpeg 450w, https:\/\/radiorevelacionfm.cl\/wp-content\/uploads\/2023\/06\/pdi-aysen-1-1_optimized-600x400.jpeg 600w\" sizes=\"(max-width: 900px) 100vw, 900px\" \/><\/div><\/div><\/div><\/div>\n<div class=\"flex_column av_one_full  flex_column_div av-zero-column-padding first  avia-builder-el-2  el_after_av_one_full  el_before_av_one_full  column-top-margin\" style='border-radius:0px; '><section class=\"av_textblock_section \"  itemscope=\"itemscope\" itemtype=\"https:\/\/schema.org\/BlogPosting\" itemprop=\"blogPost\" ><div class='avia_textblock  '   itemprop=\"text\" ><p style=\"text-align: center;\"><strong><span style=\"font-size: 18pt;\">Apoderada de colegio de Puerto Ays\u00e9n es detenida por robo de 5 millones de pesos<\/span><\/strong><\/p>\n<div id=\"gtx-trans\" style=\"position: absolute; left: -50px; top: 4.31534px;\">\n<div class=\"gtx-trans-icon\"><\/div>\n<\/div>\n<\/div><\/section><\/div><div class=\"flex_column av_one_full  flex_column_div av-zero-column-padding first  avia-builder-el-4  el_after_av_one_full  el_before_av_hr  column-top-margin\" style='border-radius:0px; '><section class=\"av_textblock_section \"  itemscope=\"itemscope\" itemtype=\"https:\/\/schema.org\/BlogPosting\" itemprop=\"blogPost\" ><div class='avia_textblock  '   itemprop=\"text\" ><p style=\"text-align: justify;\">La Brigada de Investigaci\u00f3n Criminal (Bicrim) de Puerto Ays\u00e9n, en coordinaci\u00f3n con el Ministerio P\u00fablico, lograron la detenci\u00f3n de una mujer de 38 a\u00f1os por el delito de Apropiaci\u00f3n Indebida.<\/p>\n<p style=\"text-align: justify;\">\u00abEn el marco de acoger una denuncia por el delito de apropiaci\u00f3n indebida que dec\u00eda relaci\u00f3n con una persona de sexo femenino adulta, quien cumpl\u00eda el rol de tesorera en un cuarto medio de un establecimiento educacional de ac\u00e1 de Puerto Ays\u00e9n, quien se apropi\u00f3 indebidamente de la suma cercana a los cinco millones de pesos y que correspond\u00eda a todas las cuotas que pagaron los apoderados con la finalidad de poder salir de gira de estudios. Con esto se acoge la denuncia y se remite los antecedentes al Ministerio P\u00fablico, quien emite una orden de investigar a la Polic\u00eda de Investigaciones y tras realizar diversas diligencias, se le pudo imputar el delito a la persona antes indicada.\u00bb, coment\u00f3 el jefe de la Bicrim Ays\u00e9n, subprefecto Claudio Reyes.<\/p>\n<p style=\"text-align: justify;\">Seg\u00fan el jefe de la brigada, gracias al trabajo realizado por los detectives, el Tribunal de Garant\u00eda de Puerto Ays\u00e9n emiti\u00f3 una orden de detenci\u00f3n, la que se materializ\u00f3 el d\u00eda jueves pasado, poniendo a disposici\u00f3n de la justicia a la imputada. Agregando que en una primera instancia, la denunciada habr\u00eda llegado a un acuerdo con las v\u00edctimas con la finalidad de devolver el dinero, sin embargo, no habr\u00eda cumplido con dicho trato.<\/p>\n<p style=\"text-align: justify;\">La imputada fue apercibida puesto que en la formalizaci\u00f3n habr\u00eda llegado a un nuevo acuerdo reparatorio con los afectados, fij\u00e1ndose marzo como fecha tope para realizar el pago de una parte del monto apropiado; ella habr\u00eda se\u00f1alado haber pagado una parte de lo sustra\u00eddo en una primera instancia. Cabe hacer presente que si en el mes se\u00f1alado no se cumple con lo tratado, se realizar\u00e1 un juicio oral en contra de la victimaria.<\/p>\n<\/div><\/section><\/div><div  style='height:50px' class='hr hr-invisible   avia-builder-el-6  el_after_av_one_full  el_before_av_social_share '><span class='hr-inner ' ><span class='hr-inner-style'><\/span><\/span><\/div><\/p>\n<div  class='av-social-sharing-box  avia-builder-el-7  el_after_av_hr  el_before_av_hr  '><div class='av-share-box'><h5 class='av-share-link-description av-no-toc '>Compartir esta noticia<\/h5><ul class='av-share-box-list noLightbox'><li class='av-share-link av-social-link-facebook' ><a target=\"_blank\" aria-label=\"Compartir en Facebook\" href='https:\/\/www.facebook.com\/sharer.php?u=https:\/\/radiorevelacionfm.cl\/?p=63424&#038;t=Apoderada%20de%20colegio%20de%20Puerto%20Ays%C3%A9n%20es%20detenida%20por%20robo%20de%205%20millones%20de%20pesos' aria-hidden='false' data-av_icon='\ue8f3' data-av_iconfont='entypo-fontello' title='' data-avia-related-tooltip='Compartir en Facebook' rel=\"noopener\"><span class='avia_hidden_link_text'>Compartir en Facebook<\/span><\/a><\/li><li class='av-share-link av-social-link-twitter' ><a target=\"_blank\" aria-label=\"Compartir en Twitter\" href='https:\/\/twitter.com\/share?text=Apoderada%20de%20colegio%20de%20Puerto%20Ays%C3%A9n%20es%20detenida%20por%20robo%20de%205%20millones%20de%20pesos&#038;url=https:\/\/radiorevelacionfm.cl\/?p=63424' aria-hidden='false' data-av_icon='\ue8f1' data-av_iconfont='entypo-fontello' title='' data-avia-related-tooltip='Compartir en Twitter' rel=\"noopener\"><span class='avia_hidden_link_text'>Compartir en Twitter<\/span><\/a><\/li><li class='av-share-link av-social-link-whatsapp' ><a target=\"_blank\" aria-label=\"Compartir en Whatsapp\" href='https:\/\/api.whatsapp.com\/send?text=https:\/\/radiorevelacionfm.cl\/?p=63424' aria-hidden='false' data-av_icon='\uf232' data-av_iconfont='entypo-fontello' title='' data-avia-related-tooltip='Compartir en Whatsapp' rel=\"noopener\"><span class='avia_hidden_link_text'>Compartir en Whatsapp<\/span><\/a><\/li><li class='av-share-link av-social-link-linkedin' ><a target=\"_blank\" aria-label=\"Compartir en LinkedIn\" href='https:\/\/linkedin.com\/shareArticle?mini=true&#038;title=Apoderada%20de%20colegio%20de%20Puerto%20Ays%C3%A9n%20es%20detenida%20por%20robo%20de%205%20millones%20de%20pesos&#038;url=https:\/\/radiorevelacionfm.cl\/?p=63424' aria-hidden='false' data-av_icon='\ue8fc' data-av_iconfont='entypo-fontello' title='' data-avia-related-tooltip='Compartir en LinkedIn' rel=\"noopener\"><span class='avia_hidden_link_text'>Compartir en LinkedIn<\/span><\/a><\/li><li class='av-share-link av-social-link-mail' ><a  aria-label=\"Compartir por correo\" href='mailto:?subject=Apoderada%20de%20colegio%20de%20Puerto%20Ays%C3%A9n%20es%20detenida%20por%20robo%20de%205%20millones%20de%20pesos&#038;body=https:\/\/radiorevelacionfm.cl\/?p=63424' aria-hidden='false' data-av_icon='\ue805' data-av_iconfont='entypo-fontello' title='' data-avia-related-tooltip='Compartir por correo'><span class='avia_hidden_link_text'>Compartir por correo<\/span><\/a><\/li><\/ul><\/div><\/div>\n<div  style='height:50px' class='hr hr-invisible   avia-builder-el-8  el_after_av_social_share  el_before_av_comments_list '><span class='hr-inner ' ><span class='hr-inner-style'><\/span><\/span><\/div>\n<div  class='av-buildercomment  av-blog-meta-html-info-disabled av-blog-meta-tag-disabled  '><\/div>\n","protected":false},"excerpt":{"rendered":"","protected":false},"author":1,"featured_media":32379,"comment_status":"closed","ping_status":"closed","sticky":false,"template":"","format":"standard","meta":{"footnotes":""},"categories":[36],"tags":[],"class_list":["post-63424","post","type-post","status-publish","format-standard","has-post-thumbnail","hentry","category-policial"],"jetpack_featured_media_url":"https:\/\/radiorevelacionfm.cl\/wp-content\/uploads\/2023\/06\/pdi-aysen-1-1_optimized.jpeg","_links":{"self":[{"href":"https:\/\/radiorevelacionfm.cl\/index.php?rest_route=\/wp\/v2\/posts\/63424","targetHints":{"allow":["GET"]}}],"collection":[{"href":"https:\/\/radiorevelacionfm.cl\/index.php?rest_route=\/wp\/v2\/posts"}],"about":[{"href":"https:\/\/radiorevelacionfm.cl\/index.php?rest_route=\/wp\/v2\/types\/post"}],"author":[{"embeddable":true,"href":"https:\/\/radiorevelacionfm.cl\/index.php?rest_route=\/wp\/v2\/users\/1"}],"replies":[{"embeddable":true,"href":"https:\/\/radiorevelacionfm.cl\/index.php?rest_route=%2Fwp%2Fv2%2Fcomments&post=63424"}],"version-history":[{"count":3,"href":"https:\/\/radiorevelacionfm.cl\/index.php?rest_route=\/wp\/v2\/posts\/63424\/revisions"}],"predecessor-version":[{"id":63426,"href":"https:\/\/radiorevelacionfm.cl\/index.php?rest_route=\/wp\/v2\/posts\/63424\/revisions\/63426"}],"wp:featuredmedia":[{"embeddable":true,"href":"https:\/\/radiorevelacionfm.cl\/index.php?rest_route=\/wp\/v2\/media\/32379"}],"wp:attachment":[{"href":"https:\/\/radiorevelacionfm.cl\/index.php?rest_route=%2Fwp%2Fv2%2Fmedia&parent=63424"}],"wp:term":[{"taxonomy":"category","embeddable":true,"href":"https:\/\/radiorevelacionfm.cl\/index.php?rest_route=%2Fwp%2Fv2%2Fcategories&post=63424"},{"taxonomy":"post_tag","embeddable":true,"href":"https:\/\/radiorevelacionfm.cl\/index.php?rest_route=%2Fwp%2Fv2%2Ftags&post=63424"}],"curies":[{"name":"wp","href":"https:\/\/api.w.org\/{rel}","templated":true}]}}