{"id":63413,"date":"2026-01-16T21:08:37","date_gmt":"2026-01-17T00:08:37","guid":{"rendered":"https:\/\/radiorevelacionfm.cl\/?p=63413"},"modified":"2026-01-16T21:08:37","modified_gmt":"2026-01-17T00:08:37","slug":"fortalecen-la-educacion-parvularia-con-historica-inversion-en-jardines-infantiles-publicos-de-la-region","status":"publish","type":"post","link":"https:\/\/radiorevelacionfm.cl\/?p=63413","title":{"rendered":"Fortalecen la educaci\u00f3n parvularia con hist\u00f3rica inversi\u00f3n en jardines infantiles p\u00fablicos de la regi\u00f3n"},"content":{"rendered":"<div class=\"flex_column av_one_full  flex_column_div av-zero-column-padding first  avia-builder-el-0  el_before_av_one_full  avia-builder-el-first  \" style='border-radius:0px; '><div  class='avia-image-container  av-styling-    avia-builder-el-1  avia-builder-el-no-sibling  avia-align-center '  itemprop=\"image\" itemscope=\"itemscope\" itemtype=\"https:\/\/schema.org\/ImageObject\"  ><div class='avia-image-container-inner'><div class='avia-image-overlay-wrap'><img decoding=\"async\" class='wp-image-63414 avia-img-lazy-loading-not-63414 avia_image' src=\"https:\/\/radiorevelacionfm.cl\/wp-content\/uploads\/2026\/01\/DSC05046-1-1.jpg\" alt='' title='DSC05046 (1) (1)' height=\"600\" width=\"1067\"  itemprop=\"thumbnailUrl\" srcset=\"https:\/\/radiorevelacionfm.cl\/wp-content\/uploads\/2026\/01\/DSC05046-1-1.jpg 1067w, https:\/\/radiorevelacionfm.cl\/wp-content\/uploads\/2026\/01\/DSC05046-1-1-300x169.jpg 300w, https:\/\/radiorevelacionfm.cl\/wp-content\/uploads\/2026\/01\/DSC05046-1-1-1030x579.jpg 1030w, https:\/\/radiorevelacionfm.cl\/wp-content\/uploads\/2026\/01\/DSC05046-1-1-768x432.jpg 768w, https:\/\/radiorevelacionfm.cl\/wp-content\/uploads\/2026\/01\/DSC05046-1-1-705x396.jpg 705w, https:\/\/radiorevelacionfm.cl\/wp-content\/uploads\/2026\/01\/DSC05046-1-1-450x253.jpg 450w, https:\/\/radiorevelacionfm.cl\/wp-content\/uploads\/2026\/01\/DSC05046-1-1-600x337.jpg 600w\" sizes=\"(max-width: 1067px) 100vw, 1067px\" \/><\/div><\/div><\/div><\/div><div class=\"flex_column av_one_full  flex_column_div av-zero-column-padding first  avia-builder-el-2  el_after_av_one_full  el_before_av_one_full  column-top-margin\" style='border-radius:0px; '><section class=\"av_textblock_section \"  itemscope=\"itemscope\" itemtype=\"https:\/\/schema.org\/BlogPosting\" itemprop=\"blogPost\" ><div class='avia_textblock  '   itemprop=\"text\" ><p style=\"text-align: center;\"><strong><span style=\"font-size: 18pt;\">Fortalecen la educaci\u00f3n parvularia con hist\u00f3rica inversi\u00f3n en jardines infantiles p\u00fablicos de la regi\u00f3n<\/span><\/strong><\/p>\n<div id=\"gtx-trans\" style=\"position: absolute; left: -50px; top: 4.31534px;\">\n<div class=\"gtx-trans-icon\"><\/div>\n<\/div>\n<\/div><\/section><\/div><div class=\"flex_column av_one_full  flex_column_div av-zero-column-padding first  avia-builder-el-4  el_after_av_one_full  el_before_av_hr  column-top-margin\" style='border-radius:0px; '><section class=\"av_textblock_section \"  itemscope=\"itemscope\" itemtype=\"https:\/\/schema.org\/BlogPosting\" itemprop=\"blogPost\" ><div class='avia_textblock  '   itemprop=\"text\" ><p style=\"text-align: justify;\"><em>La iniciativa, financiada con recursos FNDR, permiti\u00f3 renovar mobiliario y equipamiento en 10 jardines infantiles y salas cuna de seis comunas, beneficiando directamente a cerca de 650 ni\u00f1os y ni\u00f1as de la educaci\u00f3n p\u00fablica.<\/em><\/p>\n<p style=\"text-align: justify;\">El Servicio Local de Educaci\u00f3n P\u00fablica de Ays\u00e9n avanza en el fortalecimiento de la educaci\u00f3n inicial en la regi\u00f3n mediante la ejecuci\u00f3n del proyecto \u201cAdquisici\u00f3n de Mobiliario y Equipamiento para Jardines Infantiles SLEP Ays\u00e9n\u201d, iniciativa financiada a por el Gobierno Regional de Ays\u00e9n, que permitir\u00e1 fortalecer las condiciones educativas de la educaci\u00f3n parvularia p\u00fablica en distintos territorios de la regi\u00f3n.<\/p>\n<p style=\"text-align: justify;\">La informaci\u00f3n fue dada a conocer por el gobernador regional de Ays\u00e9n, Marcelo Santana Vargas, junto al director ejecutivo del SLEP Ays\u00e9n, Sebasti\u00e1n Gonz\u00e1lez Rogers, durante una visita a los tres jardines infantiles de la comuna de Ays\u00e9n. En la instancia, las autoridades constataron en terreno el impacto positivo del recambio de mobiliario y recogieron las impresiones de las funcionarias de las unidades educativas Jard\u00edn Ayel\u00e9n Ruka de Puerto Chacabuco, Ays\u00e9n Chiquito de Puerto Ays\u00e9n y Arboliris de Ma\u00f1ihuales.<\/p>\n<p style=\"text-align: justify;\">\u201cEstamos muy contentos, porque hemos estado recorriendo tres jardines infantiles de la comuna de Ays\u00e9n. En Chacabuco, en Puerto Ays\u00e9n, Ma\u00f1ihuales se est\u00e1 entregando un mobiliario de excelent\u00edsima calidad, a trav\u00e9s de un proyecto que financiamos como Gobierno Regional al SLEP. Muy buena infraestructura, le da calidad al trabajo educativo que se est\u00e1 haciendo en los jardines infantiles y qu\u00e9 mejor que apoyar la primera infancia. As\u00ed que estamos muy contentos de que esto se est\u00e9 ya concretando y esperamos seguir apoyando al SLEP en esta cruzada que tenemos como regi\u00f3n de mejorar la educaci\u00f3n de Ays\u00e9n\u201d, explic\u00f3 el gobernador.<\/p>\n<p style=\"text-align: justify;\">El proyecto, que cont\u00f3 con la aprobaci\u00f3n del Consejo Regional de Ays\u00e9n, considera una inversi\u00f3n total de $367.858.000, permitiendo la adquisici\u00f3n de 28 \u00edtems de mobiliario y equipamiento, con un total de 3.005 art\u00edculos, entre los que se incluyen sillas y mesas infantiles adaptadas a cada nivel, mobiliario inclusivo, cunas y camas apilables, colchonetas, muebles de almacenamiento, adem\u00e1s de equipamiento pedag\u00f3gico y tecnol\u00f3gico destinados a mejorar las condiciones de aprendizaje y bienestar de ni\u00f1os y ni\u00f1as de la educaci\u00f3n parvularia p\u00fablica.<\/p>\n<p style=\"text-align: justify;\">Al respecto, el director ejecutivo del SLEP Ays\u00e9n, Sebasti\u00e1n Gonz\u00e1lez, destac\u00f3: \u201ceste proyecto financiado por el Gobierno Regional que nos permite tener un mobiliario nuevo y tambi\u00e9n mejor tecnolog\u00eda dando una se\u00f1al a toda la regi\u00f3n de que la primera infancia es el primer nivel educativo. Ver a los ni\u00f1os contentos y con condiciones dignas para su aprendizaje es lo que nos motiva: ese es el sentido del servicio local y es lo que estamos potenciando. Tenemos muchos proyectos por delante para que cada uno de los jardines cuente con mejor infraestructura, pero por sobre todo para fortalecer el trabajo educativo y pedag\u00f3gico que realizan a diario nuestros equipos\u201d.<\/p>\n<p style=\"text-align: justify;\"><strong>Alcances del proyecto<\/strong><\/p>\n<p style=\"text-align: justify;\">Esta inversi\u00f3n refleja el compromiso del Estado por fortalecer la educaci\u00f3n p\u00fablica inicial, asegurando espacios educativos dignos, modernos y adecuados para el desarrollo integral de ni\u00f1os y ni\u00f1as de la regi\u00f3n de Ays\u00e9n.<\/p>\n<p style=\"text-align: justify;\">Uno de los establecimientos beneficiados es el Jard\u00edn Infantil Ayel\u00e9n Ruka, cuya directora Catalina Ortega valor\u00f3 la iniciativa indicando: \u201cnosotros ya cont\u00e1bamos con un jard\u00edn renovado a trav\u00e9s del proyecto de conservaci\u00f3n ejecutado por el SLEP y ahora mucho m\u00e1s felices porque tenemos una implementaci\u00f3n maravillosa dentro del jard\u00edn infantil. Antes cont\u00e1bamos con un lactante porque ten\u00edamos solo una cuna, pero ahora tenemos cuatro cunas nuevas gracias a este proyecto, lo que nos permite recibir a todos los ni\u00f1os y ni\u00f1as de la localidad en nuestro jard\u00edn\u201d.<\/p>\n<p style=\"text-align: justify;\">El alcalde de la comuna de Ays\u00e9n, Luis Mart\u00ednez, agradeci\u00f3 el aporte del Gobierno Regional: \u201cLa importancia que tiene este fondo que se implement\u00f3 ha venido a suplir una necesidad que era y hoy d\u00eda esta homogeneidad que hay en el mobiliario, creo que es un cambio important\u00edsimo. As\u00ed que bueno, ahora esta s\u00ed que es plata bien invertida en toda nuestra comuna y en la regi\u00f3n\u201d.<\/p>\n<p style=\"text-align: justify;\">En la misma l\u00ednea, el consejero regional, Julio Rossel, valor\u00f3 la iniciativa: \u201cEstos actos generalmente pasan desapercibidos. Me parece muy importante que se d\u00e9 conocimiento de que hay un material muy necesario, que dignifica tambi\u00e9n, no solamente la educaci\u00f3n parvularia, sino que tambi\u00e9n la calidad del servicio que se presta para los ni\u00f1os de Ays\u00e9n\u201d.<\/p>\n<p style=\"text-align: justify;\">El proyecto es ejecutado por el Servicio Local de Educaci\u00f3n P\u00fablica de Ays\u00e9n, en su calidad de unidad t\u00e9cnica, beneficia a los 10 jardines infantiles y salas cuna p\u00fablicas del territorio, ubicados en las comunas de Ays\u00e9n, Coyhaique, Cochrane, Lago Verde, R\u00edo Ib\u00e1\u00f1ez y Tortel, impactando directamente en las comunidades educativas y en el bienestar de ni\u00f1os y ni\u00f1as de la educaci\u00f3n inicial. reafirmando el compromiso del Gobierno Regional y el SLEP Ays\u00e9n con una educaci\u00f3n p\u00fablica de calidad, equitativa y con enfoque territorial, desde la primera infancia.<\/p>\n<\/div><\/section><\/div><div  style='height:50px' class='hr hr-invisible   avia-builder-el-6  el_after_av_one_full  el_before_av_social_share '><span class='hr-inner ' ><span class='hr-inner-style'><\/span><\/span><\/div><\/p>\n<div  class='av-social-sharing-box  avia-builder-el-7  el_after_av_hr  el_before_av_hr  '><div class='av-share-box'><h5 class='av-share-link-description av-no-toc '>Compartir esta noticia<\/h5><ul class='av-share-box-list noLightbox'><li class='av-share-link av-social-link-facebook' ><a target=\"_blank\" aria-label=\"Compartir en Facebook\" href='https:\/\/www.facebook.com\/sharer.php?u=https:\/\/radiorevelacionfm.cl\/?p=63413&#038;t=Fortalecen%20la%20educaci%C3%B3n%20parvularia%20con%20hist%C3%B3rica%20inversi%C3%B3n%20en%20jardines%20infantiles%20p%C3%BAblicos%20de%20la%20regi%C3%B3n' aria-hidden='false' data-av_icon='\ue8f3' data-av_iconfont='entypo-fontello' title='' data-avia-related-tooltip='Compartir en Facebook' rel=\"noopener\"><span class='avia_hidden_link_text'>Compartir en Facebook<\/span><\/a><\/li><li class='av-share-link av-social-link-twitter' ><a target=\"_blank\" aria-label=\"Compartir en Twitter\" href='https:\/\/twitter.com\/share?text=Fortalecen%20la%20educaci%C3%B3n%20parvularia%20con%20hist%C3%B3rica%20inversi%C3%B3n%20en%20jardines%20infantiles%20p%C3%BAblicos%20de%20la%20regi%C3%B3n&#038;url=https:\/\/radiorevelacionfm.cl\/?p=63413' aria-hidden='false' data-av_icon='\ue8f1' data-av_iconfont='entypo-fontello' title='' data-avia-related-tooltip='Compartir en Twitter' rel=\"noopener\"><span class='avia_hidden_link_text'>Compartir en Twitter<\/span><\/a><\/li><li class='av-share-link av-social-link-whatsapp' ><a target=\"_blank\" aria-label=\"Compartir en Whatsapp\" href='https:\/\/api.whatsapp.com\/send?text=https:\/\/radiorevelacionfm.cl\/?p=63413' aria-hidden='false' data-av_icon='\uf232' data-av_iconfont='entypo-fontello' title='' data-avia-related-tooltip='Compartir en Whatsapp' rel=\"noopener\"><span class='avia_hidden_link_text'>Compartir en Whatsapp<\/span><\/a><\/li><li class='av-share-link av-social-link-linkedin' ><a target=\"_blank\" aria-label=\"Compartir en LinkedIn\" href='https:\/\/linkedin.com\/shareArticle?mini=true&#038;title=Fortalecen%20la%20educaci%C3%B3n%20parvularia%20con%20hist%C3%B3rica%20inversi%C3%B3n%20en%20jardines%20infantiles%20p%C3%BAblicos%20de%20la%20regi%C3%B3n&#038;url=https:\/\/radiorevelacionfm.cl\/?p=63413' aria-hidden='false' data-av_icon='\ue8fc' data-av_iconfont='entypo-fontello' title='' data-avia-related-tooltip='Compartir en LinkedIn' rel=\"noopener\"><span class='avia_hidden_link_text'>Compartir en LinkedIn<\/span><\/a><\/li><li class='av-share-link av-social-link-mail' ><a  aria-label=\"Compartir por correo\" href='mailto:?subject=Fortalecen%20la%20educaci%C3%B3n%20parvularia%20con%20hist%C3%B3rica%20inversi%C3%B3n%20en%20jardines%20infantiles%20p%C3%BAblicos%20de%20la%20regi%C3%B3n&#038;body=https:\/\/radiorevelacionfm.cl\/?p=63413' aria-hidden='false' data-av_icon='\ue805' data-av_iconfont='entypo-fontello' title='' data-avia-related-tooltip='Compartir por correo'><span class='avia_hidden_link_text'>Compartir por correo<\/span><\/a><\/li><\/ul><\/div><\/div>\n<div  style='height:50px' class='hr hr-invisible   avia-builder-el-8  el_after_av_social_share  el_before_av_comments_list '><span class='hr-inner ' ><span class='hr-inner-style'><\/span><\/span><\/div>\n<div  class='av-buildercomment  av-blog-meta-html-info-disabled av-blog-meta-tag-disabled  '><\/div>\n","protected":false},"excerpt":{"rendered":"","protected":false},"author":1,"featured_media":63414,"comment_status":"closed","ping_status":"closed","sticky":false,"template":"","format":"standard","meta":{"footnotes":""},"categories":[49],"tags":[],"class_list":["post-63413","post","type-post","status-publish","format-standard","has-post-thumbnail","hentry","category-educacion"],"jetpack_featured_media_url":"https:\/\/radiorevelacionfm.cl\/wp-content\/uploads\/2026\/01\/DSC05046-1-1.jpg","_links":{"self":[{"href":"https:\/\/radiorevelacionfm.cl\/index.php?rest_route=\/wp\/v2\/posts\/63413","targetHints":{"allow":["GET"]}}],"collection":[{"href":"https:\/\/radiorevelacionfm.cl\/index.php?rest_route=\/wp\/v2\/posts"}],"about":[{"href":"https:\/\/radiorevelacionfm.cl\/index.php?rest_route=\/wp\/v2\/types\/post"}],"author":[{"embeddable":true,"href":"https:\/\/radiorevelacionfm.cl\/index.php?rest_route=\/wp\/v2\/users\/1"}],"replies":[{"embeddable":true,"href":"https:\/\/radiorevelacionfm.cl\/index.php?rest_route=%2Fwp%2Fv2%2Fcomments&post=63413"}],"version-history":[{"count":2,"href":"https:\/\/radiorevelacionfm.cl\/index.php?rest_route=\/wp\/v2\/posts\/63413\/revisions"}],"predecessor-version":[{"id":63421,"href":"https:\/\/radiorevelacionfm.cl\/index.php?rest_route=\/wp\/v2\/posts\/63413\/revisions\/63421"}],"wp:featuredmedia":[{"embeddable":true,"href":"https:\/\/radiorevelacionfm.cl\/index.php?rest_route=\/wp\/v2\/media\/63414"}],"wp:attachment":[{"href":"https:\/\/radiorevelacionfm.cl\/index.php?rest_route=%2Fwp%2Fv2%2Fmedia&parent=63413"}],"wp:term":[{"taxonomy":"category","embeddable":true,"href":"https:\/\/radiorevelacionfm.cl\/index.php?rest_route=%2Fwp%2Fv2%2Fcategories&post=63413"},{"taxonomy":"post_tag","embeddable":true,"href":"https:\/\/radiorevelacionfm.cl\/index.php?rest_route=%2Fwp%2Fv2%2Ftags&post=63413"}],"curies":[{"name":"wp","href":"https:\/\/api.w.org\/{rel}","templated":true}]}}