{"id":63410,"date":"2026-01-17T12:24:45","date_gmt":"2026-01-17T15:24:45","guid":{"rendered":"https:\/\/radiorevelacionfm.cl\/?p=63410"},"modified":"2026-01-17T12:24:45","modified_gmt":"2026-01-17T15:24:45","slug":"sernapesca-aysen-entrega-amerb-a-organizacion-de-pescadores-artesanales","status":"publish","type":"post","link":"https:\/\/radiorevelacionfm.cl\/?p=63410","title":{"rendered":"Sernapesca Ays\u00e9n entrega AMERB a organizaci\u00f3n de pescadores artesanales"},"content":{"rendered":"<div class=\"flex_column av_one_full  flex_column_div av-zero-column-padding first  avia-builder-el-0  el_before_av_one_full  avia-builder-el-first  \" style='border-radius:0px; '><div  class='avia-image-container  av-styling-    avia-builder-el-1  avia-builder-el-no-sibling  avia-align-center '  itemprop=\"image\" itemscope=\"itemscope\" itemtype=\"https:\/\/schema.org\/ImageObject\"  ><div class='avia-image-container-inner'><div class='avia-image-overlay-wrap'><img decoding=\"async\" class='wp-image-63411 avia-img-lazy-loading-not-63411 avia_image' src=\"https:\/\/radiorevelacionfm.cl\/wp-content\/uploads\/2026\/01\/20260116_100351-1-1.jpg\" alt='' title='20260116_100351 (1) (1)' height=\"600\" width=\"800\"  itemprop=\"thumbnailUrl\" srcset=\"https:\/\/radiorevelacionfm.cl\/wp-content\/uploads\/2026\/01\/20260116_100351-1-1.jpg 800w, https:\/\/radiorevelacionfm.cl\/wp-content\/uploads\/2026\/01\/20260116_100351-1-1-300x225.jpg 300w, https:\/\/radiorevelacionfm.cl\/wp-content\/uploads\/2026\/01\/20260116_100351-1-1-768x576.jpg 768w, https:\/\/radiorevelacionfm.cl\/wp-content\/uploads\/2026\/01\/20260116_100351-1-1-705x529.jpg 705w, https:\/\/radiorevelacionfm.cl\/wp-content\/uploads\/2026\/01\/20260116_100351-1-1-450x338.jpg 450w, https:\/\/radiorevelacionfm.cl\/wp-content\/uploads\/2026\/01\/20260116_100351-1-1-600x450.jpg 600w\" sizes=\"(max-width: 800px) 100vw, 800px\" \/><\/div><\/div><\/div><\/div><div class=\"flex_column av_one_full  flex_column_div av-zero-column-padding first  avia-builder-el-2  el_after_av_one_full  el_before_av_one_full  column-top-margin\" style='border-radius:0px; '><section class=\"av_textblock_section \"  itemscope=\"itemscope\" itemtype=\"https:\/\/schema.org\/BlogPosting\" itemprop=\"blogPost\" ><div class='avia_textblock  '   itemprop=\"text\" ><p style=\"text-align: center;\"><span style=\"font-size: 18pt;\"><b>Sernapesca Ays\u00e9n entrega AMERB a organizaci\u00f3n de pescadores artesanales<\/b><\/span><\/p>\n<div id=\"gtx-trans\" style=\"position: absolute; left: -50px; top: 4.31534px;\">\n<div class=\"gtx-trans-icon\"><\/div>\n<\/div>\n<\/div><\/section><\/div><div class=\"flex_column av_one_full  flex_column_div av-zero-column-padding first  avia-builder-el-4  el_after_av_one_full  el_before_av_hr  column-top-margin\" style='border-radius:0px; '><section class=\"av_textblock_section \"  itemscope=\"itemscope\" itemtype=\"https:\/\/schema.org\/BlogPosting\" itemprop=\"blogPost\" ><div class='avia_textblock  '   itemprop=\"text\" ><p style=\"font-weight: 400; text-align: justify;\">Un importante avance en el desarrollo de la actividad pesquera artesanal se dio en la Regi\u00f3n de Ays\u00e9n, con la firma entre la Direcci\u00f3n Regional del Servicio Nacional de Pesca y Acuicultura (Sernapesca) y la organizaci\u00f3n de pescadores artesanales Pesca Artesanal y Turismo Batarce e Hijo Ltda., ubicada en Puerto Gaviota, del convenio de uso del \u00c1rea de Manejo y Explotaci\u00f3n de Recursos Bent\u00f3nicos (AMERB) \u201cIslas Huichas &#8211; Sector J\u201d.<\/p>\n<p style=\"font-weight: 400; text-align: justify;\">Estas \u00e1reas son, por definici\u00f3n, un r\u00e9gimen de acceso que asigna derechos de explotaci\u00f3n exclusiva a organizaciones de pescadores artesanales, mediante un plan de manejo y explotaci\u00f3n, basado en la conservaci\u00f3n de los recursos bent\u00f3nicos presente en un sector previamente delimitado.<\/p>\n<p style=\"font-weight: 400; text-align: justify;\">La organizaci\u00f3n podr\u00e1 administrar el \u00e1rea que se encuentra en el canal Moraleda, entre el canal Puyuhuapi y la boca del fiordo de Ays\u00e9n. Los recursos autorizados para la explotaci\u00f3n, mediante resoluci\u00f3n exenta de la Subsecretar\u00eda de Pesca y Acuicultura son erizo y loco.<\/p>\n<p style=\"font-weight: 400; text-align: justify;\">La ceremonia de firma se realiz\u00f3 en dependencias de la Direcci\u00f3n Regional de Sernapesca en Puerto Ays\u00e9n, con la participaci\u00f3n del Director Regional (S), Jorge Padilla y el presidente de la organizaci\u00f3n Pesca Artesanal y Turismo Batarce e Hijo Ltda, Vicente Batarce.<\/p>\n<p style=\"font-weight: 400; text-align: justify;\">Padilla destac\u00f3 al respecto que, \u201ca trav\u00e9s de esta medida de administraci\u00f3n, se podr\u00e1 hacer uso de los derechos de explotaci\u00f3n exclusiva sobre los recursos bent\u00f3nicos autorizados. De esta forma el Sindicato podr\u00e1 aplicar el Plan de Manejo del \u00e1rea, haciendo hincapi\u00e9 en la responsabilidad que tienen al asumir su administraci\u00f3n, propendiendo a la conservaci\u00f3n de los recursos pesqueros y, adem\u00e1s, de fortalecer su capacidad de gesti\u00f3n\u201d.<\/p>\n<\/div><\/section><\/div><div  style='height:50px' class='hr hr-invisible   avia-builder-el-6  el_after_av_one_full  el_before_av_social_share '><span class='hr-inner ' ><span class='hr-inner-style'><\/span><\/span><\/div><\/p>\n<div  class='av-social-sharing-box  avia-builder-el-7  el_after_av_hr  el_before_av_hr  '><div class='av-share-box'><h5 class='av-share-link-description av-no-toc '>Compartir esta noticia<\/h5><ul class='av-share-box-list noLightbox'><li class='av-share-link av-social-link-facebook' ><a target=\"_blank\" aria-label=\"Compartir en Facebook\" href='https:\/\/www.facebook.com\/sharer.php?u=https:\/\/radiorevelacionfm.cl\/?p=63410&#038;t=Sernapesca%20Ays%C3%A9n%20entrega%20AMERB%20a%20organizaci%C3%B3n%20de%20pescadores%20artesanales' aria-hidden='false' data-av_icon='\ue8f3' data-av_iconfont='entypo-fontello' title='' data-avia-related-tooltip='Compartir en Facebook' rel=\"noopener\"><span class='avia_hidden_link_text'>Compartir en Facebook<\/span><\/a><\/li><li class='av-share-link av-social-link-twitter' ><a target=\"_blank\" aria-label=\"Compartir en Twitter\" href='https:\/\/twitter.com\/share?text=Sernapesca%20Ays%C3%A9n%20entrega%20AMERB%20a%20organizaci%C3%B3n%20de%20pescadores%20artesanales&#038;url=https:\/\/radiorevelacionfm.cl\/?p=63410' aria-hidden='false' data-av_icon='\ue8f1' data-av_iconfont='entypo-fontello' title='' data-avia-related-tooltip='Compartir en Twitter' rel=\"noopener\"><span class='avia_hidden_link_text'>Compartir en Twitter<\/span><\/a><\/li><li class='av-share-link av-social-link-whatsapp' ><a target=\"_blank\" aria-label=\"Compartir en Whatsapp\" href='https:\/\/api.whatsapp.com\/send?text=https:\/\/radiorevelacionfm.cl\/?p=63410' aria-hidden='false' data-av_icon='\uf232' data-av_iconfont='entypo-fontello' title='' data-avia-related-tooltip='Compartir en Whatsapp' rel=\"noopener\"><span class='avia_hidden_link_text'>Compartir en Whatsapp<\/span><\/a><\/li><li class='av-share-link av-social-link-linkedin' ><a target=\"_blank\" aria-label=\"Compartir en LinkedIn\" href='https:\/\/linkedin.com\/shareArticle?mini=true&#038;title=Sernapesca%20Ays%C3%A9n%20entrega%20AMERB%20a%20organizaci%C3%B3n%20de%20pescadores%20artesanales&#038;url=https:\/\/radiorevelacionfm.cl\/?p=63410' aria-hidden='false' data-av_icon='\ue8fc' data-av_iconfont='entypo-fontello' title='' data-avia-related-tooltip='Compartir en LinkedIn' rel=\"noopener\"><span class='avia_hidden_link_text'>Compartir en LinkedIn<\/span><\/a><\/li><li class='av-share-link av-social-link-mail' ><a  aria-label=\"Compartir por correo\" href='mailto:?subject=Sernapesca%20Ays%C3%A9n%20entrega%20AMERB%20a%20organizaci%C3%B3n%20de%20pescadores%20artesanales&#038;body=https:\/\/radiorevelacionfm.cl\/?p=63410' aria-hidden='false' data-av_icon='\ue805' data-av_iconfont='entypo-fontello' title='' data-avia-related-tooltip='Compartir por correo'><span class='avia_hidden_link_text'>Compartir por correo<\/span><\/a><\/li><\/ul><\/div><\/div>\n<div  style='height:50px' class='hr hr-invisible   avia-builder-el-8  el_after_av_social_share  el_before_av_comments_list '><span class='hr-inner ' ><span class='hr-inner-style'><\/span><\/span><\/div>\n<div  class='av-buildercomment  av-blog-meta-html-info-disabled av-blog-meta-tag-disabled  '><\/div>\n","protected":false},"excerpt":{"rendered":"","protected":false},"author":1,"featured_media":63411,"comment_status":"closed","ping_status":"closed","sticky":false,"template":"","format":"standard","meta":{"footnotes":""},"categories":[60],"tags":[],"class_list":["post-63410","post","type-post","status-publish","format-standard","has-post-thumbnail","hentry","category-pesca"],"jetpack_featured_media_url":"https:\/\/radiorevelacionfm.cl\/wp-content\/uploads\/2026\/01\/20260116_100351-1-1.jpg","_links":{"self":[{"href":"https:\/\/radiorevelacionfm.cl\/index.php?rest_route=\/wp\/v2\/posts\/63410","targetHints":{"allow":["GET"]}}],"collection":[{"href":"https:\/\/radiorevelacionfm.cl\/index.php?rest_route=\/wp\/v2\/posts"}],"about":[{"href":"https:\/\/radiorevelacionfm.cl\/index.php?rest_route=\/wp\/v2\/types\/post"}],"author":[{"embeddable":true,"href":"https:\/\/radiorevelacionfm.cl\/index.php?rest_route=\/wp\/v2\/users\/1"}],"replies":[{"embeddable":true,"href":"https:\/\/radiorevelacionfm.cl\/index.php?rest_route=%2Fwp%2Fv2%2Fcomments&post=63410"}],"version-history":[{"count":2,"href":"https:\/\/radiorevelacionfm.cl\/index.php?rest_route=\/wp\/v2\/posts\/63410\/revisions"}],"predecessor-version":[{"id":63423,"href":"https:\/\/radiorevelacionfm.cl\/index.php?rest_route=\/wp\/v2\/posts\/63410\/revisions\/63423"}],"wp:featuredmedia":[{"embeddable":true,"href":"https:\/\/radiorevelacionfm.cl\/index.php?rest_route=\/wp\/v2\/media\/63411"}],"wp:attachment":[{"href":"https:\/\/radiorevelacionfm.cl\/index.php?rest_route=%2Fwp%2Fv2%2Fmedia&parent=63410"}],"wp:term":[{"taxonomy":"category","embeddable":true,"href":"https:\/\/radiorevelacionfm.cl\/index.php?rest_route=%2Fwp%2Fv2%2Fcategories&post=63410"},{"taxonomy":"post_tag","embeddable":true,"href":"https:\/\/radiorevelacionfm.cl\/index.php?rest_route=%2Fwp%2Fv2%2Ftags&post=63410"}],"curies":[{"name":"wp","href":"https:\/\/api.w.org\/{rel}","templated":true}]}}