{"id":63407,"date":"2026-01-17T11:20:02","date_gmt":"2026-01-17T14:20:02","guid":{"rendered":"https:\/\/radiorevelacionfm.cl\/?p=63407"},"modified":"2026-01-17T11:20:02","modified_gmt":"2026-01-17T14:20:02","slug":"intensa-agenda-de-actividades-desarrollo-delegacion-de-virginia-tech-en-coyhaique","status":"publish","type":"post","link":"https:\/\/radiorevelacionfm.cl\/?p=63407","title":{"rendered":"Intensa agenda de actividades desarroll\u00f3 delegaci\u00f3n de Virginia Tech en Coyhaique"},"content":{"rendered":"<div class=\"flex_column av_one_full  flex_column_div av-zero-column-padding first  avia-builder-el-0  el_before_av_one_full  avia-builder-el-first  \" style='border-radius:0px; '><div  class='avia-image-container  av-styling-    avia-builder-el-1  avia-builder-el-no-sibling  avia-align-center '  itemprop=\"image\" itemscope=\"itemscope\" itemtype=\"https:\/\/schema.org\/ImageObject\"  ><div class='avia-image-container-inner'><div class='avia-image-overlay-wrap'><img decoding=\"async\" class='wp-image-63408 avia-img-lazy-loading-not-63408 avia_image' src=\"https:\/\/radiorevelacionfm.cl\/wp-content\/uploads\/2026\/01\/virginia-tech5-1_optimized.jpeg\" alt='' title='virginia-tech5-(1)_optimized' height=\"600\" width=\"800\"  itemprop=\"thumbnailUrl\" srcset=\"https:\/\/radiorevelacionfm.cl\/wp-content\/uploads\/2026\/01\/virginia-tech5-1_optimized.jpeg 800w, https:\/\/radiorevelacionfm.cl\/wp-content\/uploads\/2026\/01\/virginia-tech5-1_optimized-300x225.jpeg 300w, https:\/\/radiorevelacionfm.cl\/wp-content\/uploads\/2026\/01\/virginia-tech5-1_optimized-768x576.jpeg 768w, https:\/\/radiorevelacionfm.cl\/wp-content\/uploads\/2026\/01\/virginia-tech5-1_optimized-705x529.jpeg 705w, https:\/\/radiorevelacionfm.cl\/wp-content\/uploads\/2026\/01\/virginia-tech5-1_optimized-450x338.jpeg 450w, https:\/\/radiorevelacionfm.cl\/wp-content\/uploads\/2026\/01\/virginia-tech5-1_optimized-600x450.jpeg 600w\" sizes=\"(max-width: 800px) 100vw, 800px\" \/><\/div><\/div><\/div><\/div><div class=\"flex_column av_one_full  flex_column_div av-zero-column-padding first  avia-builder-el-2  el_after_av_one_full  el_before_av_one_full  column-top-margin\" style='border-radius:0px; '><section class=\"av_textblock_section \"  itemscope=\"itemscope\" itemtype=\"https:\/\/schema.org\/BlogPosting\" itemprop=\"blogPost\" ><div class='avia_textblock  '   itemprop=\"text\" ><p style=\"text-align: center;\"><strong><span style=\"font-size: 18pt;\">Intensa agenda de actividades desarroll\u00f3 delegaci\u00f3n de Virginia Tech en Coyhaique<\/span><\/strong><\/p>\n<div id=\"gtx-trans\" style=\"position: absolute; left: -50px; top: 4.31534px;\">\n<div class=\"gtx-trans-icon\"><\/div>\n<\/div>\n<\/div><\/section><\/div><div class=\"flex_column av_one_full  flex_column_div av-zero-column-padding first  avia-builder-el-4  el_after_av_one_full  el_before_av_hr  column-top-margin\" style='border-radius:0px; '><section class=\"av_textblock_section \"  itemscope=\"itemscope\" itemtype=\"https:\/\/schema.org\/BlogPosting\" itemprop=\"blogPost\" ><div class='avia_textblock  '   itemprop=\"text\" ><ul>\n<li style=\"text-align: justify;\"><em>En la ocasi\u00f3n se reunieron con el equipo del Campus Patagonia UACh, recorrieron las dependencias, visitaron localidades aleda\u00f1as y sostuvieron un encuentro con el Gobernador Regional de Ays\u00e9n.<\/em><\/li>\n<\/ul>\n<p style=\"text-align: justify;\">Una intensa agenda desarroll\u00f3 la delegaci\u00f3n de la universidad Virginia Tech en Coyhaique, oportunidad en la que donde visit\u00f3 las dependencias del Campus Patagonia, realiz\u00f3 algunas actividades en terreno y se reuni\u00f3 con el Gobernador Regional de Ays\u00e9n.<\/p>\n<p style=\"text-align: justify;\">Durante esta visita, la delegaci\u00f3n internacional fue acompa\u00f1ada por el Prorrector, Gustavo Blanco y el Vicerrector de la VIDCA, Luis Miguel Pardo, adem\u00e1s del Director del Campus Patagonia, prof. Juan Carlos Miranda, docentes y funcionarios de la macrounidad.<\/p>\n<p style=\"text-align: justify;\">En la primera jornada de visita se sostuvieron reuniones de coordinaci\u00f3n y an\u00e1lisis de las posibilidades de colaboraci\u00f3n mutua y se recorrieron las dependencias de la universidad en la regi\u00f3n de Ays\u00e9n, poniendo especial atenci\u00f3n en los laboratorios disponibles, tanto para el desarrollo de proyectos vinculados a la ciencia, como para el estudio de f\u00edsica y el an\u00e1lisis de datos derivados del laboratorio eco-clim\u00e1tico que recopila informaci\u00f3n meteorol\u00f3gica en forma permanente.<\/p>\n<p style=\"text-align: justify;\">Posteriormente, la delegaci\u00f3n se traslad\u00f3 hacia la Estancia Villa \u00d1irehuao donde conocieron las actividades tradicionales del sector rural patag\u00f3n.<\/p>\n<p style=\"text-align: justify;\">La segunda jornada estuvo marcada por una audiencia con el Gobernador Regional de Ays\u00e9n, Marcelo Santana Vargas, quien destac\u00f3 la necesidad de desarrollo de ciertos \u00a0sectores productivos que requieren el apoyo de la academia para avanzar, acordando trabajar junto a los profesionales del GORE, para responder a los requerimientos locales.<\/p>\n<p style=\"text-align: justify;\">El \u00faltimo d\u00eda de la visita, la delegaci\u00f3n se traslad\u00f3 hasta la localidad de Villa Cerro Castillo para reunirse con organizaciones sociales locales y con representantes de CONAF a cargo del Parque Nacional Cerro Castillo.<\/p>\n<p style=\"text-align: justify;\">El Prorrector, Gustavo Blanco, se mostr\u00f3 satisfecho con las jornadas de trabajo y valor\u00f3 la recepci\u00f3n de las autoridades regionales de Ays\u00e9n. \u201cHemos tenido una visita muy fruct\u00edfera en t\u00e9rminos muy amistosos y muy cordiales con la delegaci\u00f3n de Virginia Tech, hemos hecho una visita al Campus, hemos estado en terreno visitando una estancia viendo algunas actividades productivas, mostr\u00e1ndoles los paisajes y las potencialidades que esta regi\u00f3n tiene y a trav\u00e9s de distintas reuniones que finalizaron en la Gobernaci\u00f3n Regional con la muy buena recepci\u00f3n del se\u00f1or Gobernador, respecto a la posibilidad que esta alianza tiene para contribuir al desarrollo regional. Creo que se sentaron las bases para una alianza no solamente bipartita entre la universidad y Virginia Tech, sino tambi\u00e9n para ponernos a disposici\u00f3n del Gobierno Regional y las necesidades de la regi\u00f3n\u201d.<\/p>\n<p style=\"text-align: justify;\">Por su parte, el Dr. Gerdhardt Schurig, integrante de la delegaci\u00f3n de Virginia Tech, indic\u00f3 que esta visita super\u00f3 las expectativas que ten\u00edan de este envcuanro. \u201cEl balance es muy positivo, hemos progresado tremendamente en establecer estos programas de intercambio y de movilidad estudiantil, \u00a0en que esperamos que en dos a\u00f1os o quiz\u00e1s tres, van a llegar unos 150 o m\u00e1s estudiantes americanos aqu\u00ed, a estudiar en la regi\u00f3n y obviamente, tiene un efecto econ\u00f3mico, especialmente para Coyhaique. Esto est\u00e1 funcionando muy bien, yo creo que estamos por encima de las expectativas que ten\u00edamos para consolidar este tipo de programas\u201d.<\/p>\n<p style=\"text-align: justify;\">Finalmente, el Director del Campus Patagonia, Prof. Juan Carlos Miranda, realiz\u00f3 un positivo balance la visita. \u201cEl balance es tremendamente auspicioso. Las autoridades de la universidad en el territorio se contactaron con el medio regional y sus principales autoridades, visitaron los posibles alojamientos para las y los estudiantes extranjeros que vendr\u00e1n a Ays\u00e9n, compartieron con la comunidad del Campus Patagonia y recorrieron nuestras instalaciones, destacando el excelente nivel de los espacios, dejando de manifiesto que se han superado las expectativas para esta visita. De acuerdo a lo que nos plante\u00f3 el rector, Dr. Egon Montecinos, es el momento de materializar el convenio entre la Universidad Austral y la Universidad de Virginia Tech\u201d.<\/p>\n<\/div><\/section><\/div><div  style='height:50px' class='hr hr-invisible   avia-builder-el-6  el_after_av_one_full  el_before_av_social_share '><span class='hr-inner ' ><span class='hr-inner-style'><\/span><\/span><\/div><\/p>\n<div  class='av-social-sharing-box  avia-builder-el-7  el_after_av_hr  el_before_av_hr  '><div class='av-share-box'><h5 class='av-share-link-description av-no-toc '>Compartir esta noticia<\/h5><ul class='av-share-box-list noLightbox'><li class='av-share-link av-social-link-facebook' ><a target=\"_blank\" aria-label=\"Compartir en Facebook\" href='https:\/\/www.facebook.com\/sharer.php?u=https:\/\/radiorevelacionfm.cl\/?p=63407&#038;t=Intensa%20agenda%20de%20actividades%20desarroll%C3%B3%20delegaci%C3%B3n%20de%20Virginia%20Tech%20en%20Coyhaique' aria-hidden='false' data-av_icon='\ue8f3' data-av_iconfont='entypo-fontello' title='' data-avia-related-tooltip='Compartir en Facebook' rel=\"noopener\"><span class='avia_hidden_link_text'>Compartir en Facebook<\/span><\/a><\/li><li class='av-share-link av-social-link-twitter' ><a target=\"_blank\" aria-label=\"Compartir en Twitter\" href='https:\/\/twitter.com\/share?text=Intensa%20agenda%20de%20actividades%20desarroll%C3%B3%20delegaci%C3%B3n%20de%20Virginia%20Tech%20en%20Coyhaique&#038;url=https:\/\/radiorevelacionfm.cl\/?p=63407' aria-hidden='false' data-av_icon='\ue8f1' data-av_iconfont='entypo-fontello' title='' data-avia-related-tooltip='Compartir en Twitter' rel=\"noopener\"><span class='avia_hidden_link_text'>Compartir en Twitter<\/span><\/a><\/li><li class='av-share-link av-social-link-whatsapp' ><a target=\"_blank\" aria-label=\"Compartir en Whatsapp\" href='https:\/\/api.whatsapp.com\/send?text=https:\/\/radiorevelacionfm.cl\/?p=63407' aria-hidden='false' data-av_icon='\uf232' data-av_iconfont='entypo-fontello' title='' data-avia-related-tooltip='Compartir en Whatsapp' rel=\"noopener\"><span class='avia_hidden_link_text'>Compartir en Whatsapp<\/span><\/a><\/li><li class='av-share-link av-social-link-linkedin' ><a target=\"_blank\" aria-label=\"Compartir en LinkedIn\" href='https:\/\/linkedin.com\/shareArticle?mini=true&#038;title=Intensa%20agenda%20de%20actividades%20desarroll%C3%B3%20delegaci%C3%B3n%20de%20Virginia%20Tech%20en%20Coyhaique&#038;url=https:\/\/radiorevelacionfm.cl\/?p=63407' aria-hidden='false' data-av_icon='\ue8fc' data-av_iconfont='entypo-fontello' title='' data-avia-related-tooltip='Compartir en LinkedIn' rel=\"noopener\"><span class='avia_hidden_link_text'>Compartir en LinkedIn<\/span><\/a><\/li><li class='av-share-link av-social-link-mail' ><a  aria-label=\"Compartir por correo\" href='mailto:?subject=Intensa%20agenda%20de%20actividades%20desarroll%C3%B3%20delegaci%C3%B3n%20de%20Virginia%20Tech%20en%20Coyhaique&#038;body=https:\/\/radiorevelacionfm.cl\/?p=63407' aria-hidden='false' data-av_icon='\ue805' data-av_iconfont='entypo-fontello' title='' data-avia-related-tooltip='Compartir por correo'><span class='avia_hidden_link_text'>Compartir por correo<\/span><\/a><\/li><\/ul><\/div><\/div>\n<div  style='height:50px' class='hr hr-invisible   avia-builder-el-8  el_after_av_social_share  el_before_av_comments_list '><span class='hr-inner ' ><span class='hr-inner-style'><\/span><\/span><\/div>\n<div  class='av-buildercomment  av-blog-meta-html-info-disabled av-blog-meta-tag-disabled  '><\/div>\n","protected":false},"excerpt":{"rendered":"","protected":false},"author":1,"featured_media":63408,"comment_status":"closed","ping_status":"closed","sticky":false,"template":"","format":"standard","meta":{"footnotes":""},"categories":[49],"tags":[],"class_list":["post-63407","post","type-post","status-publish","format-standard","has-post-thumbnail","hentry","category-educacion"],"jetpack_featured_media_url":"https:\/\/radiorevelacionfm.cl\/wp-content\/uploads\/2026\/01\/virginia-tech5-1_optimized.jpeg","_links":{"self":[{"href":"https:\/\/radiorevelacionfm.cl\/index.php?rest_route=\/wp\/v2\/posts\/63407","targetHints":{"allow":["GET"]}}],"collection":[{"href":"https:\/\/radiorevelacionfm.cl\/index.php?rest_route=\/wp\/v2\/posts"}],"about":[{"href":"https:\/\/radiorevelacionfm.cl\/index.php?rest_route=\/wp\/v2\/types\/post"}],"author":[{"embeddable":true,"href":"https:\/\/radiorevelacionfm.cl\/index.php?rest_route=\/wp\/v2\/users\/1"}],"replies":[{"embeddable":true,"href":"https:\/\/radiorevelacionfm.cl\/index.php?rest_route=%2Fwp%2Fv2%2Fcomments&post=63407"}],"version-history":[{"count":2,"href":"https:\/\/radiorevelacionfm.cl\/index.php?rest_route=\/wp\/v2\/posts\/63407\/revisions"}],"predecessor-version":[{"id":63422,"href":"https:\/\/radiorevelacionfm.cl\/index.php?rest_route=\/wp\/v2\/posts\/63407\/revisions\/63422"}],"wp:featuredmedia":[{"embeddable":true,"href":"https:\/\/radiorevelacionfm.cl\/index.php?rest_route=\/wp\/v2\/media\/63408"}],"wp:attachment":[{"href":"https:\/\/radiorevelacionfm.cl\/index.php?rest_route=%2Fwp%2Fv2%2Fmedia&parent=63407"}],"wp:term":[{"taxonomy":"category","embeddable":true,"href":"https:\/\/radiorevelacionfm.cl\/index.php?rest_route=%2Fwp%2Fv2%2Fcategories&post=63407"},{"taxonomy":"post_tag","embeddable":true,"href":"https:\/\/radiorevelacionfm.cl\/index.php?rest_route=%2Fwp%2Fv2%2Ftags&post=63407"}],"curies":[{"name":"wp","href":"https:\/\/api.w.org\/{rel}","templated":true}]}}