{"id":63404,"date":"2026-01-16T18:00:48","date_gmt":"2026-01-16T21:00:48","guid":{"rendered":"https:\/\/radiorevelacionfm.cl\/?p=63404"},"modified":"2026-01-16T18:00:48","modified_gmt":"2026-01-16T21:00:48","slug":"dos-organizaciones-de-aysen-se-adjudican-fondos-paocc-2026","status":"publish","type":"post","link":"https:\/\/radiorevelacionfm.cl\/?p=63404","title":{"rendered":"Dos organizaciones de Ays\u00e9n se adjudican fondos PAOCC 2026"},"content":{"rendered":"<div class=\"flex_column av_one_full  flex_column_div av-zero-column-padding first  avia-builder-el-0  el_before_av_one_full  avia-builder-el-first  \" style='border-radius:0px; '><div  class='avia-image-container  av-styling-    avia-builder-el-1  avia-builder-el-no-sibling  avia-align-center '  itemprop=\"image\" itemscope=\"itemscope\" itemtype=\"https:\/\/schema.org\/ImageObject\"  ><div class='avia-image-container-inner'><div class='avia-image-overlay-wrap'><img decoding=\"async\" class='wp-image-63405 avia-img-lazy-loading-not-63405 avia_image' src=\"https:\/\/radiorevelacionfm.cl\/wp-content\/uploads\/2026\/01\/zingara-paocc-1-2-1_optimized.jpg\" alt='' title='zingara-paocc-(1)-(2)-(1)_optimized' height=\"600\" width=\"1072\"  itemprop=\"thumbnailUrl\" srcset=\"https:\/\/radiorevelacionfm.cl\/wp-content\/uploads\/2026\/01\/zingara-paocc-1-2-1_optimized.jpg 1072w, https:\/\/radiorevelacionfm.cl\/wp-content\/uploads\/2026\/01\/zingara-paocc-1-2-1_optimized-300x168.jpg 300w, https:\/\/radiorevelacionfm.cl\/wp-content\/uploads\/2026\/01\/zingara-paocc-1-2-1_optimized-1030x576.jpg 1030w, https:\/\/radiorevelacionfm.cl\/wp-content\/uploads\/2026\/01\/zingara-paocc-1-2-1_optimized-768x430.jpg 768w, https:\/\/radiorevelacionfm.cl\/wp-content\/uploads\/2026\/01\/zingara-paocc-1-2-1_optimized-705x395.jpg 705w, https:\/\/radiorevelacionfm.cl\/wp-content\/uploads\/2026\/01\/zingara-paocc-1-2-1_optimized-450x252.jpg 450w, https:\/\/radiorevelacionfm.cl\/wp-content\/uploads\/2026\/01\/zingara-paocc-1-2-1_optimized-600x336.jpg 600w\" sizes=\"(max-width: 1072px) 100vw, 1072px\" \/><\/div><\/div><\/div><\/div><div class=\"flex_column av_one_full  flex_column_div av-zero-column-padding first  avia-builder-el-2  el_after_av_one_full  el_before_av_one_full  column-top-margin\" style='border-radius:0px; '><section class=\"av_textblock_section \"  itemscope=\"itemscope\" itemtype=\"https:\/\/schema.org\/BlogPosting\" itemprop=\"blogPost\" ><div class='avia_textblock  '   itemprop=\"text\" ><p style=\"text-align: center;\"><strong><span style=\"font-size: 18pt;\">Dos organizaciones de Ays\u00e9n se adjudican fondos PAOCC 2026<\/span><\/strong><\/p>\n<div id=\"gtx-trans\" style=\"position: absolute; left: -50px; top: 4.31534px;\">\n<div class=\"gtx-trans-icon\"><\/div>\n<\/div>\n<\/div><\/section><\/div><div class=\"flex_column av_one_full  flex_column_div av-zero-column-padding first  avia-builder-el-4  el_after_av_one_full  el_before_av_hr  column-top-margin\" style='border-radius:0px; '><section class=\"av_textblock_section \"  itemscope=\"itemscope\" itemtype=\"https:\/\/schema.org\/BlogPosting\" itemprop=\"blogPost\" ><div class='avia_textblock  '   itemprop=\"text\" ><p style=\"text-align: justify;\">La Escuela de Danzas Z\u00edngara y Teatro Austral se adjudicaron fondos del Programa de Apoyo a Organizaciones Culturales Colaboradoras del Ministerio de las Culturas para ejecutar sus planes de gesti\u00f3n o parte fundamental de estos durante este a\u00f1o 2026.<\/p>\n<p style=\"text-align: justify;\">El Ministerio de las Culturas, las Artes y el Patrimonio entreg\u00f3 los primeros resultados del PAOCC que corresponden a organizaciones que reci\u00e9n se incorporan al programa y otras que renuevan por un a\u00f1o el financiamiento para su trabajo art\u00edstico cultural.<\/p>\n<p style=\"text-align: justify;\">El seremi de Culturas Ays\u00e9n, Felipe Quiroz, dijo sentirse satisfecho \u201cpor una importante cantidad de recursos que se invierten en la vida cultural de las y los habitantes de Ays\u00e9n, a trav\u00e9s de organizaciones que han consolidado su trabajo tanto en oferta program\u00e1tica como en espacios de formaci\u00f3n. En ambos casos, Z\u00edngara y Teatro Austral, convocan anualmente a cientos de personas que disfrutan, gracias al trabajo constante de sus equipos y su perseverancia en nuestros procesos de convocatoria\u201d.<\/p>\n<p style=\"text-align: justify;\">Ivon Lejonagoitia, directora de Z\u00edngara, dijo que est\u00e1n \u201cmuy contentas y orgullosas de haber obtenido nuevamente el financiamiento en la l\u00ednea de continuidad dentro del PAOCC 2026. Esto nos va a permitir ejecutar la cuarta versi\u00f3n de nuestro proyecto Z\u00edngara Danza Comunidad. Tambi\u00e9n estamos supercontentas porque hemos sacado un puntaje bastante alto y quedamos en el lugar n\u00famero 17 a nivel nacional. Esto nos permite apreciar una buena evaluaci\u00f3n considerando que estamos compitiendo con uno mismo y cumpliendo las metas que nos estamos poniendo y los indicadores que nos ponen a nivel nacional. Eso es muy gratificante. Estos fondos nos permiten ampliar la ejecuci\u00f3n del programa todo el a\u00f1o\u201d.<\/p>\n<p style=\"text-align: justify;\">Z\u00edngara anuncia que este 2026 habr\u00e1 nuevos talleres de diversas disciplinas, en modalidad intensiva y algunos, por primera vez, en verano. Adem\u00e1s, regresan las clases abiertas y los laboratorios de exploraci\u00f3n de la danza.<\/p>\n<p style=\"text-align: justify;\">El Programa de Apoyo a Organizaciones Culturales Colaboradoras entrega financiamiento para generar programaci\u00f3n, implementar acciones de participaci\u00f3n y fomentar la creaci\u00f3n y la experimentaci\u00f3n art\u00edstica para consolidar los equipos de trabajo y mantener o aumentar la oferta art\u00edstica disponible en cada una de las regiones.<\/p>\n<p style=\"text-align: justify;\">Los nuevos ganadores del PAOCC 2026 se suman a la Agrupaci\u00f3n Malotun Ortiga, Memoria Austral y Pulso Austral, quienes reciben financiamiento directo a trav\u00e9s de la glosa presupuestaria del Mincap.<\/p>\n<p style=\"text-align: justify;\">En todo el pa\u00eds, el Ministerio de las Culturas est\u00e1 destinando m\u00e1s de 5000 millones de pesos a financiar planes de gesti\u00f3n de 78 organizaciones culturales, 42 de las cuales postularon bajo la modalidad de Continuidad y 36 en la convocatoria de Ingreso.<\/p>\n<\/div><\/section><\/div><div  style='height:50px' class='hr hr-invisible   avia-builder-el-6  el_after_av_one_full  el_before_av_social_share '><span class='hr-inner ' ><span class='hr-inner-style'><\/span><\/span><\/div><\/p>\n<div  class='av-social-sharing-box  avia-builder-el-7  el_after_av_hr  el_before_av_hr  '><div class='av-share-box'><h5 class='av-share-link-description av-no-toc '>Compartir esta noticia<\/h5><ul class='av-share-box-list noLightbox'><li class='av-share-link av-social-link-facebook' ><a target=\"_blank\" aria-label=\"Compartir en Facebook\" href='https:\/\/www.facebook.com\/sharer.php?u=https:\/\/radiorevelacionfm.cl\/?p=63404&#038;t=Dos%20organizaciones%20de%20Ays%C3%A9n%20se%20adjudican%20fondos%20PAOCC%202026' aria-hidden='false' data-av_icon='\ue8f3' data-av_iconfont='entypo-fontello' title='' data-avia-related-tooltip='Compartir en Facebook' rel=\"noopener\"><span class='avia_hidden_link_text'>Compartir en Facebook<\/span><\/a><\/li><li class='av-share-link av-social-link-twitter' ><a target=\"_blank\" aria-label=\"Compartir en Twitter\" href='https:\/\/twitter.com\/share?text=Dos%20organizaciones%20de%20Ays%C3%A9n%20se%20adjudican%20fondos%20PAOCC%202026&#038;url=https:\/\/radiorevelacionfm.cl\/?p=63404' aria-hidden='false' data-av_icon='\ue8f1' data-av_iconfont='entypo-fontello' title='' data-avia-related-tooltip='Compartir en Twitter' rel=\"noopener\"><span class='avia_hidden_link_text'>Compartir en Twitter<\/span><\/a><\/li><li class='av-share-link av-social-link-whatsapp' ><a target=\"_blank\" aria-label=\"Compartir en Whatsapp\" href='https:\/\/api.whatsapp.com\/send?text=https:\/\/radiorevelacionfm.cl\/?p=63404' aria-hidden='false' data-av_icon='\uf232' data-av_iconfont='entypo-fontello' title='' data-avia-related-tooltip='Compartir en Whatsapp' rel=\"noopener\"><span class='avia_hidden_link_text'>Compartir en Whatsapp<\/span><\/a><\/li><li class='av-share-link av-social-link-linkedin' ><a target=\"_blank\" aria-label=\"Compartir en LinkedIn\" href='https:\/\/linkedin.com\/shareArticle?mini=true&#038;title=Dos%20organizaciones%20de%20Ays%C3%A9n%20se%20adjudican%20fondos%20PAOCC%202026&#038;url=https:\/\/radiorevelacionfm.cl\/?p=63404' aria-hidden='false' data-av_icon='\ue8fc' data-av_iconfont='entypo-fontello' title='' data-avia-related-tooltip='Compartir en LinkedIn' rel=\"noopener\"><span class='avia_hidden_link_text'>Compartir en LinkedIn<\/span><\/a><\/li><li class='av-share-link av-social-link-mail' ><a  aria-label=\"Compartir por correo\" href='mailto:?subject=Dos%20organizaciones%20de%20Ays%C3%A9n%20se%20adjudican%20fondos%20PAOCC%202026&#038;body=https:\/\/radiorevelacionfm.cl\/?p=63404' aria-hidden='false' data-av_icon='\ue805' data-av_iconfont='entypo-fontello' title='' data-avia-related-tooltip='Compartir por correo'><span class='avia_hidden_link_text'>Compartir por correo<\/span><\/a><\/li><\/ul><\/div><\/div>\n<div  style='height:50px' class='hr hr-invisible   avia-builder-el-8  el_after_av_social_share  el_before_av_comments_list '><span class='hr-inner ' ><span class='hr-inner-style'><\/span><\/span><\/div>\n<div  class='av-buildercomment  av-blog-meta-html-info-disabled av-blog-meta-tag-disabled  '><\/div>\n","protected":false},"excerpt":{"rendered":"","protected":false},"author":1,"featured_media":63405,"comment_status":"closed","ping_status":"closed","sticky":false,"template":"","format":"standard","meta":{"footnotes":""},"categories":[52],"tags":[],"class_list":["post-63404","post","type-post","status-publish","format-standard","has-post-thumbnail","hentry","category-cultura"],"jetpack_featured_media_url":"https:\/\/radiorevelacionfm.cl\/wp-content\/uploads\/2026\/01\/zingara-paocc-1-2-1_optimized.jpg","_links":{"self":[{"href":"https:\/\/radiorevelacionfm.cl\/index.php?rest_route=\/wp\/v2\/posts\/63404","targetHints":{"allow":["GET"]}}],"collection":[{"href":"https:\/\/radiorevelacionfm.cl\/index.php?rest_route=\/wp\/v2\/posts"}],"about":[{"href":"https:\/\/radiorevelacionfm.cl\/index.php?rest_route=\/wp\/v2\/types\/post"}],"author":[{"embeddable":true,"href":"https:\/\/radiorevelacionfm.cl\/index.php?rest_route=\/wp\/v2\/users\/1"}],"replies":[{"embeddable":true,"href":"https:\/\/radiorevelacionfm.cl\/index.php?rest_route=%2Fwp%2Fv2%2Fcomments&post=63404"}],"version-history":[{"count":2,"href":"https:\/\/radiorevelacionfm.cl\/index.php?rest_route=\/wp\/v2\/posts\/63404\/revisions"}],"predecessor-version":[{"id":63416,"href":"https:\/\/radiorevelacionfm.cl\/index.php?rest_route=\/wp\/v2\/posts\/63404\/revisions\/63416"}],"wp:featuredmedia":[{"embeddable":true,"href":"https:\/\/radiorevelacionfm.cl\/index.php?rest_route=\/wp\/v2\/media\/63405"}],"wp:attachment":[{"href":"https:\/\/radiorevelacionfm.cl\/index.php?rest_route=%2Fwp%2Fv2%2Fmedia&parent=63404"}],"wp:term":[{"taxonomy":"category","embeddable":true,"href":"https:\/\/radiorevelacionfm.cl\/index.php?rest_route=%2Fwp%2Fv2%2Fcategories&post=63404"},{"taxonomy":"post_tag","embeddable":true,"href":"https:\/\/radiorevelacionfm.cl\/index.php?rest_route=%2Fwp%2Fv2%2Ftags&post=63404"}],"curies":[{"name":"wp","href":"https:\/\/api.w.org\/{rel}","templated":true}]}}