{"id":63400,"date":"2026-01-16T17:03:44","date_gmt":"2026-01-16T20:03:44","guid":{"rendered":"https:\/\/radiorevelacionfm.cl\/?p=63400"},"modified":"2026-01-16T17:03:44","modified_gmt":"2026-01-16T20:03:44","slug":"veinte-personas-de-chile-chico-potencian-sus-emprendimientos-con-apoyo-del-fosis","status":"publish","type":"post","link":"https:\/\/radiorevelacionfm.cl\/?p=63400","title":{"rendered":"Veinte personas de Chile Chico potencian sus emprendimientos con apoyo del FOSIS"},"content":{"rendered":"<div class=\"flex_column av_one_full  flex_column_div av-zero-column-padding first  avia-builder-el-0  el_before_av_one_full  avia-builder-el-first  \" style='border-radius:0px; '><div  class='avia-image-container  av-styling-    avia-builder-el-1  avia-builder-el-no-sibling  avia-align-center '  itemprop=\"image\" itemscope=\"itemscope\" itemtype=\"https:\/\/schema.org\/ImageObject\"  ><div class='avia-image-container-inner'><div class='avia-image-overlay-wrap'><img decoding=\"async\" class='wp-image-63401 avia-img-lazy-loading-not-63401 avia_image' src=\"https:\/\/radiorevelacionfm.cl\/wp-content\/uploads\/2026\/01\/2-eb-chch-1_optimized-1.jpeg\" alt='' title='2-eb-chch-(1)_optimized (1)' height=\"600\" width=\"1067\"  itemprop=\"thumbnailUrl\" srcset=\"https:\/\/radiorevelacionfm.cl\/wp-content\/uploads\/2026\/01\/2-eb-chch-1_optimized-1.jpeg 1067w, https:\/\/radiorevelacionfm.cl\/wp-content\/uploads\/2026\/01\/2-eb-chch-1_optimized-1-300x169.jpeg 300w, https:\/\/radiorevelacionfm.cl\/wp-content\/uploads\/2026\/01\/2-eb-chch-1_optimized-1-1030x579.jpeg 1030w, https:\/\/radiorevelacionfm.cl\/wp-content\/uploads\/2026\/01\/2-eb-chch-1_optimized-1-768x432.jpeg 768w, https:\/\/radiorevelacionfm.cl\/wp-content\/uploads\/2026\/01\/2-eb-chch-1_optimized-1-705x396.jpeg 705w, https:\/\/radiorevelacionfm.cl\/wp-content\/uploads\/2026\/01\/2-eb-chch-1_optimized-1-450x253.jpeg 450w, https:\/\/radiorevelacionfm.cl\/wp-content\/uploads\/2026\/01\/2-eb-chch-1_optimized-1-600x337.jpeg 600w\" sizes=\"(max-width: 1067px) 100vw, 1067px\" \/><\/div><\/div><\/div><\/div><div class=\"flex_column av_one_full  flex_column_div av-zero-column-padding first  avia-builder-el-2  el_after_av_one_full  el_before_av_one_full  column-top-margin\" style='border-radius:0px; '><section class=\"av_textblock_section \"  itemscope=\"itemscope\" itemtype=\"https:\/\/schema.org\/BlogPosting\" itemprop=\"blogPost\" ><div class='avia_textblock  '   itemprop=\"text\" ><p style=\"text-align: center;\"><strong><span style=\"font-size: 18pt;\">Veinte personas de Chile Chico potencian sus emprendimientos con apoyo del FOSIS<\/span><\/strong><\/p>\n<div id=\"gtx-trans\" style=\"position: absolute; left: -50px; top: 4.31534px;\">\n<div class=\"gtx-trans-icon\"><\/div>\n<\/div>\n<\/div><\/section><\/div><div class=\"flex_column av_one_full  flex_column_div av-zero-column-padding first  avia-builder-el-4  el_after_av_one_full  el_before_av_hr  column-top-margin\" style='border-radius:0px; '><section class=\"av_textblock_section \"  itemscope=\"itemscope\" itemtype=\"https:\/\/schema.org\/BlogPosting\" itemprop=\"blogPost\" ><div class='avia_textblock  '   itemprop=\"text\" ><ul>\n<li style=\"text-align: justify;\"><em>Personas emprendedoras de Mall\u00edn Grande, Bah\u00eda Jara y Chile Chico recibieron capacitaci\u00f3n, asesor\u00eda y financiamiento para desarrollar sus negocios, gracias al programa Emprendamos.<\/em><\/li>\n<\/ul>\n<p style=\"text-align: justify;\">La ceremonia de certificaci\u00f3n y muestra de emprendimientos del programa Emprendamos B\u00e1sico, financiado por el Fondo de Solidaridad e Inversi\u00f3n Social, FOSIS, se realiz\u00f3 en el Terminal de Buses de Chile Chico y cont\u00f3 con la participaci\u00f3n del delegado presidencial provincial, Crist\u00f3bal Barcel\u00f3; el alcalde de Chile Chico, Ariel Keim y concejales de la comuna, quienes compartieron con las personas emprendedoras que finalizaron exitosamente su participaci\u00f3n en el proyecto.<\/p>\n<p style=\"text-align: justify;\">La actividad cont\u00f3 con una muestra de algunos de los emprendimientos que fueron parte de este proyecto, donde destacaron iniciativas como reposter\u00eda, tejidos, paintball, comida r\u00e1pida, ropa reciclada, accesorio y un huerto agroecol\u00f3gico. Durante la ceremonia las autoridades presentes hicieron entrega de los certificados de participaci\u00f3n del programa a las personas emprendedoras que asistieron.<\/p>\n<p style=\"text-align: justify;\">La emprendedora de Huerto Kosten, Rubi Quizas, valor\u00f3 el apoyo y agreg\u00f3 que \u201cestoy muy agradecida del programa ya que impulsa a todos estos peque\u00f1os emprendimientos que en alg\u00fan momento ya somos grandes negocios y que todo es a beneficio de la comunidad. Estoy muy contenta de este otro gran paso que estamos dando. El 90% de incentivo que recib\u00ed lo utilic\u00e9 para herramientas agr\u00edcolas que son beneficiosas para el trabajo del d\u00eda a d\u00eda, el bienestar de la columna y posicionamiento\u201d.<\/p>\n<p style=\"text-align: justify;\">Crist\u00f3bal Barcel\u00f3, delegado presidencial provincial de General Carrera, destac\u00f3 el aporte que significan estas instancias para el fortalecimiento del emprendimiento local. \u201cEstos programas del Ministerio de Desarrollo Social y Familia, del FOSIS principalmente, est\u00e1n enfocados en poder levantar estos requerimientos de personas que hoy est\u00e1n con una idea, que hoy est\u00e1n iniciando un peque\u00f1o negocio, que necesitan este impulso y acompa\u00f1amiento para que les entregue una respuesta que sea beneficiosa para su familia\u201d.<\/p>\n<p style=\"text-align: justify;\">El alcalde de Chile Chico, Ariel Keim, asegur\u00f3 que \u201cvemos reflejado el entusiasmo de nuestros vecinos y vecinas para poder sacar adelante cada una de sus iniciativas y con programas como estos dan un paso importante para poder seguir desarrollando una actividad econ\u00f3mica que permite generar un mejor bienestar para ellos y sus familias. Quiero felicitarlos y agradecer al FOSIS que haya decidido considerar a nuestra comuna en un programa tan importante como lo es esta iniciativa que se ha ejecutado en Chile Chico\u201d.<\/p>\n<p style=\"text-align: justify;\">Los programas de emprendimiento del FOSIS buscan apoyar a personas que desarrollan actividades econ\u00f3micas de manera aut\u00f3noma y que se encuentran desocupadas o buscan un trabajo por primera vez, para que puedan generar ingresos a trav\u00e9s de un negocio o servicio, haciendo uso de sus capacidades para mejorar su condici\u00f3n de vida a trav\u00e9s del emprendimiento.<\/p>\n<\/div><\/section><\/div><div  style='height:50px' class='hr hr-invisible   avia-builder-el-6  el_after_av_one_full  el_before_av_social_share '><span class='hr-inner ' ><span class='hr-inner-style'><\/span><\/span><\/div><\/p>\n<div  class='av-social-sharing-box  avia-builder-el-7  el_after_av_hr  el_before_av_hr  '><div class='av-share-box'><h5 class='av-share-link-description av-no-toc '>Compartir esta noticia<\/h5><ul class='av-share-box-list noLightbox'><li class='av-share-link av-social-link-facebook' ><a target=\"_blank\" aria-label=\"Compartir en Facebook\" href='https:\/\/www.facebook.com\/sharer.php?u=https:\/\/radiorevelacionfm.cl\/?p=63400&#038;t=Veinte%20personas%20de%20Chile%20Chico%20potencian%20sus%20emprendimientos%20con%20apoyo%20del%20FOSIS' aria-hidden='false' data-av_icon='\ue8f3' data-av_iconfont='entypo-fontello' title='' data-avia-related-tooltip='Compartir en Facebook' rel=\"noopener\"><span class='avia_hidden_link_text'>Compartir en Facebook<\/span><\/a><\/li><li class='av-share-link av-social-link-twitter' ><a target=\"_blank\" aria-label=\"Compartir en Twitter\" href='https:\/\/twitter.com\/share?text=Veinte%20personas%20de%20Chile%20Chico%20potencian%20sus%20emprendimientos%20con%20apoyo%20del%20FOSIS&#038;url=https:\/\/radiorevelacionfm.cl\/?p=63400' aria-hidden='false' data-av_icon='\ue8f1' data-av_iconfont='entypo-fontello' title='' data-avia-related-tooltip='Compartir en Twitter' rel=\"noopener\"><span class='avia_hidden_link_text'>Compartir en Twitter<\/span><\/a><\/li><li class='av-share-link av-social-link-whatsapp' ><a target=\"_blank\" aria-label=\"Compartir en Whatsapp\" href='https:\/\/api.whatsapp.com\/send?text=https:\/\/radiorevelacionfm.cl\/?p=63400' aria-hidden='false' data-av_icon='\uf232' data-av_iconfont='entypo-fontello' title='' data-avia-related-tooltip='Compartir en Whatsapp' rel=\"noopener\"><span class='avia_hidden_link_text'>Compartir en Whatsapp<\/span><\/a><\/li><li class='av-share-link av-social-link-linkedin' ><a target=\"_blank\" aria-label=\"Compartir en LinkedIn\" href='https:\/\/linkedin.com\/shareArticle?mini=true&#038;title=Veinte%20personas%20de%20Chile%20Chico%20potencian%20sus%20emprendimientos%20con%20apoyo%20del%20FOSIS&#038;url=https:\/\/radiorevelacionfm.cl\/?p=63400' aria-hidden='false' data-av_icon='\ue8fc' data-av_iconfont='entypo-fontello' title='' data-avia-related-tooltip='Compartir en LinkedIn' rel=\"noopener\"><span class='avia_hidden_link_text'>Compartir en LinkedIn<\/span><\/a><\/li><li class='av-share-link av-social-link-mail' ><a  aria-label=\"Compartir por correo\" href='mailto:?subject=Veinte%20personas%20de%20Chile%20Chico%20potencian%20sus%20emprendimientos%20con%20apoyo%20del%20FOSIS&#038;body=https:\/\/radiorevelacionfm.cl\/?p=63400' aria-hidden='false' data-av_icon='\ue805' data-av_iconfont='entypo-fontello' title='' data-avia-related-tooltip='Compartir por correo'><span class='avia_hidden_link_text'>Compartir por correo<\/span><\/a><\/li><\/ul><\/div><\/div>\n<div  style='height:50px' class='hr hr-invisible   avia-builder-el-8  el_after_av_social_share  el_before_av_comments_list '><span class='hr-inner ' ><span class='hr-inner-style'><\/span><\/span><\/div>\n<div  class='av-buildercomment  av-blog-meta-html-info-disabled av-blog-meta-tag-disabled  '><\/div>\n","protected":false},"excerpt":{"rendered":"","protected":false},"author":1,"featured_media":63401,"comment_status":"closed","ping_status":"closed","sticky":false,"template":"","format":"standard","meta":{"footnotes":""},"categories":[38],"tags":[],"class_list":["post-63400","post","type-post","status-publish","format-standard","has-post-thumbnail","hentry","category-regional"],"jetpack_featured_media_url":"https:\/\/radiorevelacionfm.cl\/wp-content\/uploads\/2026\/01\/2-eb-chch-1_optimized-1.jpeg","_links":{"self":[{"href":"https:\/\/radiorevelacionfm.cl\/index.php?rest_route=\/wp\/v2\/posts\/63400","targetHints":{"allow":["GET"]}}],"collection":[{"href":"https:\/\/radiorevelacionfm.cl\/index.php?rest_route=\/wp\/v2\/posts"}],"about":[{"href":"https:\/\/radiorevelacionfm.cl\/index.php?rest_route=\/wp\/v2\/types\/post"}],"author":[{"embeddable":true,"href":"https:\/\/radiorevelacionfm.cl\/index.php?rest_route=\/wp\/v2\/users\/1"}],"replies":[{"embeddable":true,"href":"https:\/\/radiorevelacionfm.cl\/index.php?rest_route=%2Fwp%2Fv2%2Fcomments&post=63400"}],"version-history":[{"count":2,"href":"https:\/\/radiorevelacionfm.cl\/index.php?rest_route=\/wp\/v2\/posts\/63400\/revisions"}],"predecessor-version":[{"id":63403,"href":"https:\/\/radiorevelacionfm.cl\/index.php?rest_route=\/wp\/v2\/posts\/63400\/revisions\/63403"}],"wp:featuredmedia":[{"embeddable":true,"href":"https:\/\/radiorevelacionfm.cl\/index.php?rest_route=\/wp\/v2\/media\/63401"}],"wp:attachment":[{"href":"https:\/\/radiorevelacionfm.cl\/index.php?rest_route=%2Fwp%2Fv2%2Fmedia&parent=63400"}],"wp:term":[{"taxonomy":"category","embeddable":true,"href":"https:\/\/radiorevelacionfm.cl\/index.php?rest_route=%2Fwp%2Fv2%2Fcategories&post=63400"},{"taxonomy":"post_tag","embeddable":true,"href":"https:\/\/radiorevelacionfm.cl\/index.php?rest_route=%2Fwp%2Fv2%2Ftags&post=63400"}],"curies":[{"name":"wp","href":"https:\/\/api.w.org\/{rel}","templated":true}]}}