{"id":6340,"date":"2021-07-16T12:41:58","date_gmt":"2021-07-16T15:41:58","guid":{"rendered":"https:\/\/radiorevelacionfm.cl\/?p=6340"},"modified":"2021-07-16T12:41:58","modified_gmt":"2021-07-16T15:41:58","slug":"hasta-el-31-de-julio-estan-abiertas-postulaciones-para-asistente-policial-de-la-pdi","status":"publish","type":"post","link":"https:\/\/radiorevelacionfm.cl\/?p=6340","title":{"rendered":"Hasta el 31 de julio est\u00e1n abiertas postulaciones para Asistente Policial de la PDI"},"content":{"rendered":"<div class=\"flex_column av_one_full  flex_column_div av-zero-column-padding first  avia-builder-el-0  el_before_av_one_full  avia-builder-el-first  \" style='border-radius:0px; '><div  class='avia-image-container  av-styling-    avia-builder-el-1  avia-builder-el-no-sibling  avia-align-center '  itemprop=\"image\" itemscope=\"itemscope\" itemtype=\"https:\/\/schema.org\/ImageObject\"  ><div class='avia-image-container-inner'><div class='avia-image-overlay-wrap'><img decoding=\"async\" class='wp-image-6341 avia-img-lazy-loading-not-6341 avia_image' src=\"https:\/\/radiorevelacionfm.cl\/wp-content\/uploads\/2021\/07\/ap-pdi-002-1-1.jpg\" alt='' title='ap pdi 002 (1) (1)' height=\"600\" width=\"1000\"  itemprop=\"thumbnailUrl\" srcset=\"https:\/\/radiorevelacionfm.cl\/wp-content\/uploads\/2021\/07\/ap-pdi-002-1-1.jpg 1000w, https:\/\/radiorevelacionfm.cl\/wp-content\/uploads\/2021\/07\/ap-pdi-002-1-1-300x180.jpg 300w, https:\/\/radiorevelacionfm.cl\/wp-content\/uploads\/2021\/07\/ap-pdi-002-1-1-768x461.jpg 768w, https:\/\/radiorevelacionfm.cl\/wp-content\/uploads\/2021\/07\/ap-pdi-002-1-1-705x423.jpg 705w, https:\/\/radiorevelacionfm.cl\/wp-content\/uploads\/2021\/07\/ap-pdi-002-1-1-600x360.jpg 600w\" sizes=\"(max-width: 1000px) 100vw, 1000px\" \/><\/div><\/div><\/div><\/div><div class=\"flex_column av_one_full  flex_column_div av-zero-column-padding first  avia-builder-el-2  el_after_av_one_full  el_before_av_one_full  column-top-margin\" style='border-radius:0px; '><section class=\"av_textblock_section \"  itemscope=\"itemscope\" itemtype=\"https:\/\/schema.org\/BlogPosting\" itemprop=\"blogPost\" ><div class='avia_textblock  '   itemprop=\"text\" ><p style=\"text-align: center;\"><strong><span style=\"font-size: 18pt;\">Hasta el 31 de julio est\u00e1n abiertas postulaciones para Asistente Policial de la PDI<\/span><\/strong><\/p>\n<div id=\"gtx-trans\" style=\"position: absolute; left: -50px; top: 4.31534px;\">\n<div class=\"gtx-trans-icon\"><\/div>\n<\/div>\n<\/div><\/section><\/div><div class=\"flex_column av_one_full  flex_column_div av-zero-column-padding first  avia-builder-el-4  el_after_av_one_full  el_before_av_hr  column-top-margin\" style='border-radius:0px; '><section class=\"av_textblock_section \"  itemscope=\"itemscope\" itemtype=\"https:\/\/schema.org\/BlogPosting\" itemprop=\"blogPost\" ><div class='avia_textblock  '   itemprop=\"text\" ><p style=\"text-align: justify;\">La Polic\u00eda de Investigaciones de Chile mantendr\u00e1 hasta el 31 de julio el llamado al proceso de postulaci\u00f3n al Centro de Capacitaci\u00f3n Policial (CECAPRO) para el cargo de Asistente Policial en su proceso anual de admisi\u00f3n 2022.<\/p>\n<p style=\"text-align: justify;\">Entre las principales \u00e1reas de desempe\u00f1o que desarrollan -como apoyo a la labor investigativa que realizan los detectives- se cuentan las brigadas y equipos de reacci\u00f3n t\u00e1ctica, el control migratorio y la recuperaci\u00f3n de evidencias en los Sitios del Suceso.<\/p>\n<p style=\"text-align: justify;\">El nuevo plan de estudios para la formaci\u00f3n de asistentes policiales considera tres l\u00edneas formativas: Derechos Humanos y Normativa Institucional; Operaciones Policiales, y Control Migratorio y Sitio del Suceso.<\/p>\n<p style=\"text-align: justify;\">La malla se orienta a la especializaci\u00f3n en las materias se\u00f1aladas, permitiendo desempe\u00f1arse en las funciones y \u00e1reas como Operador t\u00e1ctico en las Brigadas y Equipos de Reacci\u00f3n T\u00e1ctica; Control migratorio; Recuperador Criminal\u00edstico, en los Sitios del Suceso, apoyando la labor de los Laboratorios de Criminal\u00edstica; Gu\u00eda Canino; Apoyo a las investigaciones de los Equipos de Microtr\u00e1fico Cero, MT-0; Protecci\u00f3n de personas importantes, tanto en Chile como en el extranjero; Centro de toma de denuncia; y Seguridad de complejos policiales.<\/p>\n<p style=\"text-align: justify;\">Pueden postular j\u00f3venes chilenos, hombres y mujeres entre 18 y 27 a\u00f1os (en caso de tener sobre esta edad, puede solicitar una dispensa de postulaci\u00f3n al correo electr\u00f3nico <a href=\"mailto:admision.cecapro@investigaciones.cl\">admision.cecapro@investigaciones.cl<\/a>, la cual ser\u00e1 respondida como ACEPTADA o NO ACEPTADA por el Director del Cecapro), con salud y condici\u00f3n f\u00edsica compatible con el desempe\u00f1o del cargo, y que no est\u00e9n inhabilitados para el ejercicio de funciones p\u00fablicas o que hayan sido condenados por delito alguno.<\/p>\n<p style=\"text-align: justify;\">Los postulantes deber\u00e1n tener la ense\u00f1anza media aprobada o estar cursando 4\u00ba medio, y contar con licencia de conducir clase B o profesional. Asimismo, los antecedentes personales y familiares deber\u00e1n ser intachables.<\/p>\n<p style=\"text-align: justify;\">El proceso de selecci\u00f3n contempla una evaluaci\u00f3n psicot\u00e9cnica y otra psicolaboral, adem\u00e1s de ex\u00e1menes m\u00e9dicos, un control pr\u00e1ctico de conducci\u00f3n, las respectivas pruebas de aptitud f\u00edsica y la declaraci\u00f3n de historial personal. Cabe se\u00f1alar que los seleccionados se integrar\u00e1n a partir del 2022 al curso de formaci\u00f3n e iniciar\u00e1n una carrera como parte de la Polic\u00eda de Investigaciones de Chile. Cabe destacar que tanto la postulaci\u00f3n como el arancel son gratuitos.<\/p>\n<p style=\"text-align: justify;\">Los detalles de la convocatoria se encuentran en el sitio web <a href=\"http:\/\/www.cecapro.cl\">www.cecapro.cl<\/a>, donde tambi\u00e9n podr\u00e1n iniciar su postulaci\u00f3n online, para lo cual deben contar con su Clave \u00danica.<\/p>\n<p style=\"text-align: justify;\">El actual proceso ha sido reestructurado para adecuarse tanto a las necesidades de la sociedad, como a la evoluci\u00f3n de la criminalidad y del Sistema de Persecuci\u00f3n Penal de los delitos en Chile.<\/p>\n<p style=\"text-align: justify;\">Ello implica que su formaci\u00f3n, de dos a\u00f1os, se realizar\u00e1 con las siguientes modalidades: durante 2022, el curso ser\u00e1 presencial. Al finalizar ser\u00e1 nombrado oficialmente como Asistente Policial. Al a\u00f1o siguiente, deber\u00e1 continuar con su capacitaci\u00f3n en la modalidad B-Learning (que combina clases presenciales con virtuales), pero ya estar\u00e1 ejerciendo su actividad laboral propia de su cargo y recibiendo la correspondiente remuneraci\u00f3n.<\/p>\n<p style=\"text-align: justify;\">Con el llamado \u201cEl apoyo a la investigaci\u00f3n est\u00e1 en tu ADN\u201d, la actual campa\u00f1a de admisi\u00f3n releva la posibilidad de acceder a una carrera en una de las instituciones m\u00e1s valoradas de Chile y desempe\u00f1arse en cualquier unidad del pa\u00eds, de acuerdo a las necesidades del servicio.<\/p>\n<p style=\"text-align: justify;\">Como un elemento adicional, a partir de junio de este a\u00f1o, quienes se desempe\u00f1an como asistente policial cuentan, al igual que los detectives, con una Placa de Servicio que les permite identificarse ante la comunidad como personal policial.<\/p>\n<p style=\"text-align: justify;\">En definitiva, el cargo es una alternativa para ingresar a la PDI y desde all\u00ed apoyar la labor investigativa, con una nueva malla m\u00e1s profesional que fomenta el desarrollo de carrera en \u00e1reas altamente especializadas y sin costo para el postulante.<\/p>\n<\/div><\/section><\/div><div  style='height:50px' class='hr hr-invisible   avia-builder-el-6  el_after_av_one_full  el_before_av_social_share '><span class='hr-inner ' ><span class='hr-inner-style'><\/span><\/span><\/div><\/p>\n<div  class='av-social-sharing-box  avia-builder-el-7  el_after_av_hr  el_before_av_hr  '><div class='av-share-box'><h5 class='av-share-link-description av-no-toc '>Compartir esta noticia<\/h5><ul class='av-share-box-list noLightbox'><li class='av-share-link av-social-link-facebook' ><a target=\"_blank\" aria-label=\"Compartir en Facebook\" href='https:\/\/www.facebook.com\/sharer.php?u=https:\/\/radiorevelacionfm.cl\/?p=6340&#038;t=Hasta%20el%2031%20de%20julio%20est%C3%A1n%20abiertas%20postulaciones%20para%20Asistente%20Policial%20de%20la%20PDI' aria-hidden='false' data-av_icon='\ue8f3' data-av_iconfont='entypo-fontello' title='' data-avia-related-tooltip='Compartir en Facebook' rel=\"noopener\"><span class='avia_hidden_link_text'>Compartir en Facebook<\/span><\/a><\/li><li class='av-share-link av-social-link-twitter' ><a target=\"_blank\" aria-label=\"Compartir en Twitter\" href='https:\/\/twitter.com\/share?text=Hasta%20el%2031%20de%20julio%20est%C3%A1n%20abiertas%20postulaciones%20para%20Asistente%20Policial%20de%20la%20PDI&#038;url=https:\/\/radiorevelacionfm.cl\/?p=6340' aria-hidden='false' data-av_icon='\ue8f1' data-av_iconfont='entypo-fontello' title='' data-avia-related-tooltip='Compartir en Twitter' rel=\"noopener\"><span class='avia_hidden_link_text'>Compartir en Twitter<\/span><\/a><\/li><li class='av-share-link av-social-link-whatsapp' ><a target=\"_blank\" aria-label=\"Compartir en Whatsapp\" href='https:\/\/api.whatsapp.com\/send?text=https:\/\/radiorevelacionfm.cl\/?p=6340' aria-hidden='false' data-av_icon='\uf232' data-av_iconfont='entypo-fontello' title='' data-avia-related-tooltip='Compartir en Whatsapp' rel=\"noopener\"><span class='avia_hidden_link_text'>Compartir en Whatsapp<\/span><\/a><\/li><li class='av-share-link av-social-link-linkedin' ><a target=\"_blank\" aria-label=\"Compartir en LinkedIn\" href='https:\/\/linkedin.com\/shareArticle?mini=true&#038;title=Hasta%20el%2031%20de%20julio%20est%C3%A1n%20abiertas%20postulaciones%20para%20Asistente%20Policial%20de%20la%20PDI&#038;url=https:\/\/radiorevelacionfm.cl\/?p=6340' aria-hidden='false' data-av_icon='\ue8fc' data-av_iconfont='entypo-fontello' title='' data-avia-related-tooltip='Compartir en LinkedIn' rel=\"noopener\"><span class='avia_hidden_link_text'>Compartir en LinkedIn<\/span><\/a><\/li><li class='av-share-link av-social-link-mail' ><a  aria-label=\"Compartir por correo\" href='mailto:?subject=Hasta%20el%2031%20de%20julio%20est%C3%A1n%20abiertas%20postulaciones%20para%20Asistente%20Policial%20de%20la%20PDI&#038;body=https:\/\/radiorevelacionfm.cl\/?p=6340' aria-hidden='false' data-av_icon='\ue805' data-av_iconfont='entypo-fontello' title='' data-avia-related-tooltip='Compartir por correo'><span class='avia_hidden_link_text'>Compartir por correo<\/span><\/a><\/li><\/ul><\/div><\/div>\n<div  style='height:50px' class='hr hr-invisible   avia-builder-el-8  el_after_av_social_share  el_before_av_comments_list '><span class='hr-inner ' ><span class='hr-inner-style'><\/span><\/span><\/div>\n<div  class='av-buildercomment  av-blog-meta-html-info-disabled av-blog-meta-tag-disabled  '><\/div>\n","protected":false},"excerpt":{"rendered":"","protected":false},"author":1,"featured_media":6341,"comment_status":"open","ping_status":"open","sticky":false,"template":"","format":"standard","meta":{"footnotes":""},"categories":[36],"tags":[],"class_list":["post-6340","post","type-post","status-publish","format-standard","has-post-thumbnail","hentry","category-policial"],"jetpack_featured_media_url":"https:\/\/radiorevelacionfm.cl\/wp-content\/uploads\/2021\/07\/ap-pdi-002-1-1.jpg","_links":{"self":[{"href":"https:\/\/radiorevelacionfm.cl\/index.php?rest_route=\/wp\/v2\/posts\/6340","targetHints":{"allow":["GET"]}}],"collection":[{"href":"https:\/\/radiorevelacionfm.cl\/index.php?rest_route=\/wp\/v2\/posts"}],"about":[{"href":"https:\/\/radiorevelacionfm.cl\/index.php?rest_route=\/wp\/v2\/types\/post"}],"author":[{"embeddable":true,"href":"https:\/\/radiorevelacionfm.cl\/index.php?rest_route=\/wp\/v2\/users\/1"}],"replies":[{"embeddable":true,"href":"https:\/\/radiorevelacionfm.cl\/index.php?rest_route=%2Fwp%2Fv2%2Fcomments&post=6340"}],"version-history":[{"count":1,"href":"https:\/\/radiorevelacionfm.cl\/index.php?rest_route=\/wp\/v2\/posts\/6340\/revisions"}],"predecessor-version":[{"id":6342,"href":"https:\/\/radiorevelacionfm.cl\/index.php?rest_route=\/wp\/v2\/posts\/6340\/revisions\/6342"}],"wp:featuredmedia":[{"embeddable":true,"href":"https:\/\/radiorevelacionfm.cl\/index.php?rest_route=\/wp\/v2\/media\/6341"}],"wp:attachment":[{"href":"https:\/\/radiorevelacionfm.cl\/index.php?rest_route=%2Fwp%2Fv2%2Fmedia&parent=6340"}],"wp:term":[{"taxonomy":"category","embeddable":true,"href":"https:\/\/radiorevelacionfm.cl\/index.php?rest_route=%2Fwp%2Fv2%2Fcategories&post=6340"},{"taxonomy":"post_tag","embeddable":true,"href":"https:\/\/radiorevelacionfm.cl\/index.php?rest_route=%2Fwp%2Fv2%2Ftags&post=6340"}],"curies":[{"name":"wp","href":"https:\/\/api.w.org\/{rel}","templated":true}]}}