{"id":63396,"date":"2026-01-16T16:00:11","date_gmt":"2026-01-16T19:00:11","guid":{"rendered":"https:\/\/radiorevelacionfm.cl\/?p=63396"},"modified":"2026-01-16T16:00:11","modified_gmt":"2026-01-16T19:00:11","slug":"victor-cubillos-godoy-asume-como-rector-de-la-universidad-de-aysen-en-acto-historico-para-la-institucion","status":"publish","type":"post","link":"https:\/\/radiorevelacionfm.cl\/?p=63396","title":{"rendered":"V\u00edctor Cubillos Godoy asume como Rector de la Universidad de Ays\u00e9n en acto hist\u00f3rico para la instituci\u00f3n"},"content":{"rendered":"<div class=\"flex_column av_one_full  flex_column_div av-zero-column-padding first  avia-builder-el-0  el_before_av_one_full  avia-builder-el-first  \" style='border-radius:0px; '><div  class='avia-image-container  av-styling-    avia-builder-el-1  avia-builder-el-no-sibling  avia-align-center '  itemprop=\"image\" itemscope=\"itemscope\" itemtype=\"https:\/\/schema.org\/ImageObject\"  ><div class='avia-image-container-inner'><div class='avia-image-overlay-wrap'><img decoding=\"async\" class='wp-image-63397 avia-img-lazy-loading-not-63397 avia_image' src=\"https:\/\/radiorevelacionfm.cl\/wp-content\/uploads\/2026\/01\/img_9541-1_optimized.jpg\" alt='' title='img_9541-(1)_optimized' height=\"600\" width=\"900\"  itemprop=\"thumbnailUrl\" srcset=\"https:\/\/radiorevelacionfm.cl\/wp-content\/uploads\/2026\/01\/img_9541-1_optimized.jpg 900w, https:\/\/radiorevelacionfm.cl\/wp-content\/uploads\/2026\/01\/img_9541-1_optimized-300x200.jpg 300w, https:\/\/radiorevelacionfm.cl\/wp-content\/uploads\/2026\/01\/img_9541-1_optimized-768x512.jpg 768w, https:\/\/radiorevelacionfm.cl\/wp-content\/uploads\/2026\/01\/img_9541-1_optimized-705x470.jpg 705w, https:\/\/radiorevelacionfm.cl\/wp-content\/uploads\/2026\/01\/img_9541-1_optimized-450x300.jpg 450w, https:\/\/radiorevelacionfm.cl\/wp-content\/uploads\/2026\/01\/img_9541-1_optimized-600x400.jpg 600w\" sizes=\"(max-width: 900px) 100vw, 900px\" \/><\/div><\/div><\/div><\/div><div class=\"flex_column av_one_full  flex_column_div av-zero-column-padding first  avia-builder-el-2  el_after_av_one_full  el_before_av_one_full  column-top-margin\" style='border-radius:0px; '><section class=\"av_textblock_section \"  itemscope=\"itemscope\" itemtype=\"https:\/\/schema.org\/BlogPosting\" itemprop=\"blogPost\" ><div class='avia_textblock  '   itemprop=\"text\" ><p style=\"text-align: center;\"><strong><span style=\"font-size: 18pt;\">V\u00edctor Cubillos Godoy asume como Rector de la Universidad de Ays\u00e9n en acto hist\u00f3rico para la instituci\u00f3n<\/span><\/strong><\/p>\n<div id=\"gtx-trans\" style=\"position: absolute; left: -50px; top: 4.31534px;\">\n<div class=\"gtx-trans-icon\"><\/div>\n<\/div>\n<\/div><\/section><\/div><div class=\"flex_column av_one_full  flex_column_div av-zero-column-padding first  avia-builder-el-4  el_after_av_one_full  el_before_av_hr  column-top-margin\" style='border-radius:0px; '><section class=\"av_textblock_section \"  itemscope=\"itemscope\" itemtype=\"https:\/\/schema.org\/BlogPosting\" itemprop=\"blogPost\" ><div class='avia_textblock  '   itemprop=\"text\" ><ul>\n<li dir=\"ltr\">\n<p dir=\"ltr\" style=\"text-align: justify;\" role=\"presentation\"><em>La Universidad de Ays\u00e9n formaliz\u00f3 el inicio de un nuevo ciclo de gobierno universitario, marcando el cierre del per\u00edodo de administraci\u00f3n provisional y el comienzo de una nueva etapa institucional que ser\u00e1 liderada por el Dr. V\u00edctor Cubillos.<\/em><\/p>\n<\/li>\n<\/ul>\n<p dir=\"ltr\" style=\"text-align: justify;\">La Universidad de Ays\u00e9n realiz\u00f3 el pasado jueves 15 de enero la Ceremonia de Investidura del Dr. V\u00edctor Cubillos Godoy como Rector para el per\u00edodo 2026\u20132030, instancia que formaliz\u00f3 el traspaso del gobierno universitario y dio inicio a un nuevo ciclo de conducci\u00f3n institucional. El acto se desarroll\u00f3 en el Centro Cultural Coyhaique y cont\u00f3 con la participaci\u00f3n de autoridades nacionales, regionales y la comunidad universitaria.<\/p>\n<p dir=\"ltr\" style=\"text-align: justify;\">La actividad dio cierre al per\u00edodo de Administraci\u00f3n Provisional encabezado por el Dr. Juan Pablo Prieto Cox entre los a\u00f1os 2024 y 2025, quien realiz\u00f3 la entrega formal del cargo al nuevo rector, destacando el trabajo desarrollado para recuperar la estabilidad institucional, fortalecer la gobernanza y sentar bases s\u00f3lidas para el desarrollo acad\u00e9mico, financiero y territorial de la universidad.<\/p>\n<p dir=\"ltr\" style=\"text-align: justify;\">En este contexto, el ex Administrador Provisional de la Universidad de Ays\u00e9n valor\u00f3 el proceso desarrollado durante su gesti\u00f3n y el rol de la comunidad universitaria, se\u00f1alando que \u201cdevolveremos a la universidad a su autonom\u00eda plena para que su comunidad la conduzca como siempre debi\u00f3 ser. A la regi\u00f3n, agradecerle por todo el apoyo que siempre le prest\u00f3 la universidad a la labor que nos toc\u00f3 desarrollar y me voy feliz por los logros, orgulloso de lo que se ha hecho, feliz por la comunidad que se ha convocado a trabajar en esto. Por ahora, mucha satisfacci\u00f3n y mucho agradecimiento por el cari\u00f1o de esta linda comunidad\u201d, expres\u00f3 Juan Pablo Prieto.<\/p>\n<p dir=\"ltr\" style=\"text-align: justify;\">En el acto solemne de investidura, el Dr. V\u00edctor Cubillos Godoy recibi\u00f3 la Memoria Institucional de la gesti\u00f3n saliente y la Medalla Rectoral, s\u00edmbolo del traspaso de liderazgo, la continuidad institucional y la responsabilidad que la comunidad universitaria deposita en su m\u00e1xima autoridad. En esta l\u00ednea, el nuevo Rector de la UAys\u00e9n, subray\u00f3 los desaf\u00edos que enfrenta la instituci\u00f3n y la necesidad de abordarlos de manera colectiva, afirmando que \u201clos acad\u00e9micos, estudiantes y funcionarios tenemos que trabajar en forma unida. En los pr\u00f3ximos d\u00edas yo me voy a juntar con la comunidad, con todos, para poder conversar, para poder contarles a ustedes cu\u00e1les son las grandes prioridades de car\u00e1cter transitorio y las permanentes tambi\u00e9n. Hay muchas tareas, pero una de las grandes tareas es que la universidad vuelva a la normalidad\u201d.<\/p>\n<p dir=\"ltr\" style=\"text-align: justify;\">A su vez, el nuevo Rector de la casa de estudios agradeci\u00f3 la labor del ex Administrador Provisional por todo el trabajo realizado. \u201cYo creo que es muy importante el impulso que le dio, el trabajo que hizo y c\u00f3mo proyect\u00f3 la universidad\u201d. Conjuntamente, el rector Cubillos hizo un llamado a la comunidad universitaria, \u201cyo invito a la universidad a que continuemos esta labor, a que mejoremos indicadores, consolidemos la universidad como una gran instituci\u00f3n aqu\u00ed de la zona sur austral del pa\u00eds, de nuestra Patagonia\u201d, subray\u00f3.<\/p>\n<p dir=\"ltr\" style=\"text-align: justify;\">Por su parte, el Superintendente de Educaci\u00f3n Superior, Jos\u00e9 Miguel Salazar, destac\u00f3 la proyecci\u00f3n y el potencial de la Universidad de Ays\u00e9n, se\u00f1alando que \u201cla universidad est\u00e1 llamada a ser una gran universidad. Nosotros queremos que la comunidad acad\u00e9mica y la comunidad regional sean capaces de asumir ese desaf\u00edo y proyectarlo. Pero estamos seguros de que lo que hemos podido ver hasta ahora es que no hay limitaciones sino las propias que la misma universidad se fije. Hay un gran potencial para desarrollar y esperamos que la comunidad acad\u00e9mica tome esa posta y le demuestre a la regi\u00f3n cu\u00e1n \u00fatil es para su desarrollo esta universidad\u201d, expres\u00f3 la autoridad nacional.<\/p>\n<p dir=\"ltr\" style=\"text-align: justify;\">La investidura del nuevo Rector se produce en un escenario de fortalecimiento institucional, tras avances relevantes en la recuperaci\u00f3n financiera, la normalizaci\u00f3n de la gesti\u00f3n y el impulso de proyectos estrat\u00e9gicos en docencia, investigaci\u00f3n e infraestructura. Este nuevo ciclo abre una etapa orientada a consolidar estos avances y proyectar el desarrollo de la Universidad de Ays\u00e9n en coherencia con su rol p\u00fablico y territorial.<\/p>\n<\/div><\/section><\/div><div  style='height:50px' class='hr hr-invisible   avia-builder-el-6  el_after_av_one_full  el_before_av_social_share '><span class='hr-inner ' ><span class='hr-inner-style'><\/span><\/span><\/div><\/p>\n<div  class='av-social-sharing-box  avia-builder-el-7  el_after_av_hr  el_before_av_hr  '><div class='av-share-box'><h5 class='av-share-link-description av-no-toc '>Compartir esta noticia<\/h5><ul class='av-share-box-list noLightbox'><li class='av-share-link av-social-link-facebook' ><a target=\"_blank\" aria-label=\"Compartir en Facebook\" href='https:\/\/www.facebook.com\/sharer.php?u=https:\/\/radiorevelacionfm.cl\/?p=63396&#038;t=V%C3%ADctor%20Cubillos%20Godoy%20asume%20como%20Rector%20de%20la%20Universidad%20de%20Ays%C3%A9n%20en%20acto%20hist%C3%B3rico%20para%20la%20instituci%C3%B3n' aria-hidden='false' data-av_icon='\ue8f3' data-av_iconfont='entypo-fontello' title='' data-avia-related-tooltip='Compartir en Facebook' rel=\"noopener\"><span class='avia_hidden_link_text'>Compartir en Facebook<\/span><\/a><\/li><li class='av-share-link av-social-link-twitter' ><a target=\"_blank\" aria-label=\"Compartir en Twitter\" href='https:\/\/twitter.com\/share?text=V%C3%ADctor%20Cubillos%20Godoy%20asume%20como%20Rector%20de%20la%20Universidad%20de%20Ays%C3%A9n%20en%20acto%20hist%C3%B3rico%20para%20la%20instituci%C3%B3n&#038;url=https:\/\/radiorevelacionfm.cl\/?p=63396' aria-hidden='false' data-av_icon='\ue8f1' data-av_iconfont='entypo-fontello' title='' data-avia-related-tooltip='Compartir en Twitter' rel=\"noopener\"><span class='avia_hidden_link_text'>Compartir en Twitter<\/span><\/a><\/li><li class='av-share-link av-social-link-whatsapp' ><a target=\"_blank\" aria-label=\"Compartir en Whatsapp\" href='https:\/\/api.whatsapp.com\/send?text=https:\/\/radiorevelacionfm.cl\/?p=63396' aria-hidden='false' data-av_icon='\uf232' data-av_iconfont='entypo-fontello' title='' data-avia-related-tooltip='Compartir en Whatsapp' rel=\"noopener\"><span class='avia_hidden_link_text'>Compartir en Whatsapp<\/span><\/a><\/li><li class='av-share-link av-social-link-linkedin' ><a target=\"_blank\" aria-label=\"Compartir en LinkedIn\" href='https:\/\/linkedin.com\/shareArticle?mini=true&#038;title=V%C3%ADctor%20Cubillos%20Godoy%20asume%20como%20Rector%20de%20la%20Universidad%20de%20Ays%C3%A9n%20en%20acto%20hist%C3%B3rico%20para%20la%20instituci%C3%B3n&#038;url=https:\/\/radiorevelacionfm.cl\/?p=63396' aria-hidden='false' data-av_icon='\ue8fc' data-av_iconfont='entypo-fontello' title='' data-avia-related-tooltip='Compartir en LinkedIn' rel=\"noopener\"><span class='avia_hidden_link_text'>Compartir en LinkedIn<\/span><\/a><\/li><li class='av-share-link av-social-link-mail' ><a  aria-label=\"Compartir por correo\" href='mailto:?subject=V%C3%ADctor%20Cubillos%20Godoy%20asume%20como%20Rector%20de%20la%20Universidad%20de%20Ays%C3%A9n%20en%20acto%20hist%C3%B3rico%20para%20la%20instituci%C3%B3n&#038;body=https:\/\/radiorevelacionfm.cl\/?p=63396' aria-hidden='false' data-av_icon='\ue805' data-av_iconfont='entypo-fontello' title='' data-avia-related-tooltip='Compartir por correo'><span class='avia_hidden_link_text'>Compartir por correo<\/span><\/a><\/li><\/ul><\/div><\/div>\n<div  style='height:50px' class='hr hr-invisible   avia-builder-el-8  el_after_av_social_share  el_before_av_comments_list '><span class='hr-inner ' ><span class='hr-inner-style'><\/span><\/span><\/div>\n<div  class='av-buildercomment  av-blog-meta-html-info-disabled av-blog-meta-tag-disabled  '><\/div>\n","protected":false},"excerpt":{"rendered":"","protected":false},"author":1,"featured_media":63397,"comment_status":"closed","ping_status":"closed","sticky":false,"template":"","format":"standard","meta":{"footnotes":""},"categories":[49],"tags":[],"class_list":["post-63396","post","type-post","status-publish","format-standard","has-post-thumbnail","hentry","category-educacion"],"jetpack_featured_media_url":"https:\/\/radiorevelacionfm.cl\/wp-content\/uploads\/2026\/01\/img_9541-1_optimized.jpg","_links":{"self":[{"href":"https:\/\/radiorevelacionfm.cl\/index.php?rest_route=\/wp\/v2\/posts\/63396","targetHints":{"allow":["GET"]}}],"collection":[{"href":"https:\/\/radiorevelacionfm.cl\/index.php?rest_route=\/wp\/v2\/posts"}],"about":[{"href":"https:\/\/radiorevelacionfm.cl\/index.php?rest_route=\/wp\/v2\/types\/post"}],"author":[{"embeddable":true,"href":"https:\/\/radiorevelacionfm.cl\/index.php?rest_route=\/wp\/v2\/users\/1"}],"replies":[{"embeddable":true,"href":"https:\/\/radiorevelacionfm.cl\/index.php?rest_route=%2Fwp%2Fv2%2Fcomments&post=63396"}],"version-history":[{"count":2,"href":"https:\/\/radiorevelacionfm.cl\/index.php?rest_route=\/wp\/v2\/posts\/63396\/revisions"}],"predecessor-version":[{"id":63399,"href":"https:\/\/radiorevelacionfm.cl\/index.php?rest_route=\/wp\/v2\/posts\/63396\/revisions\/63399"}],"wp:featuredmedia":[{"embeddable":true,"href":"https:\/\/radiorevelacionfm.cl\/index.php?rest_route=\/wp\/v2\/media\/63397"}],"wp:attachment":[{"href":"https:\/\/radiorevelacionfm.cl\/index.php?rest_route=%2Fwp%2Fv2%2Fmedia&parent=63396"}],"wp:term":[{"taxonomy":"category","embeddable":true,"href":"https:\/\/radiorevelacionfm.cl\/index.php?rest_route=%2Fwp%2Fv2%2Fcategories&post=63396"},{"taxonomy":"post_tag","embeddable":true,"href":"https:\/\/radiorevelacionfm.cl\/index.php?rest_route=%2Fwp%2Fv2%2Ftags&post=63396"}],"curies":[{"name":"wp","href":"https:\/\/api.w.org\/{rel}","templated":true}]}}