{"id":63388,"date":"2026-01-16T15:24:20","date_gmt":"2026-01-16T18:24:20","guid":{"rendered":"https:\/\/radiorevelacionfm.cl\/?p=63388"},"modified":"2026-01-16T15:24:20","modified_gmt":"2026-01-16T18:24:20","slug":"232-familias-de-bahia-murta-contaran-con-el-mejoramiento-integral-de-su-servicio-sanitario-rural","status":"publish","type":"post","link":"https:\/\/radiorevelacionfm.cl\/?p=63388","title":{"rendered":"232 familias de Bah\u00eda Murta contar\u00e1n con el mejoramiento integral de su Servicio Sanitario Rural"},"content":{"rendered":"<div class=\"flex_column av_one_full  flex_column_div av-zero-column-padding first  avia-builder-el-0  el_before_av_one_full  avia-builder-el-first  \" style='border-radius:0px; '><div  class='avia-image-container  av-styling-    avia-builder-el-1  avia-builder-el-no-sibling  avia-align-center '  itemprop=\"image\" itemscope=\"itemscope\" itemtype=\"https:\/\/schema.org\/ImageObject\"  ><div class='avia-image-container-inner'><div class='avia-image-overlay-wrap'><img decoding=\"async\" class='wp-image-63389 avia-img-lazy-loading-not-63389 avia_image' src=\"https:\/\/radiorevelacionfm.cl\/wp-content\/uploads\/2026\/01\/whatsapp-image-2026-01-16-at-12_optimized.03.08-2-1-1.jpeg\" alt='' title='whatsapp-image-2026-01-16-at-12_optimized.03.08-(2)-(1) (1)' height=\"600\" width=\"1067\"  itemprop=\"thumbnailUrl\" srcset=\"https:\/\/radiorevelacionfm.cl\/wp-content\/uploads\/2026\/01\/whatsapp-image-2026-01-16-at-12_optimized.03.08-2-1-1.jpeg 1067w, https:\/\/radiorevelacionfm.cl\/wp-content\/uploads\/2026\/01\/whatsapp-image-2026-01-16-at-12_optimized.03.08-2-1-1-300x169.jpeg 300w, https:\/\/radiorevelacionfm.cl\/wp-content\/uploads\/2026\/01\/whatsapp-image-2026-01-16-at-12_optimized.03.08-2-1-1-1030x579.jpeg 1030w, https:\/\/radiorevelacionfm.cl\/wp-content\/uploads\/2026\/01\/whatsapp-image-2026-01-16-at-12_optimized.03.08-2-1-1-768x432.jpeg 768w, https:\/\/radiorevelacionfm.cl\/wp-content\/uploads\/2026\/01\/whatsapp-image-2026-01-16-at-12_optimized.03.08-2-1-1-705x396.jpeg 705w, https:\/\/radiorevelacionfm.cl\/wp-content\/uploads\/2026\/01\/whatsapp-image-2026-01-16-at-12_optimized.03.08-2-1-1-450x253.jpeg 450w, https:\/\/radiorevelacionfm.cl\/wp-content\/uploads\/2026\/01\/whatsapp-image-2026-01-16-at-12_optimized.03.08-2-1-1-600x337.jpeg 600w\" sizes=\"(max-width: 1067px) 100vw, 1067px\" \/><\/div><\/div><\/div><\/div><div class=\"flex_column av_one_full  flex_column_div av-zero-column-padding first  avia-builder-el-2  el_after_av_one_full  el_before_av_one_full  column-top-margin\" style='border-radius:0px; '><section class=\"av_textblock_section \"  itemscope=\"itemscope\" itemtype=\"https:\/\/schema.org\/BlogPosting\" itemprop=\"blogPost\" ><div class='avia_textblock  '   itemprop=\"text\" ><p style=\"text-align: center;\"><strong><span style=\"font-size: 18pt;\">232 familias de Bah\u00eda Murta contar\u00e1n con el mejoramiento integral de su Servicio Sanitario Rural<\/span><\/strong><\/p>\n<div id=\"gtx-trans\" style=\"position: absolute; left: -50px; top: 4.31534px;\">\n<div class=\"gtx-trans-icon\"><\/div>\n<\/div>\n<\/div><\/section><\/div><div class=\"flex_column av_one_full  flex_column_div av-zero-column-padding first  avia-builder-el-4  el_after_av_one_full  el_before_av_hr  column-top-margin\" style='border-radius:0px; '><section class=\"av_textblock_section \"  itemscope=\"itemscope\" itemtype=\"https:\/\/schema.org\/BlogPosting\" itemprop=\"blogPost\" ><div class='avia_textblock  '   itemprop=\"text\" ><p style=\"text-align: justify;\">La Secretaria Regional Ministerial de Obras P\u00fablicas, Paloma Jara Vald\u00e9s, destac\u00f3 esta semana que la adjudicaci\u00f3n del mejoramiento integral del Servicio Sanitario Rural de Bah\u00eda Murta, ubicado en la comuna de R\u00edo Ib\u00e1\u00f1ez ya se encuentra con Toma de Raz\u00f3n.<\/p>\n<p style=\"text-align: justify;\">\u00a0\u201cDurante esta \u00faltima semana recibimos la muy buena noticia para la gente de Bah\u00eda Murta de que ya se tom\u00f3 raz\u00f3n de la adjudicaci\u00f3n de su nuevo Servicio Sanitario Rural. Digo nuevo, porque si bien esto es un mejoramiento, vamos a hacer por completo este sistema que le va a proveer de agua potable rural a m\u00e1s de 200 familias. Una inversi\u00f3n que va a superar los 3 mil millones y que va a significar mejoras en el sistema en una localidad que ha demostrado tener compromiso con su Sistema Sanitario Rural y que ha ido creciendo en los \u00faltimos tiempos. Esperamos que de esta forma se vaya consolidando un crecimiento en Bah\u00eda Murta y que esto pueda ser un empujoncito para todos aquellos que habitan este territorio\u201d, expres\u00f3 la Seremi del MOP.<\/p>\n<p style=\"text-align: justify;\">Las obras que consideran la inversi\u00f3n de la Direcci\u00f3n de Obras Hidr\u00e1ulicas del MOP Regi\u00f3n de Ays\u00e9n posibilitar\u00e1 que los y las vecinas puedan incrementar la presi\u00f3n del agua, y con la construcci\u00f3n de un nuevo estanque contar\u00e1n con mayor capacidad, entre otros importantes adelantos que los y las beneficiar\u00e1n directamente en sus labores diarias, indic\u00f3 el director Subrogante de Obras Hidr\u00e1ulicas del MOP Regi\u00f3n de Ays\u00e9n Pablo Rojas, quien adem\u00e1s detall\u00f3 algunos aspectos t\u00e9cnicos de este proyecto a ejecutar.<\/p>\n<p style=\"text-align: justify;\">\u201cEstas son buenas noticias para la comunidad de Bah\u00eda Murta porque esta obra era muy esperada por la comunidad. Este es un Sistema Sanitario Rural que tiene larga data. Hoy d\u00eda estamos por iniciar las obras de mejoramiento integral del sistema, son algo m\u00e1s de $3.800 millones y, como bien dijo nuestra Seremi, principalmente busca mejorar la calidad del servicio, amentando las presiones en el sistema y su continuidad. Actualmente, el sistema cuenta con di\u00e1metros de tuber\u00eda principalmente de 63 a 75 mil\u00edmetros y lo que estamos proyectando son tuber\u00edas de 75, 110 y 160 mil\u00edmetros, lo que en la pr\u00e1ctica para la comunidad significar\u00e1 una estabilidad en t\u00e9rminos de presi\u00f3n del servicio. En otras palabras, que por ejemplo, ya no se les apague el calef\u00f3n en sus hogares por ca\u00eddas de la presi\u00f3n; esta inversi\u00f3n permitir\u00e1 contar con una red de alrededor de 9.000 metros. Adem\u00e1s, hoy cont\u00e1bamos con un estanque de 30 metros c\u00fabicos como volumen de regulaci\u00f3n, y ahora estamos proyectando uno de 200 metros c\u00fabicos. Todo esto gracias a un cambio en la metodolog\u00eda de dise\u00f1o que est\u00e1 permitiendo proyectar infraestructura en todo el pa\u00eds, acerc\u00e1ndose a un est\u00e1ndar urbano. As\u00ed que este es un mejoramiento integral que viene a mejorar significativamente la calidad del servicio\u201d, concluy\u00f3 Pablo Rojas.<\/p>\n<\/div><\/section><\/div><div  style='height:50px' class='hr hr-invisible   avia-builder-el-6  el_after_av_one_full  el_before_av_social_share '><span class='hr-inner ' ><span class='hr-inner-style'><\/span><\/span><\/div><\/p>\n<div  class='av-social-sharing-box  avia-builder-el-7  el_after_av_hr  el_before_av_hr  '><div class='av-share-box'><h5 class='av-share-link-description av-no-toc '>Compartir esta noticia<\/h5><ul class='av-share-box-list noLightbox'><li class='av-share-link av-social-link-facebook' ><a target=\"_blank\" aria-label=\"Compartir en Facebook\" href='https:\/\/www.facebook.com\/sharer.php?u=https:\/\/radiorevelacionfm.cl\/?p=63388&#038;t=232%20familias%20de%20Bah%C3%ADa%20Murta%20contar%C3%A1n%20con%20el%20mejoramiento%20integral%20de%20su%20Servicio%20Sanitario%20Rural' aria-hidden='false' data-av_icon='\ue8f3' data-av_iconfont='entypo-fontello' title='' data-avia-related-tooltip='Compartir en Facebook' rel=\"noopener\"><span class='avia_hidden_link_text'>Compartir en Facebook<\/span><\/a><\/li><li class='av-share-link av-social-link-twitter' ><a target=\"_blank\" aria-label=\"Compartir en Twitter\" href='https:\/\/twitter.com\/share?text=232%20familias%20de%20Bah%C3%ADa%20Murta%20contar%C3%A1n%20con%20el%20mejoramiento%20integral%20de%20su%20Servicio%20Sanitario%20Rural&#038;url=https:\/\/radiorevelacionfm.cl\/?p=63388' aria-hidden='false' data-av_icon='\ue8f1' data-av_iconfont='entypo-fontello' title='' data-avia-related-tooltip='Compartir en Twitter' rel=\"noopener\"><span class='avia_hidden_link_text'>Compartir en Twitter<\/span><\/a><\/li><li class='av-share-link av-social-link-whatsapp' ><a target=\"_blank\" aria-label=\"Compartir en Whatsapp\" href='https:\/\/api.whatsapp.com\/send?text=https:\/\/radiorevelacionfm.cl\/?p=63388' aria-hidden='false' data-av_icon='\uf232' data-av_iconfont='entypo-fontello' title='' data-avia-related-tooltip='Compartir en Whatsapp' rel=\"noopener\"><span class='avia_hidden_link_text'>Compartir en Whatsapp<\/span><\/a><\/li><li class='av-share-link av-social-link-linkedin' ><a target=\"_blank\" aria-label=\"Compartir en LinkedIn\" href='https:\/\/linkedin.com\/shareArticle?mini=true&#038;title=232%20familias%20de%20Bah%C3%ADa%20Murta%20contar%C3%A1n%20con%20el%20mejoramiento%20integral%20de%20su%20Servicio%20Sanitario%20Rural&#038;url=https:\/\/radiorevelacionfm.cl\/?p=63388' aria-hidden='false' data-av_icon='\ue8fc' data-av_iconfont='entypo-fontello' title='' data-avia-related-tooltip='Compartir en LinkedIn' rel=\"noopener\"><span class='avia_hidden_link_text'>Compartir en LinkedIn<\/span><\/a><\/li><li class='av-share-link av-social-link-mail' ><a  aria-label=\"Compartir por correo\" href='mailto:?subject=232%20familias%20de%20Bah%C3%ADa%20Murta%20contar%C3%A1n%20con%20el%20mejoramiento%20integral%20de%20su%20Servicio%20Sanitario%20Rural&#038;body=https:\/\/radiorevelacionfm.cl\/?p=63388' aria-hidden='false' data-av_icon='\ue805' data-av_iconfont='entypo-fontello' title='' data-avia-related-tooltip='Compartir por correo'><span class='avia_hidden_link_text'>Compartir por correo<\/span><\/a><\/li><\/ul><\/div><\/div>\n<div  style='height:50px' class='hr hr-invisible   avia-builder-el-8  el_after_av_social_share  el_before_av_comments_list '><span class='hr-inner ' ><span class='hr-inner-style'><\/span><\/span><\/div>\n<div  class='av-buildercomment  av-blog-meta-html-info-disabled av-blog-meta-tag-disabled  '><\/div>\n","protected":false},"excerpt":{"rendered":"","protected":false},"author":1,"featured_media":63389,"comment_status":"closed","ping_status":"closed","sticky":false,"template":"","format":"standard","meta":{"footnotes":""},"categories":[38],"tags":[],"class_list":["post-63388","post","type-post","status-publish","format-standard","has-post-thumbnail","hentry","category-regional"],"jetpack_featured_media_url":"https:\/\/radiorevelacionfm.cl\/wp-content\/uploads\/2026\/01\/whatsapp-image-2026-01-16-at-12_optimized.03.08-2-1-1.jpeg","_links":{"self":[{"href":"https:\/\/radiorevelacionfm.cl\/index.php?rest_route=\/wp\/v2\/posts\/63388","targetHints":{"allow":["GET"]}}],"collection":[{"href":"https:\/\/radiorevelacionfm.cl\/index.php?rest_route=\/wp\/v2\/posts"}],"about":[{"href":"https:\/\/radiorevelacionfm.cl\/index.php?rest_route=\/wp\/v2\/types\/post"}],"author":[{"embeddable":true,"href":"https:\/\/radiorevelacionfm.cl\/index.php?rest_route=\/wp\/v2\/users\/1"}],"replies":[{"embeddable":true,"href":"https:\/\/radiorevelacionfm.cl\/index.php?rest_route=%2Fwp%2Fv2%2Fcomments&post=63388"}],"version-history":[{"count":2,"href":"https:\/\/radiorevelacionfm.cl\/index.php?rest_route=\/wp\/v2\/posts\/63388\/revisions"}],"predecessor-version":[{"id":63391,"href":"https:\/\/radiorevelacionfm.cl\/index.php?rest_route=\/wp\/v2\/posts\/63388\/revisions\/63391"}],"wp:featuredmedia":[{"embeddable":true,"href":"https:\/\/radiorevelacionfm.cl\/index.php?rest_route=\/wp\/v2\/media\/63389"}],"wp:attachment":[{"href":"https:\/\/radiorevelacionfm.cl\/index.php?rest_route=%2Fwp%2Fv2%2Fmedia&parent=63388"}],"wp:term":[{"taxonomy":"category","embeddable":true,"href":"https:\/\/radiorevelacionfm.cl\/index.php?rest_route=%2Fwp%2Fv2%2Fcategories&post=63388"},{"taxonomy":"post_tag","embeddable":true,"href":"https:\/\/radiorevelacionfm.cl\/index.php?rest_route=%2Fwp%2Fv2%2Ftags&post=63388"}],"curies":[{"name":"wp","href":"https:\/\/api.w.org\/{rel}","templated":true}]}}