{"id":63384,"date":"2026-01-16T11:47:23","date_gmt":"2026-01-16T14:47:23","guid":{"rendered":"https:\/\/radiorevelacionfm.cl\/?p=63384"},"modified":"2026-01-16T11:47:23","modified_gmt":"2026-01-16T14:47:23","slug":"tres-nuevos-condores-andinos-son-liberados-en-el-parque-nacional-patagonia","status":"publish","type":"post","link":"https:\/\/radiorevelacionfm.cl\/?p=63384","title":{"rendered":"Tres nuevos c\u00f3ndores andinos son liberados en el Parque Nacional Patagonia"},"content":{"rendered":"<div class=\"flex_column av_one_full  flex_column_div av-zero-column-padding first  avia-builder-el-0  el_before_av_one_full  avia-builder-el-first  \" style='border-radius:0px; '><div  class='avia-image-container  av-styling-    avia-builder-el-1  avia-builder-el-no-sibling  avia-align-center '  itemprop=\"image\" itemscope=\"itemscope\" itemtype=\"https:\/\/schema.org\/ImageObject\"  ><div class='avia-image-container-inner'><div class='avia-image-overlay-wrap'><img decoding=\"async\" class='wp-image-63385 avia-img-lazy-loading-not-63385 avia_image' src=\"https:\/\/radiorevelacionfm.cl\/wp-content\/uploads\/2026\/01\/8-Diego-Marquez-natura.australis.photo-1.jpeg\" alt='' title='8 Diego M\u00e1rquez, natura.australis.photo (1)' height=\"600\" width=\"1042\"  itemprop=\"thumbnailUrl\" srcset=\"https:\/\/radiorevelacionfm.cl\/wp-content\/uploads\/2026\/01\/8-Diego-Marquez-natura.australis.photo-1.jpeg 1042w, https:\/\/radiorevelacionfm.cl\/wp-content\/uploads\/2026\/01\/8-Diego-Marquez-natura.australis.photo-1-300x173.jpeg 300w, https:\/\/radiorevelacionfm.cl\/wp-content\/uploads\/2026\/01\/8-Diego-Marquez-natura.australis.photo-1-1030x593.jpeg 1030w, https:\/\/radiorevelacionfm.cl\/wp-content\/uploads\/2026\/01\/8-Diego-Marquez-natura.australis.photo-1-768x442.jpeg 768w, https:\/\/radiorevelacionfm.cl\/wp-content\/uploads\/2026\/01\/8-Diego-Marquez-natura.australis.photo-1-705x406.jpeg 705w, https:\/\/radiorevelacionfm.cl\/wp-content\/uploads\/2026\/01\/8-Diego-Marquez-natura.australis.photo-1-450x259.jpeg 450w, https:\/\/radiorevelacionfm.cl\/wp-content\/uploads\/2026\/01\/8-Diego-Marquez-natura.australis.photo-1-600x345.jpeg 600w\" sizes=\"(max-width: 1042px) 100vw, 1042px\" \/><\/div><\/div><\/div><\/div><div class=\"flex_column av_one_full  flex_column_div av-zero-column-padding first  avia-builder-el-2  el_after_av_one_full  el_before_av_one_full  column-top-margin\" style='border-radius:0px; '><section class=\"av_textblock_section \"  itemscope=\"itemscope\" itemtype=\"https:\/\/schema.org\/BlogPosting\" itemprop=\"blogPost\" ><div class='avia_textblock  '   itemprop=\"text\" ><p style=\"text-align: center;\"><strong><span style=\"font-size: 18pt;\">Tres nuevos c\u00f3ndores andinos son liberados en el Parque Nacional Patagonia<\/span><\/strong><\/p>\n<div class=\"pG\" tabindex=\"0\" role=\"switch\" data-tooltip-contained=\"true\" data-tooltip-align=\"b,l\" data-tooltip-delay=\"1500\" aria-label=\"No es importante\" aria-checked=\"false\" data-is-important=\"false\"><\/div>\n<div id=\"gtx-trans\" style=\"position: absolute; left: -50px; top: 4.31534px;\">\n<div class=\"gtx-trans-icon\"><\/div>\n<\/div>\n<\/div><\/section><\/div><div class=\"flex_column av_one_full  flex_column_div av-zero-column-padding first  avia-builder-el-4  el_after_av_one_full  el_before_av_hr  column-top-margin\" style='border-radius:0px; '><section class=\"av_textblock_section \"  itemscope=\"itemscope\" itemtype=\"https:\/\/schema.org\/BlogPosting\" itemprop=\"blogPost\" ><div class='avia_textblock  '   itemprop=\"text\" ><ul>\n<li dir=\"ltr\">\n<p dir=\"ltr\" style=\"text-align: justify;\" role=\"presentation\"><em>Las aves fueron trasladadas en octubre desde el Centro de Rehabilitaci\u00f3n de Aves Rapaces (CRAR), ubicado en la Regi\u00f3n Metropolitana, hasta el Parque Nacional Patagonia, en la Regi\u00f3n de Ays\u00e9n, donde fueron liberadas luego de un proceso de aclimataci\u00f3n.<\/em><\/p>\n<\/li>\n<li dir=\"ltr\" style=\"text-align: justify;\">\n<p dir=\"ltr\" role=\"presentation\"><em>Esta acci\u00f3n es parte de un trabajo p\u00fablico privado de m\u00e1s de 10 a\u00f1os, cuyo objetivo es la conservaci\u00f3n del c\u00f3ndor andino.<\/em><\/p>\n<\/li>\n<\/ul>\n<p dir=\"ltr\" style=\"text-align: justify;\">Parque Nacional Patagonia, Regi\u00f3n de Ays\u00e9n. &#8211;\u00a0Tres j\u00f3venes c\u00f3ndores andinos vuelan libres por los cielos de la Patagonia, gracias a la liberaci\u00f3n realizada ayer en el marco del Proyecto Manku, una iniciativa colaborativa de Fundaci\u00f3n Rewilding Chile (FRC), Filantrop\u00eda Cortes Solari (FCS) y Aves Chile (UNORCH) con su Centro de Rehabilitaci\u00f3n de Aves Rapaces, proyecto que tambi\u00e9n cuenta con el apoyo del Zool\u00f3gico Nacional del Parque Metropolitano, el Servicio Agr\u00edcola y Ganadero, la Corporaci\u00f3n Nacional Forestal, Bioam\u00e9rica Consultores y LATAM.<\/p>\n<p dir=\"ltr\" style=\"text-align: justify;\">Esta acci\u00f3n conjunta permiti\u00f3 la recuperaci\u00f3n y traslado de los tres ejemplares desde el Centro de Rehabilitaci\u00f3n de Aves Rapaces (CRAR) de la Regi\u00f3n Metropolitana, hasta su nuevo hogar en el Parque Nacional Patagonia. Fue en octubre pasado, gracias al apoyo del Programa Avi\u00f3n Solidario de LATAM, cuando arribaron al Parque Nacional Patagonia \u201cCarmen\u201d, una hembra nacida en cautiverio en 2023; \u201cAuquinco\u201d, un macho rescatado en el sector del mismo nombre en Lago Ranco; y \u201cFarell\u00f3n\u201d un macho rescatado en la cordillera de la Regi\u00f3n Metropolitana. Las aves permanecieron tres meses en proceso de aclimataci\u00f3n antes de ser liberadas en su ambiente natural.<\/p>\n<p dir=\"ltr\" style=\"text-align: justify;\">El emocionante momento de la liberaci\u00f3n fue presenciado por diversas autoridades y miembros de las comunidades locales de Chile Chico, Cochrane, Villa Cerro Castillo y Puerto Ingeniero Ib\u00e1\u00f1ez, quienes tambi\u00e9n tuvieron la oportunidad de participar de charlas sobre la especie.<\/p>\n<p dir=\"ltr\" style=\"text-align: justify;\">Eduardo Pavez, director de\u00a0Proyecto Manku\u00a0explic\u00f3: \u201crealizar liberaciones en la Patagonia y en Chile central representa desaf\u00edos y oportunidades contrastantes para el equipo del Proyecto y para los c\u00f3ndores. Estos se ven enfrentados a situaciones muy diferentes en t\u00e9rminos de la topograf\u00eda, de la meteorolog\u00eda, de la oferta de alimento, y de las amenazas que encuentran, todas de origen humano. Por ejemplo, Chile central es un territorio densamente poblado por humanos, en cambio la Patagonia es en gran parte \u201ctierra salvaje\u201d, y ello marca una gran diferencia para los c\u00f3ndores y para la fauna silvestre en general.\u201d<\/p>\n<p dir=\"ltr\" style=\"text-align: justify;\">Cristi\u00e1n Saucedo, director del programa de Vida Silvestre de\u00a0Fundaci\u00f3n Rewilding Chile, explic\u00f3: \u201cLos c\u00f3ndores desempe\u00f1an un papel clave en la naturaleza, son los carro\u00f1eros de los Andes, de estos valles y monta\u00f1as que hoy vemos en el Parque Nacional Patagonia y representan un llamado a la reflexi\u00f3n de nuestra relaci\u00f3n con los ecosistemas naturales. Lo que vivimos hoy, no se podr\u00eda realizar sin la voluntad y el trabajo colaborativo de personas e instituciones, que buscan transformarse en agentes de cambio con estas acciones concretas\u201d.<\/p>\n<p dir=\"ltr\" style=\"text-align: justify;\">Francisca Cort\u00e9s Solari, presidenta ejecutiva de\u00a0Filantrop\u00eda Cort\u00e9s Solari,\u00a0destac\u00f3:\u00a0\u201cLa conservaci\u00f3n del c\u00f3ndor andino requiere de evidencia cient\u00edfica. Desde 2019, en el marco del Proyecto Manku, hemos desarrollado un trabajo sistem\u00e1tico de monitoreo satelital de patrones de vuelo y uso del territorio, que nos permite comprender c\u00f3mo se desplaza el c\u00f3ndor, qu\u00e9 amenazas enfrenta y d\u00f3nde se concentran los riesgos cr\u00edticos para esta especie. Este seguimiento cient\u00edfico de largo plazo es fundamental para tomar decisiones de conservaci\u00f3n adecuadas, basadas en datos y no en supuestos. Solo con evidencia s\u00f3lida es posible dise\u00f1ar pol\u00edticas, medidas de protecci\u00f3n y estrategias territoriales que realmente contribuyan a la conservaci\u00f3n efectiva de esta especie emblem\u00e1tica para Chile y nuestra regi\u00f3n\u201d.<\/p>\n<p dir=\"ltr\" style=\"text-align: justify;\">Cada uno de los tres c\u00f3ndores liberados porta en sus alas transmisores satelitales y de radio, con el fin de supervisar su adaptaci\u00f3n gradual al medio natural y paralelamente recopilar informaci\u00f3n ecol\u00f3gica sobre la especie.<\/p>\n<p dir=\"ltr\" style=\"text-align: justify;\"><strong>Sobre el programa<\/strong><\/p>\n<p dir=\"ltr\" style=\"text-align: justify;\">En 2014 se realiz\u00f3 la primera liberaci\u00f3n de c\u00f3ndores en el marco de este trabajo colaborativo. Desde entonces, y considerando los tres que se est\u00e1n liberando ahora, 24 c\u00f3ndores andinos han surcado los cielos gracias a las acciones del proyecto Manku. Veinte de estos individuos han sido reintroducidos al medio natural con transmisores satelitales, seguimiento que ha permitido verificar que casi todos han logrado insertarse en las poblaciones de c\u00f3ndores locales, desarrollando desplazamientos que cubren grandes extensiones de territorio chileno y argentino.<\/p>\n<\/div><\/section><\/div><div  style='height:50px' class='hr hr-invisible   avia-builder-el-6  el_after_av_one_full  el_before_av_social_share '><span class='hr-inner ' ><span class='hr-inner-style'><\/span><\/span><\/div><\/p>\n<div  class='av-social-sharing-box  avia-builder-el-7  el_after_av_hr  el_before_av_hr  '><div class='av-share-box'><h5 class='av-share-link-description av-no-toc '>Compartir esta noticia<\/h5><ul class='av-share-box-list noLightbox'><li class='av-share-link av-social-link-facebook' ><a target=\"_blank\" aria-label=\"Compartir en Facebook\" href='https:\/\/www.facebook.com\/sharer.php?u=https:\/\/radiorevelacionfm.cl\/?p=63384&#038;t=Tres%20nuevos%20c%C3%B3ndores%20andinos%20son%20liberados%20en%20el%20Parque%20Nacional%20Patagonia' aria-hidden='false' data-av_icon='\ue8f3' data-av_iconfont='entypo-fontello' title='' data-avia-related-tooltip='Compartir en Facebook' rel=\"noopener\"><span class='avia_hidden_link_text'>Compartir en Facebook<\/span><\/a><\/li><li class='av-share-link av-social-link-twitter' ><a target=\"_blank\" aria-label=\"Compartir en Twitter\" href='https:\/\/twitter.com\/share?text=Tres%20nuevos%20c%C3%B3ndores%20andinos%20son%20liberados%20en%20el%20Parque%20Nacional%20Patagonia&#038;url=https:\/\/radiorevelacionfm.cl\/?p=63384' aria-hidden='false' data-av_icon='\ue8f1' data-av_iconfont='entypo-fontello' title='' data-avia-related-tooltip='Compartir en Twitter' rel=\"noopener\"><span class='avia_hidden_link_text'>Compartir en Twitter<\/span><\/a><\/li><li class='av-share-link av-social-link-whatsapp' ><a target=\"_blank\" aria-label=\"Compartir en Whatsapp\" href='https:\/\/api.whatsapp.com\/send?text=https:\/\/radiorevelacionfm.cl\/?p=63384' aria-hidden='false' data-av_icon='\uf232' data-av_iconfont='entypo-fontello' title='' data-avia-related-tooltip='Compartir en Whatsapp' rel=\"noopener\"><span class='avia_hidden_link_text'>Compartir en Whatsapp<\/span><\/a><\/li><li class='av-share-link av-social-link-linkedin' ><a target=\"_blank\" aria-label=\"Compartir en LinkedIn\" href='https:\/\/linkedin.com\/shareArticle?mini=true&#038;title=Tres%20nuevos%20c%C3%B3ndores%20andinos%20son%20liberados%20en%20el%20Parque%20Nacional%20Patagonia&#038;url=https:\/\/radiorevelacionfm.cl\/?p=63384' aria-hidden='false' data-av_icon='\ue8fc' data-av_iconfont='entypo-fontello' title='' data-avia-related-tooltip='Compartir en LinkedIn' rel=\"noopener\"><span class='avia_hidden_link_text'>Compartir en LinkedIn<\/span><\/a><\/li><li class='av-share-link av-social-link-mail' ><a  aria-label=\"Compartir por correo\" href='mailto:?subject=Tres%20nuevos%20c%C3%B3ndores%20andinos%20son%20liberados%20en%20el%20Parque%20Nacional%20Patagonia&#038;body=https:\/\/radiorevelacionfm.cl\/?p=63384' aria-hidden='false' data-av_icon='\ue805' data-av_iconfont='entypo-fontello' title='' data-avia-related-tooltip='Compartir por correo'><span class='avia_hidden_link_text'>Compartir por correo<\/span><\/a><\/li><\/ul><\/div><\/div>\n<div  style='height:50px' class='hr hr-invisible   avia-builder-el-8  el_after_av_social_share  el_before_av_comments_list '><span class='hr-inner ' ><span class='hr-inner-style'><\/span><\/span><\/div>\n<div  class='av-buildercomment  av-blog-meta-html-info-disabled av-blog-meta-tag-disabled  '><\/div>\n","protected":false},"excerpt":{"rendered":"","protected":false},"author":1,"featured_media":63385,"comment_status":"closed","ping_status":"closed","sticky":false,"template":"","format":"standard","meta":{"footnotes":""},"categories":[38],"tags":[],"class_list":["post-63384","post","type-post","status-publish","format-standard","has-post-thumbnail","hentry","category-regional"],"jetpack_featured_media_url":"https:\/\/radiorevelacionfm.cl\/wp-content\/uploads\/2026\/01\/8-Diego-Marquez-natura.australis.photo-1.jpeg","_links":{"self":[{"href":"https:\/\/radiorevelacionfm.cl\/index.php?rest_route=\/wp\/v2\/posts\/63384","targetHints":{"allow":["GET"]}}],"collection":[{"href":"https:\/\/radiorevelacionfm.cl\/index.php?rest_route=\/wp\/v2\/posts"}],"about":[{"href":"https:\/\/radiorevelacionfm.cl\/index.php?rest_route=\/wp\/v2\/types\/post"}],"author":[{"embeddable":true,"href":"https:\/\/radiorevelacionfm.cl\/index.php?rest_route=\/wp\/v2\/users\/1"}],"replies":[{"embeddable":true,"href":"https:\/\/radiorevelacionfm.cl\/index.php?rest_route=%2Fwp%2Fv2%2Fcomments&post=63384"}],"version-history":[{"count":2,"href":"https:\/\/radiorevelacionfm.cl\/index.php?rest_route=\/wp\/v2\/posts\/63384\/revisions"}],"predecessor-version":[{"id":63387,"href":"https:\/\/radiorevelacionfm.cl\/index.php?rest_route=\/wp\/v2\/posts\/63384\/revisions\/63387"}],"wp:featuredmedia":[{"embeddable":true,"href":"https:\/\/radiorevelacionfm.cl\/index.php?rest_route=\/wp\/v2\/media\/63385"}],"wp:attachment":[{"href":"https:\/\/radiorevelacionfm.cl\/index.php?rest_route=%2Fwp%2Fv2%2Fmedia&parent=63384"}],"wp:term":[{"taxonomy":"category","embeddable":true,"href":"https:\/\/radiorevelacionfm.cl\/index.php?rest_route=%2Fwp%2Fv2%2Fcategories&post=63384"},{"taxonomy":"post_tag","embeddable":true,"href":"https:\/\/radiorevelacionfm.cl\/index.php?rest_route=%2Fwp%2Fv2%2Ftags&post=63384"}],"curies":[{"name":"wp","href":"https:\/\/api.w.org\/{rel}","templated":true}]}}