{"id":63374,"date":"2026-01-16T20:45:36","date_gmt":"2026-01-16T23:45:36","guid":{"rendered":"https:\/\/radiorevelacionfm.cl\/?p=63374"},"modified":"2026-01-16T20:50:42","modified_gmt":"2026-01-16T23:50:42","slug":"ex-administradora-municipal-demanda-al-alcalde-gatica-y-abre-nuevo-frente-judicial-en-coyhaique","status":"publish","type":"post","link":"https:\/\/radiorevelacionfm.cl\/?p=63374","title":{"rendered":"Ex administradora municipal demanda al alcalde Gatica y abre nuevo frente judicial en Coyhaique"},"content":{"rendered":"<div class=\"flex_column av_one_full  flex_column_div av-zero-column-padding first  avia-builder-el-0  el_before_av_one_full  avia-builder-el-first  \" style='border-radius:0px; '><div  class='avia-image-container  av-styling-    avia-builder-el-1  avia-builder-el-no-sibling  avia-align-center '  itemprop=\"image\" itemscope=\"itemscope\" itemtype=\"https:\/\/schema.org\/ImageObject\"  ><div class='avia-image-container-inner'><div class='avia-image-overlay-wrap'><img decoding=\"async\" class='wp-image-63417 avia-img-lazy-loading-not-63417 avia_image' src=\"https:\/\/radiorevelacionfm.cl\/wp-content\/uploads\/2026\/01\/APOYO.PNG-1-1-1.jpg\" alt='' title='APOYO.PNG (1) (1) (1)' height=\"600\" width=\"878\"  itemprop=\"thumbnailUrl\" srcset=\"https:\/\/radiorevelacionfm.cl\/wp-content\/uploads\/2026\/01\/APOYO.PNG-1-1-1.jpg 878w, https:\/\/radiorevelacionfm.cl\/wp-content\/uploads\/2026\/01\/APOYO.PNG-1-1-1-300x205.jpg 300w, https:\/\/radiorevelacionfm.cl\/wp-content\/uploads\/2026\/01\/APOYO.PNG-1-1-1-768x525.jpg 768w, https:\/\/radiorevelacionfm.cl\/wp-content\/uploads\/2026\/01\/APOYO.PNG-1-1-1-705x482.jpg 705w, https:\/\/radiorevelacionfm.cl\/wp-content\/uploads\/2026\/01\/APOYO.PNG-1-1-1-450x308.jpg 450w, https:\/\/radiorevelacionfm.cl\/wp-content\/uploads\/2026\/01\/APOYO.PNG-1-1-1-600x410.jpg 600w\" sizes=\"(max-width: 878px) 100vw, 878px\" \/><\/div><\/div><\/div><\/div><div class=\"flex_column av_one_full  flex_column_div av-zero-column-padding first  avia-builder-el-2  el_after_av_one_full  el_before_av_one_full  column-top-margin\" style='border-radius:0px; '><section class=\"av_textblock_section \"  itemscope=\"itemscope\" itemtype=\"https:\/\/schema.org\/BlogPosting\" itemprop=\"blogPost\" ><div class='avia_textblock  '   itemprop=\"text\" ><p style=\"text-align: center;\"><strong><span style=\"font-size: 18pt;\">Ex administradora municipal demanda al alcalde Gatica y abre nuevo frente judicial en Coyhaique<\/span><\/strong><\/p>\n<div id=\"gtx-trans\" style=\"position: absolute; left: -50px; top: 4.31534px;\">\n<div class=\"gtx-trans-icon\"><\/div>\n<\/div>\n<\/div><\/section><\/div><\/p>\n<div class=\"flex_column av_one_full  flex_column_div av-zero-column-padding first  avia-builder-el-4  el_after_av_one_full  el_before_av_hr  column-top-margin\" style='border-radius:0px; '><section class=\"av_textblock_section \"  itemscope=\"itemscope\" itemtype=\"https:\/\/schema.org\/BlogPosting\" itemprop=\"blogPost\" ><div class='avia_textblock  '   itemprop=\"text\" ><p dir=\"ltr\" style=\"text-align: justify;\"><em>La ex jefa administrativa del municipio interpuso una tutela laboral por vulneraci\u00f3n de derechos fundamentales tras su despido. La acci\u00f3n se suma a otros procesos y presentaciones que mantienen tensionada la gesti\u00f3n municipal.<\/em><\/p>\n<p dir=\"ltr\" style=\"text-align: justify;\">Un nuevo proceso judicial vuelve a situar al municipio de Coyhaique en el centro de la atenci\u00f3n p\u00fablica. La ex Administradora Municipal, Gabriela Constanza Retamal Retamal, present\u00f3 ante el Juzgado de Letras del Trabajo de Coyhaique una denuncia de tutela laboral por vulneraci\u00f3n de derechos fundamentales con ocasi\u00f3n del despido, dirigida en contra de la Ilustre Municipalidad de Coyhaique, representada legalmente por el alcalde Carlos Gatica Villegas (Democracia Cristiana).<\/p>\n<p dir=\"ltr\" style=\"text-align: justify;\">La acci\u00f3n se encuentra formalmente ingresada y solicita al tribunal declarar la vulneraci\u00f3n del derecho a la integridad ps\u00edquica, el derecho a la honra y la garant\u00eda de indemnidad, consagrados en la Constituci\u00f3n y en el C\u00f3digo del Trabajo. Asimismo, persigue el pago de indemnizaciones y prestaciones laborales por un monto total estimado superior a los 154 millones de pesos, junto con medidas de reparaci\u00f3n institucional.<\/p>\n<p dir=\"ltr\" style=\"text-align: justify;\">ROL DE ALTA RESPONSABILIDAD<\/p>\n<p dir=\"ltr\" style=\"text-align: justify;\">Gabriela Retamal se desempe\u00f1\u00f3 desde el 29 de junio de 2021 como Administradora Municipal, uno de los cargos de mayor jerarqu\u00eda t\u00e9cnica dentro del municipio, con funciones directas en la coordinaci\u00f3n de direcciones, control interno, tramitaci\u00f3n de procedimientos administrativos y subrogancia del alcalde.<\/p>\n<p dir=\"ltr\" style=\"text-align: justify;\">De acuerdo con los antecedentes contenidos en la presentaci\u00f3n judicial, durante su ejercicio habr\u00eda cumplido jornadas laborales extensas, con ingresos habituales alrededor de las 07:30 horas y salidas posteriores a las 21:00 o 22:00 horas, incluyendo fines de semana y feriados. Al momento de su desvinculaci\u00f3n, manten\u00eda 87 d\u00edas de feriado legal no gozados, y se reclama judicialmente el no pago de aproximadamente 24.981.000 pesos por horas extraordinarias correspondientes al a\u00f1o 2025.<\/p>\n<p dir=\"ltr\" style=\"text-align: justify;\">ACTIVACI\u00d3N DE PROTOCOLOS Y CONTEXTO DEL DESPIDO<\/p>\n<p dir=\"ltr\" style=\"text-align: justify;\">La demanda consigna que en octubre de 2025, en su calidad de alcaldesa subrogante, Gabriela Retamal activ\u00f3 el protocolo de la Ley Karin e instruy\u00f3 un sumario administrativo tras denuncias colectivas de maltrato laboral en la Casa del Adulto Mayor de Coyhaique, procedimiento que qued\u00f3 formalmente iniciado.<\/p>\n<p dir=\"ltr\" style=\"text-align: justify;\">Posteriormente, seg\u00fan se expone en el libelo, se habr\u00eda producido un deterioro progresivo de su situaci\u00f3n laboral y de su salud. La acci\u00f3n incorpora como antecedente que la Mutual de Seguridad calific\u00f3 su diagn\u00f3stico como enfermedad profesional, identificando como agente causal la \u201chostilidad de la jefatura\u201d.<\/p>\n<p dir=\"ltr\" style=\"text-align: justify;\">Con fecha 3 de diciembre de 2025, la Municipalidad fue notificada del inicio del procedimiento de calificaci\u00f3n de dicha patolog\u00eda. Al d\u00eda siguiente, el 4 de diciembre de 2025, mediante decreto alcaldicio, se dispuso su remoci\u00f3n por \u201cp\u00e9rdida de confianza\u201d.<\/p>\n<p dir=\"ltr\" style=\"text-align: justify;\">La demanda sostiene que esta secuencia de hechos es un elemento relevante que deber\u00e1 ser ponderado por el tribunal en el marco del procedimiento de tutela laboral.<\/p>\n<p dir=\"ltr\" style=\"text-align: justify;\">PRETENSIONES JUDICIALES<\/p>\n<p dir=\"ltr\" style=\"text-align: justify;\">Entre las peticiones sometidas a resoluci\u00f3n judicial se incluyen la declaraci\u00f3n de vulneraci\u00f3n de derechos fundamentales, una indemnizaci\u00f3n especial sancionatoria, una indemnizaci\u00f3n por da\u00f1o moral, el pago de feriados legales y horas extraordinarias adeudadas, adem\u00e1s de medidas de reparaci\u00f3n institucional, capacitaciones obligatorias y una disculpa p\u00fablica por parte del municipio.<\/p>\n<p dir=\"ltr\" style=\"text-align: justify;\">La causa se encuentra actualmente en tramitaci\u00f3n ante el Juzgado del Trabajo de Coyhaique.<\/p>\n<p dir=\"ltr\" style=\"text-align: justify;\">UN NUEVO EPISODIO EN UN ESCENARIO MUNICIPAL TENSIONADO<\/p>\n<p dir=\"ltr\" style=\"text-align: justify;\">Este proceso judicial se suma a un contexto institucional ya complejo. Durante el \u00faltimo tiempo, el Concejo Municipal ha sido formalmente notificado de actuaciones y observaciones de la Contralor\u00eda General de la Rep\u00fablica, y adem\u00e1s se encuentra en curso una presentaci\u00f3n ante el Tribunal Electoral Regional impulsada por concejales de distintos sectores pol\u00edticos, solicitando la destituci\u00f3n del alcalde por notable abandono de deberes y falta a la probidad administrativa.<\/p>\n<p dir=\"ltr\" style=\"text-align: justify;\">En ese marco, la demanda de la ex Administradora Municipal incorpora un nuevo componente al debate p\u00fablico local, esta vez desde la esfera judicial laboral, con eventuales implicancias institucionales que trascienden lo estrictamente contractual.<\/p>\n<\/div><\/section><\/div><div  style='height:50px' class='hr hr-invisible   avia-builder-el-6  el_after_av_one_full  el_before_av_social_share '><span class='hr-inner ' ><span class='hr-inner-style'><\/span><\/span><\/div><\/p>\n<div  class='av-social-sharing-box  avia-builder-el-7  el_after_av_hr  el_before_av_hr  '><div class='av-share-box'><h5 class='av-share-link-description av-no-toc '>Compartir esta noticia<\/h5><ul class='av-share-box-list noLightbox'><li class='av-share-link av-social-link-facebook' ><a target=\"_blank\" aria-label=\"Compartir en Facebook\" href='https:\/\/www.facebook.com\/sharer.php?u=https:\/\/radiorevelacionfm.cl\/?p=63374&#038;t=Ex%20administradora%20municipal%20demanda%20al%20alcalde%20Gatica%20y%20abre%20nuevo%20frente%20judicial%20en%20Coyhaique' aria-hidden='false' data-av_icon='\ue8f3' data-av_iconfont='entypo-fontello' title='' data-avia-related-tooltip='Compartir en Facebook' rel=\"noopener\"><span class='avia_hidden_link_text'>Compartir en Facebook<\/span><\/a><\/li><li class='av-share-link av-social-link-twitter' ><a target=\"_blank\" aria-label=\"Compartir en Twitter\" href='https:\/\/twitter.com\/share?text=Ex%20administradora%20municipal%20demanda%20al%20alcalde%20Gatica%20y%20abre%20nuevo%20frente%20judicial%20en%20Coyhaique&#038;url=https:\/\/radiorevelacionfm.cl\/?p=63374' aria-hidden='false' data-av_icon='\ue8f1' data-av_iconfont='entypo-fontello' title='' data-avia-related-tooltip='Compartir en Twitter' rel=\"noopener\"><span class='avia_hidden_link_text'>Compartir en Twitter<\/span><\/a><\/li><li class='av-share-link av-social-link-whatsapp' ><a target=\"_blank\" aria-label=\"Compartir en Whatsapp\" href='https:\/\/api.whatsapp.com\/send?text=https:\/\/radiorevelacionfm.cl\/?p=63374' aria-hidden='false' data-av_icon='\uf232' data-av_iconfont='entypo-fontello' title='' data-avia-related-tooltip='Compartir en Whatsapp' rel=\"noopener\"><span class='avia_hidden_link_text'>Compartir en Whatsapp<\/span><\/a><\/li><li class='av-share-link av-social-link-linkedin' ><a target=\"_blank\" aria-label=\"Compartir en LinkedIn\" href='https:\/\/linkedin.com\/shareArticle?mini=true&#038;title=Ex%20administradora%20municipal%20demanda%20al%20alcalde%20Gatica%20y%20abre%20nuevo%20frente%20judicial%20en%20Coyhaique&#038;url=https:\/\/radiorevelacionfm.cl\/?p=63374' aria-hidden='false' data-av_icon='\ue8fc' data-av_iconfont='entypo-fontello' title='' data-avia-related-tooltip='Compartir en LinkedIn' rel=\"noopener\"><span class='avia_hidden_link_text'>Compartir en LinkedIn<\/span><\/a><\/li><li class='av-share-link av-social-link-mail' ><a  aria-label=\"Compartir por correo\" href='mailto:?subject=Ex%20administradora%20municipal%20demanda%20al%20alcalde%20Gatica%20y%20abre%20nuevo%20frente%20judicial%20en%20Coyhaique&#038;body=https:\/\/radiorevelacionfm.cl\/?p=63374' aria-hidden='false' data-av_icon='\ue805' data-av_iconfont='entypo-fontello' title='' data-avia-related-tooltip='Compartir por correo'><span class='avia_hidden_link_text'>Compartir por correo<\/span><\/a><\/li><\/ul><\/div><\/div>\n<div  style='height:50px' class='hr hr-invisible   avia-builder-el-8  el_after_av_social_share  el_before_av_comments_list '><span class='hr-inner ' ><span class='hr-inner-style'><\/span><\/span><\/div>\n<div  class='av-buildercomment  av-blog-meta-html-info-disabled av-blog-meta-tag-disabled  '><\/div>\n","protected":false},"excerpt":{"rendered":"","protected":false},"author":1,"featured_media":63417,"comment_status":"closed","ping_status":"closed","sticky":false,"template":"","format":"standard","meta":{"footnotes":""},"categories":[38],"tags":[],"class_list":["post-63374","post","type-post","status-publish","format-standard","has-post-thumbnail","hentry","category-regional"],"jetpack_featured_media_url":"https:\/\/radiorevelacionfm.cl\/wp-content\/uploads\/2026\/01\/APOYO.PNG-1-1-1.jpg","_links":{"self":[{"href":"https:\/\/radiorevelacionfm.cl\/index.php?rest_route=\/wp\/v2\/posts\/63374","targetHints":{"allow":["GET"]}}],"collection":[{"href":"https:\/\/radiorevelacionfm.cl\/index.php?rest_route=\/wp\/v2\/posts"}],"about":[{"href":"https:\/\/radiorevelacionfm.cl\/index.php?rest_route=\/wp\/v2\/types\/post"}],"author":[{"embeddable":true,"href":"https:\/\/radiorevelacionfm.cl\/index.php?rest_route=\/wp\/v2\/users\/1"}],"replies":[{"embeddable":true,"href":"https:\/\/radiorevelacionfm.cl\/index.php?rest_route=%2Fwp%2Fv2%2Fcomments&post=63374"}],"version-history":[{"count":3,"href":"https:\/\/radiorevelacionfm.cl\/index.php?rest_route=\/wp\/v2\/posts\/63374\/revisions"}],"predecessor-version":[{"id":63377,"href":"https:\/\/radiorevelacionfm.cl\/index.php?rest_route=\/wp\/v2\/posts\/63374\/revisions\/63377"}],"wp:featuredmedia":[{"embeddable":true,"href":"https:\/\/radiorevelacionfm.cl\/index.php?rest_route=\/wp\/v2\/media\/63417"}],"wp:attachment":[{"href":"https:\/\/radiorevelacionfm.cl\/index.php?rest_route=%2Fwp%2Fv2%2Fmedia&parent=63374"}],"wp:term":[{"taxonomy":"category","embeddable":true,"href":"https:\/\/radiorevelacionfm.cl\/index.php?rest_route=%2Fwp%2Fv2%2Fcategories&post=63374"},{"taxonomy":"post_tag","embeddable":true,"href":"https:\/\/radiorevelacionfm.cl\/index.php?rest_route=%2Fwp%2Fv2%2Ftags&post=63374"}],"curies":[{"name":"wp","href":"https:\/\/api.w.org\/{rel}","templated":true}]}}