{"id":63370,"date":"2026-01-16T10:25:14","date_gmt":"2026-01-16T13:25:14","guid":{"rendered":"https:\/\/radiorevelacionfm.cl\/?p=63370"},"modified":"2026-01-16T10:25:14","modified_gmt":"2026-01-16T13:25:14","slug":"edelaysen-impulsa-el-emprendimiento-local-con-iluminacion-de-sede-de-artesanas-en-villa-manihuales","status":"publish","type":"post","link":"https:\/\/radiorevelacionfm.cl\/?p=63370","title":{"rendered":"Edelaysen impulsa el emprendimiento local con iluminaci\u00f3n de sede de artesanas en Villa Ma\u00f1ihuales"},"content":{"rendered":"<div class=\"flex_column av_one_full  flex_column_div av-zero-column-padding first  avia-builder-el-0  el_before_av_one_full  avia-builder-el-first  \" style='border-radius:0px; '><div  class='avia-image-container  av-styling-    avia-builder-el-1  avia-builder-el-no-sibling  avia-align-center '  itemprop=\"image\" itemscope=\"itemscope\" itemtype=\"https:\/\/schema.org\/ImageObject\"  ><div class='avia-image-container-inner'><div class='avia-image-overlay-wrap'><img decoding=\"async\" class='wp-image-63371 avia-img-lazy-loading-not-63371 avia_image' src=\"https:\/\/radiorevelacionfm.cl\/wp-content\/uploads\/2026\/01\/sede-manihuales-2-1_optimized.jpeg\" alt='' title='sede-ma\u00f1ihuales-(2)-(1)_optimized' height=\"600\" width=\"800\"  itemprop=\"thumbnailUrl\" srcset=\"https:\/\/radiorevelacionfm.cl\/wp-content\/uploads\/2026\/01\/sede-manihuales-2-1_optimized.jpeg 800w, https:\/\/radiorevelacionfm.cl\/wp-content\/uploads\/2026\/01\/sede-manihuales-2-1_optimized-300x225.jpeg 300w, https:\/\/radiorevelacionfm.cl\/wp-content\/uploads\/2026\/01\/sede-manihuales-2-1_optimized-768x576.jpeg 768w, https:\/\/radiorevelacionfm.cl\/wp-content\/uploads\/2026\/01\/sede-manihuales-2-1_optimized-705x529.jpeg 705w, https:\/\/radiorevelacionfm.cl\/wp-content\/uploads\/2026\/01\/sede-manihuales-2-1_optimized-450x338.jpeg 450w, https:\/\/radiorevelacionfm.cl\/wp-content\/uploads\/2026\/01\/sede-manihuales-2-1_optimized-600x450.jpeg 600w\" sizes=\"(max-width: 800px) 100vw, 800px\" \/><\/div><\/div><\/div><\/div><div class=\"flex_column av_one_full  flex_column_div av-zero-column-padding first  avia-builder-el-2  el_after_av_one_full  el_before_av_one_full  column-top-margin\" style='border-radius:0px; '><section class=\"av_textblock_section \"  itemscope=\"itemscope\" itemtype=\"https:\/\/schema.org\/BlogPosting\" itemprop=\"blogPost\" ><div class='avia_textblock  '   itemprop=\"text\" ><p style=\"text-align: center;\"><strong><span style=\"font-size: 18pt;\">Edelaysen impulsa el emprendimiento local con iluminaci\u00f3n de sede de artesanas en Villa Ma\u00f1ihuales<\/span><\/strong><\/p>\n<div id=\"gtx-trans\" style=\"position: absolute; left: -50px; top: 4.31534px;\">\n<div class=\"gtx-trans-icon\"><\/div>\n<\/div>\n<\/div><\/section><\/div><div class=\"flex_column av_one_full  flex_column_div av-zero-column-padding first  avia-builder-el-4  el_after_av_one_full  el_before_av_hr  column-top-margin\" style='border-radius:0px; '><section class=\"av_textblock_section \"  itemscope=\"itemscope\" itemtype=\"https:\/\/schema.org\/BlogPosting\" itemprop=\"blogPost\" ><div class='avia_textblock  '   itemprop=\"text\" ><p style=\"text-align: justify;\"><em>La iniciativa, enmarcada en el programa \u201cConecta tu sede\u201d, permiti\u00f3 mejorar la iluminaci\u00f3n de la sede comunitaria donde mujeres de la localidad desarrollan oficios y emprendimientos. \u00a0<\/em><\/p>\n<p style=\"text-align: justify;\">En el marco de su programa \u201cConecta tu sede\u201d Edelaysen realiz\u00f3 una mejora en la iluminaci\u00f3n de la Sede de Artesanas de Villa Ma\u00f1ihuales, contribuyendo al fortalecimiento de este espacio comunitario destinado al desarrollo de oficios y al trabajo colaborativo.<\/p>\n<p style=\"text-align: justify;\">La sede cumple un rol fundamental para las mujeres de la comunidad, ya que funciona como punto de encuentro para la creaci\u00f3n, el intercambio de saberes y el impulso de emprendimientos locales, generando un impacto positivo en el desarrollo local.<\/p>\n<p style=\"text-align: justify;\">Al respecto, la presidenta de la Asociaci\u00f3n de Artesanos de Villa Ma\u00f1ihuales, Susana Ojeda destac\u00f3 la importancia de esta iniciativa, se\u00f1alando que:<\/p>\n<p style=\"text-align: justify;\">\u201cDar las gracias por esta linda oportunidad que se nos dio de parte de Edelaysen para poder conectarnos a la red de electricidad. Nosotros cont\u00e1bamos con los puestos de salas de venta que tenemos en la localidad de Ma\u00f1ihuales y no ten\u00edamos luz, as\u00ed que hicimos una solicitud, fue bien acogida por parte del jefe de zona. Y hoy ya contamos con la luz, tenemos nuestros cinco puestos artesanales m\u00e1s la bodega, el ba\u00f1o, iluminaci\u00f3n afuera y en el hall de presentaci\u00f3n de artesan\u00eda. As\u00ed que muy contenta y agradecida, m\u00e1s que nada por esta linda oportunidad y esta forma de ayudarnos a nosotros como artesanos\u201d.<\/p>\n<p style=\"text-align: justify;\">Por su parte, el jefe de zona de Edelaysen Francisco Pavez, destac\u00f3 \u201ca trav\u00e9s del programa \u201cConecta tu sede\u201d, buscamos apoyar iniciativas que nacen desde la propia comunidad y que tienen un impacto directo en el trabajo diario de las personas. Para nosotros es importante aportar con soluciones concretas que mejoren las condiciones en que se desarrollan estos oficios y emprendimientos\u201d.<\/p>\n<p style=\"text-align: justify;\">Desde Edelaysen destacaron que tanto este programa con todos los relacionados a la vinculaci\u00f3n con la comunidad, seguir\u00e1n desarroll\u00e1ndose en distintas comunas y localidades, con el objetivo de mejorar espacios comunitarios y apoyar iniciativas que contribuyan al desarrollo local y al fortalecimiento de la vida comunitaria.<\/p>\n<\/div><\/section><\/div><div  style='height:50px' class='hr hr-invisible   avia-builder-el-6  el_after_av_one_full  el_before_av_social_share '><span class='hr-inner ' ><span class='hr-inner-style'><\/span><\/span><\/div><\/p>\n<div  class='av-social-sharing-box  avia-builder-el-7  el_after_av_hr  el_before_av_hr  '><div class='av-share-box'><h5 class='av-share-link-description av-no-toc '>Compartir esta noticia<\/h5><ul class='av-share-box-list noLightbox'><li class='av-share-link av-social-link-facebook' ><a target=\"_blank\" aria-label=\"Compartir en Facebook\" href='https:\/\/www.facebook.com\/sharer.php?u=https:\/\/radiorevelacionfm.cl\/?p=63370&#038;t=Edelaysen%20impulsa%20el%20emprendimiento%20local%20con%20iluminaci%C3%B3n%20de%20sede%20de%20artesanas%20en%20Villa%20Ma%C3%B1ihuales' aria-hidden='false' data-av_icon='\ue8f3' data-av_iconfont='entypo-fontello' title='' data-avia-related-tooltip='Compartir en Facebook' rel=\"noopener\"><span class='avia_hidden_link_text'>Compartir en Facebook<\/span><\/a><\/li><li class='av-share-link av-social-link-twitter' ><a target=\"_blank\" aria-label=\"Compartir en Twitter\" href='https:\/\/twitter.com\/share?text=Edelaysen%20impulsa%20el%20emprendimiento%20local%20con%20iluminaci%C3%B3n%20de%20sede%20de%20artesanas%20en%20Villa%20Ma%C3%B1ihuales&#038;url=https:\/\/radiorevelacionfm.cl\/?p=63370' aria-hidden='false' data-av_icon='\ue8f1' data-av_iconfont='entypo-fontello' title='' data-avia-related-tooltip='Compartir en Twitter' rel=\"noopener\"><span class='avia_hidden_link_text'>Compartir en Twitter<\/span><\/a><\/li><li class='av-share-link av-social-link-whatsapp' ><a target=\"_blank\" aria-label=\"Compartir en Whatsapp\" href='https:\/\/api.whatsapp.com\/send?text=https:\/\/radiorevelacionfm.cl\/?p=63370' aria-hidden='false' data-av_icon='\uf232' data-av_iconfont='entypo-fontello' title='' data-avia-related-tooltip='Compartir en Whatsapp' rel=\"noopener\"><span class='avia_hidden_link_text'>Compartir en Whatsapp<\/span><\/a><\/li><li class='av-share-link av-social-link-linkedin' ><a target=\"_blank\" aria-label=\"Compartir en LinkedIn\" href='https:\/\/linkedin.com\/shareArticle?mini=true&#038;title=Edelaysen%20impulsa%20el%20emprendimiento%20local%20con%20iluminaci%C3%B3n%20de%20sede%20de%20artesanas%20en%20Villa%20Ma%C3%B1ihuales&#038;url=https:\/\/radiorevelacionfm.cl\/?p=63370' aria-hidden='false' data-av_icon='\ue8fc' data-av_iconfont='entypo-fontello' title='' data-avia-related-tooltip='Compartir en LinkedIn' rel=\"noopener\"><span class='avia_hidden_link_text'>Compartir en LinkedIn<\/span><\/a><\/li><li class='av-share-link av-social-link-mail' ><a  aria-label=\"Compartir por correo\" href='mailto:?subject=Edelaysen%20impulsa%20el%20emprendimiento%20local%20con%20iluminaci%C3%B3n%20de%20sede%20de%20artesanas%20en%20Villa%20Ma%C3%B1ihuales&#038;body=https:\/\/radiorevelacionfm.cl\/?p=63370' aria-hidden='false' data-av_icon='\ue805' data-av_iconfont='entypo-fontello' title='' data-avia-related-tooltip='Compartir por correo'><span class='avia_hidden_link_text'>Compartir por correo<\/span><\/a><\/li><\/ul><\/div><\/div>\n<div  style='height:50px' class='hr hr-invisible   avia-builder-el-8  el_after_av_social_share  el_before_av_comments_list '><span class='hr-inner ' ><span class='hr-inner-style'><\/span><\/span><\/div>\n<div  class='av-buildercomment  av-blog-meta-html-info-disabled av-blog-meta-tag-disabled  '><\/div>\n","protected":false},"excerpt":{"rendered":"","protected":false},"author":1,"featured_media":63371,"comment_status":"closed","ping_status":"closed","sticky":false,"template":"","format":"standard","meta":{"footnotes":""},"categories":[38],"tags":[],"class_list":["post-63370","post","type-post","status-publish","format-standard","has-post-thumbnail","hentry","category-regional"],"jetpack_featured_media_url":"https:\/\/radiorevelacionfm.cl\/wp-content\/uploads\/2026\/01\/sede-manihuales-2-1_optimized.jpeg","_links":{"self":[{"href":"https:\/\/radiorevelacionfm.cl\/index.php?rest_route=\/wp\/v2\/posts\/63370","targetHints":{"allow":["GET"]}}],"collection":[{"href":"https:\/\/radiorevelacionfm.cl\/index.php?rest_route=\/wp\/v2\/posts"}],"about":[{"href":"https:\/\/radiorevelacionfm.cl\/index.php?rest_route=\/wp\/v2\/types\/post"}],"author":[{"embeddable":true,"href":"https:\/\/radiorevelacionfm.cl\/index.php?rest_route=\/wp\/v2\/users\/1"}],"replies":[{"embeddable":true,"href":"https:\/\/radiorevelacionfm.cl\/index.php?rest_route=%2Fwp%2Fv2%2Fcomments&post=63370"}],"version-history":[{"count":2,"href":"https:\/\/radiorevelacionfm.cl\/index.php?rest_route=\/wp\/v2\/posts\/63370\/revisions"}],"predecessor-version":[{"id":63373,"href":"https:\/\/radiorevelacionfm.cl\/index.php?rest_route=\/wp\/v2\/posts\/63370\/revisions\/63373"}],"wp:featuredmedia":[{"embeddable":true,"href":"https:\/\/radiorevelacionfm.cl\/index.php?rest_route=\/wp\/v2\/media\/63371"}],"wp:attachment":[{"href":"https:\/\/radiorevelacionfm.cl\/index.php?rest_route=%2Fwp%2Fv2%2Fmedia&parent=63370"}],"wp:term":[{"taxonomy":"category","embeddable":true,"href":"https:\/\/radiorevelacionfm.cl\/index.php?rest_route=%2Fwp%2Fv2%2Fcategories&post=63370"},{"taxonomy":"post_tag","embeddable":true,"href":"https:\/\/radiorevelacionfm.cl\/index.php?rest_route=%2Fwp%2Fv2%2Ftags&post=63370"}],"curies":[{"name":"wp","href":"https:\/\/api.w.org\/{rel}","templated":true}]}}