{"id":6337,"date":"2021-07-15T21:43:39","date_gmt":"2021-07-16T00:43:39","guid":{"rendered":"https:\/\/radiorevelacionfm.cl\/?p=6337"},"modified":"2021-07-15T21:43:39","modified_gmt":"2021-07-16T00:43:39","slug":"todo-dispuesto-para-la-reapertura-del-polideportivo-21-de-abril-en-la-comuna-de-aysen","status":"publish","type":"post","link":"https:\/\/radiorevelacionfm.cl\/?p=6337","title":{"rendered":"Todo dispuesto para la reapertura del Polideportivo 21 de Abril en la comuna de Ays\u00e9n"},"content":{"rendered":"<div class=\"flex_column av_one_full  flex_column_div av-zero-column-padding first  avia-builder-el-0  el_before_av_one_full  avia-builder-el-first  \" style='border-radius:0px; '><div  class='avia-image-container  av-styling-    avia-builder-el-1  avia-builder-el-no-sibling  avia-align-center '  itemprop=\"image\" itemscope=\"itemscope\" itemtype=\"https:\/\/schema.org\/ImageObject\"  ><div class='avia-image-container-inner'><div class='avia-image-overlay-wrap'><img decoding=\"async\" class='wp-image-6338 avia-img-lazy-loading-not-6338 avia_image' src=\"https:\/\/radiorevelacionfm.cl\/wp-content\/uploads\/2021\/07\/IMG-20200909-WA0043-1-1.jpg\" alt='' title='IMG-20200909-WA0043 (1) (1)' height=\"600\" width=\"800\"  itemprop=\"thumbnailUrl\" srcset=\"https:\/\/radiorevelacionfm.cl\/wp-content\/uploads\/2021\/07\/IMG-20200909-WA0043-1-1.jpg 800w, https:\/\/radiorevelacionfm.cl\/wp-content\/uploads\/2021\/07\/IMG-20200909-WA0043-1-1-300x225.jpg 300w, https:\/\/radiorevelacionfm.cl\/wp-content\/uploads\/2021\/07\/IMG-20200909-WA0043-1-1-768x576.jpg 768w, https:\/\/radiorevelacionfm.cl\/wp-content\/uploads\/2021\/07\/IMG-20200909-WA0043-1-1-705x529.jpg 705w, https:\/\/radiorevelacionfm.cl\/wp-content\/uploads\/2021\/07\/IMG-20200909-WA0043-1-1-600x450.jpg 600w\" sizes=\"(max-width: 800px) 100vw, 800px\" \/><\/div><\/div><\/div><\/div><div class=\"flex_column av_one_full  flex_column_div av-zero-column-padding first  avia-builder-el-2  el_after_av_one_full  el_before_av_one_full  column-top-margin\" style='border-radius:0px; '><section class=\"av_textblock_section \"  itemscope=\"itemscope\" itemtype=\"https:\/\/schema.org\/BlogPosting\" itemprop=\"blogPost\" ><div class='avia_textblock  '   itemprop=\"text\" ><p style=\"text-align: center;\"><strong><span style=\"font-size: 18pt;\">Todo dispuesto para la reapertura del Polideportivo 21 de Abril en la comuna de Ays\u00e9n<\/span><\/strong><\/p>\n<div id=\"gtx-trans\" style=\"position: absolute; left: -50px; top: 4.31534px;\">\n<div class=\"gtx-trans-icon\"><\/div>\n<\/div>\n<\/div><\/section><\/div><div class=\"flex_column av_one_full  flex_column_div av-zero-column-padding first  avia-builder-el-4  el_after_av_one_full  el_before_av_hr  column-top-margin\" style='border-radius:0px; '><section class=\"av_textblock_section \"  itemscope=\"itemscope\" itemtype=\"https:\/\/schema.org\/BlogPosting\" itemprop=\"blogPost\" ><div class='avia_textblock  '   itemprop=\"text\" ><p style=\"text-align: justify;\">Este pr\u00f3ximo lunes 19 de julio se realizar\u00e1 la reapertura del recinto Polideportivo 21 de Abril en Puerto Ays\u00e9n, esto en el marco de la actual fase en que se encuentra la comuna en el Plan Paso a Paso del Ministerio de Salud y que permite la disposici\u00f3n de recintos deportivos abiertos hacia la comunidad.<\/p>\n<p style=\"text-align: justify;\">De esta manera, con la disposici\u00f3n de dos salas de actividad f\u00edsica durante la primera semana -musculaci\u00f3n y cardiovascular-, y la apertura de clases dirigidas tras una primera semana de adaptaci\u00f3n y evaluaci\u00f3n de los docentes de la infraestructura deportiva, que se sumar\u00edan desde el d\u00eda 26 de julio.<\/p>\n<p style=\"text-align: justify;\">Ello, tras un intenso trabajo del equipo de la Corporaci\u00f3n Municipal de Deportes, liderado por el alcalde Julio Uribe y que permiti\u00f3 la toma de esta determinaci\u00f3n, que tiene por objetivo beneficiar a los vecinos y vecinas a trav\u00e9s de la pr\u00e1ctica del deporte y actividad f\u00edsica en un recinto que cumple con todos los est\u00e1ndares y protocolos exigidos por el Ministerio de Salud.<\/p>\n<p style=\"text-align: justify;\">Quienes quieran retomar la rutina deportiva en este espacio deber\u00e1n inscribirse a trav\u00e9s de un n\u00famero de whattsapp dispuesto en redes sociales municipales, y referente a la cancelaci\u00f3n, a fin de evitar el contacto material y f\u00edsico, se realizar\u00e1 mediante transferencia bancaria a la cuenta corriente de la Corporaci\u00f3n Municipal del Deporte en Ays\u00e9n.<\/p>\n<p style=\"text-align: justify;\">Respecto a los horarios de los bloques de trabajo de atenci\u00f3n a p\u00fablico estos ser\u00e1n parcializados y programados a las 8.00 \u2013 10.00 \u2013 16.30 &#8211; 18.00 \u2013 19.00 y 20.00 horas. Cada uno de estos, tiene una duraci\u00f3n de 90 minutos de trabajo general divididos en 60 minutos de actividad f\u00edsica\u00a0y 30 minutos de desinfecci\u00f3n y ventilaci\u00f3n de los espacios.<\/p>\n<p style=\"text-align: justify;\">El valor por ingreso corresponde a $1.500 sala cardio y musculaci\u00f3n y $2.000 clases dirigidas. \u201cSer\u00e1 muy relevante el pase de movilidad para quienes quieran venir a trabajar. Es importante portar poca indumentaria, idealmente botella de agua, ropa deportiva c\u00f3moda, pase de movilidad y llegar minutos previos para que se le haga el registro de ingreso\u201d, explic\u00f3 el instructor del Polideportivo 21 de Abril, Pablo Arancibia.<\/p>\n<p style=\"text-align: justify;\">El profesor de Educaci\u00f3n F\u00edsica relev\u00f3 adem\u00e1s que \u201caunque sea con una capacidad limitada estamos muy contentos de volver a entrenar con la comunidad ya que, si bien, se ha reducido mucho a la normalidad que atend\u00edamos en un a\u00f1o regular, hemos podido realizar nuestro trabajo, hemos podido ayudar, quiz\u00e1s a una menor cantidad de gente, pero tambi\u00e9n hemos podido ir cumpliendo los objetivos que nos hemos ido planteando. Me imagino que tambi\u00e9n las personas esperan con muchas ansias venir a entrenar, moverse, el trabajar su cuerpo, recuperarse de alguna lesi\u00f3n. Hay tambi\u00e9n factores muy importantes como el estr\u00e9s, el sedentarismo, en que el deporte y la actividad f\u00edsica son fundamentales, as\u00ed que felices con esta reapertura,\u201d finaliz\u00f3.<\/p>\n<\/div><\/section><\/div><div  style='height:50px' class='hr hr-invisible   avia-builder-el-6  el_after_av_one_full  el_before_av_social_share '><span class='hr-inner ' ><span class='hr-inner-style'><\/span><\/span><\/div><\/p>\n<div  class='av-social-sharing-box  avia-builder-el-7  el_after_av_hr  el_before_av_hr  '><div class='av-share-box'><h5 class='av-share-link-description av-no-toc '>Compartir esta noticia<\/h5><ul class='av-share-box-list noLightbox'><li class='av-share-link av-social-link-facebook' ><a target=\"_blank\" aria-label=\"Compartir en Facebook\" href='https:\/\/www.facebook.com\/sharer.php?u=https:\/\/radiorevelacionfm.cl\/?p=6337&#038;t=Todo%20dispuesto%20para%20la%20reapertura%20del%20Polideportivo%2021%20de%20Abril%20en%20la%20comuna%20de%20Ays%C3%A9n' aria-hidden='false' data-av_icon='\ue8f3' data-av_iconfont='entypo-fontello' title='' data-avia-related-tooltip='Compartir en Facebook' rel=\"noopener\"><span class='avia_hidden_link_text'>Compartir en Facebook<\/span><\/a><\/li><li class='av-share-link av-social-link-twitter' ><a target=\"_blank\" aria-label=\"Compartir en Twitter\" href='https:\/\/twitter.com\/share?text=Todo%20dispuesto%20para%20la%20reapertura%20del%20Polideportivo%2021%20de%20Abril%20en%20la%20comuna%20de%20Ays%C3%A9n&#038;url=https:\/\/radiorevelacionfm.cl\/?p=6337' aria-hidden='false' data-av_icon='\ue8f1' data-av_iconfont='entypo-fontello' title='' data-avia-related-tooltip='Compartir en Twitter' rel=\"noopener\"><span class='avia_hidden_link_text'>Compartir en Twitter<\/span><\/a><\/li><li class='av-share-link av-social-link-whatsapp' ><a target=\"_blank\" aria-label=\"Compartir en Whatsapp\" href='https:\/\/api.whatsapp.com\/send?text=https:\/\/radiorevelacionfm.cl\/?p=6337' aria-hidden='false' data-av_icon='\uf232' data-av_iconfont='entypo-fontello' title='' data-avia-related-tooltip='Compartir en Whatsapp' rel=\"noopener\"><span class='avia_hidden_link_text'>Compartir en Whatsapp<\/span><\/a><\/li><li class='av-share-link av-social-link-linkedin' ><a target=\"_blank\" aria-label=\"Compartir en LinkedIn\" href='https:\/\/linkedin.com\/shareArticle?mini=true&#038;title=Todo%20dispuesto%20para%20la%20reapertura%20del%20Polideportivo%2021%20de%20Abril%20en%20la%20comuna%20de%20Ays%C3%A9n&#038;url=https:\/\/radiorevelacionfm.cl\/?p=6337' aria-hidden='false' data-av_icon='\ue8fc' data-av_iconfont='entypo-fontello' title='' data-avia-related-tooltip='Compartir en LinkedIn' rel=\"noopener\"><span class='avia_hidden_link_text'>Compartir en LinkedIn<\/span><\/a><\/li><li class='av-share-link av-social-link-mail' ><a  aria-label=\"Compartir por correo\" href='mailto:?subject=Todo%20dispuesto%20para%20la%20reapertura%20del%20Polideportivo%2021%20de%20Abril%20en%20la%20comuna%20de%20Ays%C3%A9n&#038;body=https:\/\/radiorevelacionfm.cl\/?p=6337' aria-hidden='false' data-av_icon='\ue805' data-av_iconfont='entypo-fontello' title='' data-avia-related-tooltip='Compartir por correo'><span class='avia_hidden_link_text'>Compartir por correo<\/span><\/a><\/li><\/ul><\/div><\/div>\n<div  style='height:50px' class='hr hr-invisible   avia-builder-el-8  el_after_av_social_share  el_before_av_comments_list '><span class='hr-inner ' ><span class='hr-inner-style'><\/span><\/span><\/div>\n<div  class='av-buildercomment  av-blog-meta-html-info-disabled av-blog-meta-tag-disabled  '><\/div>\n","protected":false},"excerpt":{"rendered":"","protected":false},"author":1,"featured_media":6338,"comment_status":"open","ping_status":"open","sticky":false,"template":"","format":"standard","meta":{"footnotes":""},"categories":[40],"tags":[],"class_list":["post-6337","post","type-post","status-publish","format-standard","has-post-thumbnail","hentry","category-deportes"],"jetpack_featured_media_url":"https:\/\/radiorevelacionfm.cl\/wp-content\/uploads\/2021\/07\/IMG-20200909-WA0043-1-1.jpg","_links":{"self":[{"href":"https:\/\/radiorevelacionfm.cl\/index.php?rest_route=\/wp\/v2\/posts\/6337","targetHints":{"allow":["GET"]}}],"collection":[{"href":"https:\/\/radiorevelacionfm.cl\/index.php?rest_route=\/wp\/v2\/posts"}],"about":[{"href":"https:\/\/radiorevelacionfm.cl\/index.php?rest_route=\/wp\/v2\/types\/post"}],"author":[{"embeddable":true,"href":"https:\/\/radiorevelacionfm.cl\/index.php?rest_route=\/wp\/v2\/users\/1"}],"replies":[{"embeddable":true,"href":"https:\/\/radiorevelacionfm.cl\/index.php?rest_route=%2Fwp%2Fv2%2Fcomments&post=6337"}],"version-history":[{"count":1,"href":"https:\/\/radiorevelacionfm.cl\/index.php?rest_route=\/wp\/v2\/posts\/6337\/revisions"}],"predecessor-version":[{"id":6339,"href":"https:\/\/radiorevelacionfm.cl\/index.php?rest_route=\/wp\/v2\/posts\/6337\/revisions\/6339"}],"wp:featuredmedia":[{"embeddable":true,"href":"https:\/\/radiorevelacionfm.cl\/index.php?rest_route=\/wp\/v2\/media\/6338"}],"wp:attachment":[{"href":"https:\/\/radiorevelacionfm.cl\/index.php?rest_route=%2Fwp%2Fv2%2Fmedia&parent=6337"}],"wp:term":[{"taxonomy":"category","embeddable":true,"href":"https:\/\/radiorevelacionfm.cl\/index.php?rest_route=%2Fwp%2Fv2%2Fcategories&post=6337"},{"taxonomy":"post_tag","embeddable":true,"href":"https:\/\/radiorevelacionfm.cl\/index.php?rest_route=%2Fwp%2Fv2%2Ftags&post=6337"}],"curies":[{"name":"wp","href":"https:\/\/api.w.org\/{rel}","templated":true}]}}