{"id":63367,"date":"2026-01-15T21:34:07","date_gmt":"2026-01-16T00:34:07","guid":{"rendered":"https:\/\/radiorevelacionfm.cl\/?p=63367"},"modified":"2026-01-15T21:34:07","modified_gmt":"2026-01-16T00:34:07","slug":"anuncian-llegada-de-tienda-falabella-a-la-capital-regional-tras-reunion-entre-municipio-de-coyhaique-y-gerentes-de-la-empresa","status":"publish","type":"post","link":"https:\/\/radiorevelacionfm.cl\/?p=63367","title":{"rendered":"Anuncian llegada de tienda Falabella a la capital regional tras reuni\u00f3n entre Municipio de Coyhaique y gerentes de la empresa"},"content":{"rendered":"<div class=\"flex_column av_one_full  flex_column_div av-zero-column-padding first  avia-builder-el-0  el_before_av_one_full  avia-builder-el-first  \" style='border-radius:0px; '><div  class='avia-image-container  av-styling-    avia-builder-el-1  avia-builder-el-no-sibling  avia-align-center '  itemprop=\"image\" itemscope=\"itemscope\" itemtype=\"https:\/\/schema.org\/ImageObject\"  ><div class='avia-image-container-inner'><div class='avia-image-overlay-wrap'><img decoding=\"async\" class='wp-image-63312 avia-img-lazy-loading-not-63312 avia_image' src=\"https:\/\/radiorevelacionfm.cl\/wp-content\/uploads\/2026\/01\/del-2-1_optimized.jpeg\" alt='' title='del-2-(1)_optimized' height=\"600\" width=\"800\"  itemprop=\"thumbnailUrl\" srcset=\"https:\/\/radiorevelacionfm.cl\/wp-content\/uploads\/2026\/01\/del-2-1_optimized.jpeg 800w, https:\/\/radiorevelacionfm.cl\/wp-content\/uploads\/2026\/01\/del-2-1_optimized-300x225.jpeg 300w, https:\/\/radiorevelacionfm.cl\/wp-content\/uploads\/2026\/01\/del-2-1_optimized-768x576.jpeg 768w, https:\/\/radiorevelacionfm.cl\/wp-content\/uploads\/2026\/01\/del-2-1_optimized-705x529.jpeg 705w, https:\/\/radiorevelacionfm.cl\/wp-content\/uploads\/2026\/01\/del-2-1_optimized-450x338.jpeg 450w, https:\/\/radiorevelacionfm.cl\/wp-content\/uploads\/2026\/01\/del-2-1_optimized-600x450.jpeg 600w\" sizes=\"(max-width: 800px) 100vw, 800px\" \/><\/div><\/div><\/div><\/div><div class=\"flex_column av_one_full  flex_column_div av-zero-column-padding first  avia-builder-el-2  el_after_av_one_full  el_before_av_one_full  column-top-margin\" style='border-radius:0px; '><section class=\"av_textblock_section \"  itemscope=\"itemscope\" itemtype=\"https:\/\/schema.org\/BlogPosting\" itemprop=\"blogPost\" ><div class='avia_textblock  '   itemprop=\"text\" ><p style=\"text-align: center;\"><strong><span style=\"font-size: 18pt;\">Anuncian llegada de tienda Falabella a la capital regional tras reuni\u00f3n entre Municipio de Coyhaique y gerentes de la empresa<\/span><\/strong><\/p>\n<div id=\"gtx-trans\" style=\"position: absolute; left: -50px; top: 4.31534px;\">\n<div class=\"gtx-trans-icon\"><\/div>\n<\/div>\n<\/div><\/section><\/div><div class=\"flex_column av_one_full  flex_column_div av-zero-column-padding first  avia-builder-el-4  el_after_av_one_full  el_before_av_hr  column-top-margin\" style='border-radius:0px; '><section class=\"av_textblock_section \"  itemscope=\"itemscope\" itemtype=\"https:\/\/schema.org\/BlogPosting\" itemprop=\"blogPost\" ><div class='avia_textblock  '   itemprop=\"text\" ><p style=\"text-align: justify;\">En el marco del plan de Desarrollo Econ\u00f3mico que impulsa la Municipalidad de Coyhaique, liderada por el alcalde Carlos Gatica, la comuna recibir\u00e1 pr\u00f3ximamente a la tienda Falabella. Se trata de una serie de reuniones de trabajo que ha sostenido el jefe comunal con los gerentes de la empresa, que hoy se traducen en que la empresa privada concrete su inversi\u00f3n en la zona.<\/p>\n<p style=\"text-align: justify;\">Lo que se busca promover es una capital regional con mayor cantidad de servicios, que tenga este tipo de tiendas, una capital que sea mas atractiva para el visitante, para el turista, pero tambi\u00e9n para quien quiera vivir en ella.<\/p>\n<p style=\"text-align: justify;\">La llegada de Falabella a Coyhaique representa un nuevo hito en la segunda etapa del plan de desarrollo econ\u00f3mico comunal, orientado a diversificar la econom\u00eda local, atraer inversi\u00f3n privada y consolidar a la ciudad como un polo de servicios para la regi\u00f3n.<\/p>\n<p style=\"text-align: justify;\">Desde la compa\u00f1\u00eda, el Gerente Comercial de Falabella Chile, Karim Hodali Seda, destac\u00f3 la importancia de este arribo al Coraz\u00f3n de la Patagonia, asegurando que <strong>\u201c<\/strong><strong>estamos muy contentos con entrar a Coyhaique, ten\u00edamos muchas ganas de poder acercarnos a la comunidad, donde tendremos una propuesta integral con foco en moda, en vestuario y con la idea de trabajar un retail<\/strong><strong>\u201d. <\/strong><\/p>\n<p style=\"text-align: justify;\">El ejecutivo agreg\u00f3 que el proyecto contempla la apertura de una tienda que permitir\u00e1 la creaci\u00f3n de <strong>80 nuevos empleos<\/strong><strong>,<\/strong> contribuyendo directamente al desarrollo econ\u00f3mico y laboral de la comuna. Asimismo, se espera que la tienda inicie sus operaciones <strong>durante el primer semestre de este a\u00f1o<\/strong><strong>.<\/strong><\/p>\n<p style=\"text-align: justify;\">Sobre la empleabilidad, el alcalde asegur\u00f3 que se trabajar\u00e1 codo a codo con la OMIL con el objetivo de poder entregar los cupos laborales a la gente de la comuna, pero adem\u00e1s, confirmaron que la llegada de esta tienda permitir\u00e1 poder avanzar en la comercializaci\u00f3n de produtos regionales en las otras sucursales a nivel nacional, generando un impacto importante en la producci\u00f3n y comercio local.<\/p>\n<p style=\"text-align: justify;\">Por su parte, el alcalde de Coyhaique, Carlos Gatica, valor\u00f3 positivamente esta inversi\u00f3n, destacando el trabajo realizado desde el municipio para generar condiciones que permitan la llegada de grandes actores del comercio nacional, en este sentido mencion\u00f3 que <strong>\u201c<\/strong><strong>estamos muy contentos porque sigue avanzando en su segunda etapa nuestro plan de Desarrollo Econ\u00f3mico que hemos impulsado, generando un espacio importante para el comercio nacional en nuestra comuna<\/strong><strong>\u201d. <\/strong><\/p>\n<p style=\"text-align: justify;\">La instalaci\u00f3n de Falabella en Coyhaique se suma a una serie de iniciativas que buscan dinamizar la econom\u00eda local, ampliar las oportunidades laborales y mejorar la calidad de vida de los vecinos y vecinas, consolidando a la comuna como un territorio atractivo para la inversi\u00f3n y el crecimiento sostenible.<\/p>\n<\/div><\/section><\/div><div  style='height:50px' class='hr hr-invisible   avia-builder-el-6  el_after_av_one_full  el_before_av_social_share '><span class='hr-inner ' ><span class='hr-inner-style'><\/span><\/span><\/div><\/p>\n<div  class='av-social-sharing-box  avia-builder-el-7  el_after_av_hr  el_before_av_hr  '><div class='av-share-box'><h5 class='av-share-link-description av-no-toc '>Compartir esta noticia<\/h5><ul class='av-share-box-list noLightbox'><li class='av-share-link av-social-link-facebook' ><a target=\"_blank\" aria-label=\"Compartir en Facebook\" href='https:\/\/www.facebook.com\/sharer.php?u=https:\/\/radiorevelacionfm.cl\/?p=63367&#038;t=Anuncian%20llegada%20de%20tienda%20Falabella%20a%20la%20capital%20regional%20tras%20reuni%C3%B3n%20entre%20Municipio%20de%20Coyhaique%20y%20gerentes%20de%20la%20empresa' aria-hidden='false' data-av_icon='\ue8f3' data-av_iconfont='entypo-fontello' title='' data-avia-related-tooltip='Compartir en Facebook' rel=\"noopener\"><span class='avia_hidden_link_text'>Compartir en Facebook<\/span><\/a><\/li><li class='av-share-link av-social-link-twitter' ><a target=\"_blank\" aria-label=\"Compartir en Twitter\" href='https:\/\/twitter.com\/share?text=Anuncian%20llegada%20de%20tienda%20Falabella%20a%20la%20capital%20regional%20tras%20reuni%C3%B3n%20entre%20Municipio%20de%20Coyhaique%20y%20gerentes%20de%20la%20empresa&#038;url=https:\/\/radiorevelacionfm.cl\/?p=63367' aria-hidden='false' data-av_icon='\ue8f1' data-av_iconfont='entypo-fontello' title='' data-avia-related-tooltip='Compartir en Twitter' rel=\"noopener\"><span class='avia_hidden_link_text'>Compartir en Twitter<\/span><\/a><\/li><li class='av-share-link av-social-link-whatsapp' ><a target=\"_blank\" aria-label=\"Compartir en Whatsapp\" href='https:\/\/api.whatsapp.com\/send?text=https:\/\/radiorevelacionfm.cl\/?p=63367' aria-hidden='false' data-av_icon='\uf232' data-av_iconfont='entypo-fontello' title='' data-avia-related-tooltip='Compartir en Whatsapp' rel=\"noopener\"><span class='avia_hidden_link_text'>Compartir en Whatsapp<\/span><\/a><\/li><li class='av-share-link av-social-link-linkedin' ><a target=\"_blank\" aria-label=\"Compartir en LinkedIn\" href='https:\/\/linkedin.com\/shareArticle?mini=true&#038;title=Anuncian%20llegada%20de%20tienda%20Falabella%20a%20la%20capital%20regional%20tras%20reuni%C3%B3n%20entre%20Municipio%20de%20Coyhaique%20y%20gerentes%20de%20la%20empresa&#038;url=https:\/\/radiorevelacionfm.cl\/?p=63367' aria-hidden='false' data-av_icon='\ue8fc' data-av_iconfont='entypo-fontello' title='' data-avia-related-tooltip='Compartir en LinkedIn' rel=\"noopener\"><span class='avia_hidden_link_text'>Compartir en LinkedIn<\/span><\/a><\/li><li class='av-share-link av-social-link-mail' ><a  aria-label=\"Compartir por correo\" href='mailto:?subject=Anuncian%20llegada%20de%20tienda%20Falabella%20a%20la%20capital%20regional%20tras%20reuni%C3%B3n%20entre%20Municipio%20de%20Coyhaique%20y%20gerentes%20de%20la%20empresa&#038;body=https:\/\/radiorevelacionfm.cl\/?p=63367' aria-hidden='false' data-av_icon='\ue805' data-av_iconfont='entypo-fontello' title='' data-avia-related-tooltip='Compartir por correo'><span class='avia_hidden_link_text'>Compartir por correo<\/span><\/a><\/li><\/ul><\/div><\/div>\n<div  style='height:50px' class='hr hr-invisible   avia-builder-el-8  el_after_av_social_share  el_before_av_comments_list '><span class='hr-inner ' ><span class='hr-inner-style'><\/span><\/span><\/div>\n<div  class='av-buildercomment  av-blog-meta-html-info-disabled av-blog-meta-tag-disabled  '><\/div>\n","protected":false},"excerpt":{"rendered":"","protected":false},"author":1,"featured_media":63312,"comment_status":"closed","ping_status":"closed","sticky":false,"template":"","format":"standard","meta":{"footnotes":""},"categories":[38],"tags":[],"class_list":["post-63367","post","type-post","status-publish","format-standard","has-post-thumbnail","hentry","category-regional"],"jetpack_featured_media_url":"https:\/\/radiorevelacionfm.cl\/wp-content\/uploads\/2026\/01\/del-2-1_optimized.jpeg","_links":{"self":[{"href":"https:\/\/radiorevelacionfm.cl\/index.php?rest_route=\/wp\/v2\/posts\/63367","targetHints":{"allow":["GET"]}}],"collection":[{"href":"https:\/\/radiorevelacionfm.cl\/index.php?rest_route=\/wp\/v2\/posts"}],"about":[{"href":"https:\/\/radiorevelacionfm.cl\/index.php?rest_route=\/wp\/v2\/types\/post"}],"author":[{"embeddable":true,"href":"https:\/\/radiorevelacionfm.cl\/index.php?rest_route=\/wp\/v2\/users\/1"}],"replies":[{"embeddable":true,"href":"https:\/\/radiorevelacionfm.cl\/index.php?rest_route=%2Fwp%2Fv2%2Fcomments&post=63367"}],"version-history":[{"count":2,"href":"https:\/\/radiorevelacionfm.cl\/index.php?rest_route=\/wp\/v2\/posts\/63367\/revisions"}],"predecessor-version":[{"id":63369,"href":"https:\/\/radiorevelacionfm.cl\/index.php?rest_route=\/wp\/v2\/posts\/63367\/revisions\/63369"}],"wp:featuredmedia":[{"embeddable":true,"href":"https:\/\/radiorevelacionfm.cl\/index.php?rest_route=\/wp\/v2\/media\/63312"}],"wp:attachment":[{"href":"https:\/\/radiorevelacionfm.cl\/index.php?rest_route=%2Fwp%2Fv2%2Fmedia&parent=63367"}],"wp:term":[{"taxonomy":"category","embeddable":true,"href":"https:\/\/radiorevelacionfm.cl\/index.php?rest_route=%2Fwp%2Fv2%2Fcategories&post=63367"},{"taxonomy":"post_tag","embeddable":true,"href":"https:\/\/radiorevelacionfm.cl\/index.php?rest_route=%2Fwp%2Fv2%2Ftags&post=63367"}],"curies":[{"name":"wp","href":"https:\/\/api.w.org\/{rel}","templated":true}]}}