{"id":63364,"date":"2026-01-15T21:05:31","date_gmt":"2026-01-16T00:05:31","guid":{"rendered":"https:\/\/radiorevelacionfm.cl\/?p=63364"},"modified":"2026-01-15T21:05:31","modified_gmt":"2026-01-16T00:05:31","slug":"fiscalia-presento-apelacion-ante-la-corte-de-apelaciones-por-decision-de-juzgado-que-suspendio-procedimiento-en-contra-de-parlamentario","status":"publish","type":"post","link":"https:\/\/radiorevelacionfm.cl\/?p=63364","title":{"rendered":"Fiscal\u00eda present\u00f3 apelaci\u00f3n ante la Corte de Apelaciones por decisi\u00f3n de Juzgado que suspendi\u00f3 procedimiento en contra de parlamentario"},"content":{"rendered":"<div class=\"flex_column av_one_full  flex_column_div av-zero-column-padding first  avia-builder-el-0  el_before_av_one_full  avia-builder-el-first  \" style='border-radius:0px; '><div  class='avia-image-container  av-styling-    avia-builder-el-1  avia-builder-el-no-sibling  avia-align-center '  itemprop=\"image\" itemscope=\"itemscope\" itemtype=\"https:\/\/schema.org\/ImageObject\"  ><div class='avia-image-container-inner'><div class='avia-image-overlay-wrap'><img decoding=\"async\" class='wp-image-63295 avia-img-lazy-loading-not-63295 avia_image' src=\"https:\/\/radiorevelacionfm.cl\/wp-content\/uploads\/2026\/01\/3-2026-01-14t142919_optimized.348-1.jpg\" alt='' title='3---2026-01-14t142919_optimized.348-(1)' height=\"600\" width=\"911\"  itemprop=\"thumbnailUrl\" srcset=\"https:\/\/radiorevelacionfm.cl\/wp-content\/uploads\/2026\/01\/3-2026-01-14t142919_optimized.348-1.jpg 911w, https:\/\/radiorevelacionfm.cl\/wp-content\/uploads\/2026\/01\/3-2026-01-14t142919_optimized.348-1-300x198.jpg 300w, https:\/\/radiorevelacionfm.cl\/wp-content\/uploads\/2026\/01\/3-2026-01-14t142919_optimized.348-1-768x506.jpg 768w, https:\/\/radiorevelacionfm.cl\/wp-content\/uploads\/2026\/01\/3-2026-01-14t142919_optimized.348-1-705x464.jpg 705w, https:\/\/radiorevelacionfm.cl\/wp-content\/uploads\/2026\/01\/3-2026-01-14t142919_optimized.348-1-450x296.jpg 450w, https:\/\/radiorevelacionfm.cl\/wp-content\/uploads\/2026\/01\/3-2026-01-14t142919_optimized.348-1-600x395.jpg 600w\" sizes=\"(max-width: 911px) 100vw, 911px\" \/><\/div><\/div><\/div><\/div><div class=\"flex_column av_one_full  flex_column_div av-zero-column-padding first  avia-builder-el-2  el_after_av_one_full  el_before_av_one_full  column-top-margin\" style='border-radius:0px; '><section class=\"av_textblock_section \"  itemscope=\"itemscope\" itemtype=\"https:\/\/schema.org\/BlogPosting\" itemprop=\"blogPost\" ><div class='avia_textblock  '   itemprop=\"text\" ><p style=\"text-align: center;\"><strong><span style=\"font-size: 18pt;\">Fiscal\u00eda present\u00f3 apelaci\u00f3n ante la Corte de Apelaciones por decisi\u00f3n de Juzgado que suspendi\u00f3 procedimiento en contra de parlamentario<\/span><\/strong><\/p>\n<div id=\"gtx-trans\" style=\"position: absolute; left: -50px; top: 4.31534px;\">\n<div class=\"gtx-trans-icon\"><\/div>\n<\/div>\n<\/div><\/section><\/div><div class=\"flex_column av_one_full  flex_column_div av-zero-column-padding first  avia-builder-el-4  el_after_av_one_full  el_before_av_hr  column-top-margin\" style='border-radius:0px; '><section class=\"av_textblock_section \"  itemscope=\"itemscope\" itemtype=\"https:\/\/schema.org\/BlogPosting\" itemprop=\"blogPost\" ><div class='avia_textblock  '   itemprop=\"text\" ><p style=\"text-align: justify;\">La Fiscal\u00eda Regional de Ays\u00e9n present\u00f3 un recurso de apelaci\u00f3n en contra de la resoluci\u00f3n dictada por el Juzgado de Garant\u00eda de Coyhaique el pasado 14 de enero, por la cual se suspendi\u00f3 el procedimiento en contra del imputado Sr. Miguel \u00c1ngel Calisto \u00c1guila, quien fue formalizado -junto a otros tres imputados- por hechos ocurridos entre el 2018 y 2022 y que ser\u00edan constitutivos de delitos reiterados de fraude al Fisco.<\/p>\n<p style=\"text-align: justify;\">Lo anterior, basado en que el referido Diputado ya fue desaforado conforme a la resoluci\u00f3n pronunciada con fecha 14 de noviembre del a\u00f1o 2025 por la Excelent\u00edsima Corte Suprema, la cual confirm\u00f3 la resoluci\u00f3n del 4 de agosto pasado, dictada por la Ilustr\u00edsima Corte de Apelaciones de Coyhaique, sin existir -a juicio de la Fiscal\u00eda-, norma legal que faculte a decretar, en este caso, la suspensi\u00f3n del procedimiento por parte del Tribunal de Garant\u00eda de Coyhaique.<\/p>\n<p style=\"text-align: justify;\">Corresponder\u00e1 ahora a la Ilustr\u00edsima Corte de Apelaciones de Coyhaique, conocer los antecedentes y confirmar o revocar la resoluci\u00f3n recurrida por la Fiscal\u00eda, a fin de que pueda continuar el procedimiento respecto del parlamentario.<\/p>\n<p style=\"text-align: justify;\">FORMALIZACI\u00d3N<\/p>\n<p style=\"text-align: justify;\">En la audiencia de formalizaci\u00f3n desarrollada el pasado mi\u00e9rcoles ante el Juzgado de Garant\u00eda de Coyhaique, el Ministerio P\u00fablico comunic\u00f3 a los imputados Miguel \u00c1ngel Calisto \u00c1guila, Carla Nicole Graff Toledo, Roland Andr\u00e9s C\u00e1rcamo Catal\u00e1n y Felipe Ignacio Klein Vidal, que se sigue una investigaci\u00f3n en su contra por diversos hechos vinculados a un presunto delito de fraude al Fisco, en car\u00e1cter de reiterados, previsto y sancionado en el art\u00edculo 239 inciso 3\u00b0 del C\u00f3digo Penal.<\/p>\n<p style=\"text-align: justify;\">Las diligencias investigativas de esta causa han sido realizadas con apoyo de la Brigada de Delitos Econ\u00f3micos de la Polic\u00eda de Investigaciones de Chile y la Unidad Especializada Anticorrupci\u00f3n, Lavado de Activos y Probidad Interna (UNAC) de la Fiscal\u00eda Nacional.<\/p>\n<\/div><\/section><\/div><div  style='height:50px' class='hr hr-invisible   avia-builder-el-6  el_after_av_one_full  el_before_av_social_share '><span class='hr-inner ' ><span class='hr-inner-style'><\/span><\/span><\/div><\/p>\n<div  class='av-social-sharing-box  avia-builder-el-7  el_after_av_hr  el_before_av_hr  '><div class='av-share-box'><h5 class='av-share-link-description av-no-toc '>Compartir esta noticia<\/h5><ul class='av-share-box-list noLightbox'><li class='av-share-link av-social-link-facebook' ><a target=\"_blank\" aria-label=\"Compartir en Facebook\" href='https:\/\/www.facebook.com\/sharer.php?u=https:\/\/radiorevelacionfm.cl\/?p=63364&#038;t=Fiscal%C3%ADa%20present%C3%B3%20apelaci%C3%B3n%20ante%20la%20Corte%20de%20Apelaciones%20por%20decisi%C3%B3n%20de%20Juzgado%20que%20suspendi%C3%B3%20procedimiento%20en%20contra%20de%20parlamentario' aria-hidden='false' data-av_icon='\ue8f3' data-av_iconfont='entypo-fontello' title='' data-avia-related-tooltip='Compartir en Facebook' rel=\"noopener\"><span class='avia_hidden_link_text'>Compartir en Facebook<\/span><\/a><\/li><li class='av-share-link av-social-link-twitter' ><a target=\"_blank\" aria-label=\"Compartir en Twitter\" href='https:\/\/twitter.com\/share?text=Fiscal%C3%ADa%20present%C3%B3%20apelaci%C3%B3n%20ante%20la%20Corte%20de%20Apelaciones%20por%20decisi%C3%B3n%20de%20Juzgado%20que%20suspendi%C3%B3%20procedimiento%20en%20contra%20de%20parlamentario&#038;url=https:\/\/radiorevelacionfm.cl\/?p=63364' aria-hidden='false' data-av_icon='\ue8f1' data-av_iconfont='entypo-fontello' title='' data-avia-related-tooltip='Compartir en Twitter' rel=\"noopener\"><span class='avia_hidden_link_text'>Compartir en Twitter<\/span><\/a><\/li><li class='av-share-link av-social-link-whatsapp' ><a target=\"_blank\" aria-label=\"Compartir en Whatsapp\" href='https:\/\/api.whatsapp.com\/send?text=https:\/\/radiorevelacionfm.cl\/?p=63364' aria-hidden='false' data-av_icon='\uf232' data-av_iconfont='entypo-fontello' title='' data-avia-related-tooltip='Compartir en Whatsapp' rel=\"noopener\"><span class='avia_hidden_link_text'>Compartir en Whatsapp<\/span><\/a><\/li><li class='av-share-link av-social-link-linkedin' ><a target=\"_blank\" aria-label=\"Compartir en LinkedIn\" href='https:\/\/linkedin.com\/shareArticle?mini=true&#038;title=Fiscal%C3%ADa%20present%C3%B3%20apelaci%C3%B3n%20ante%20la%20Corte%20de%20Apelaciones%20por%20decisi%C3%B3n%20de%20Juzgado%20que%20suspendi%C3%B3%20procedimiento%20en%20contra%20de%20parlamentario&#038;url=https:\/\/radiorevelacionfm.cl\/?p=63364' aria-hidden='false' data-av_icon='\ue8fc' data-av_iconfont='entypo-fontello' title='' data-avia-related-tooltip='Compartir en LinkedIn' rel=\"noopener\"><span class='avia_hidden_link_text'>Compartir en LinkedIn<\/span><\/a><\/li><li class='av-share-link av-social-link-mail' ><a  aria-label=\"Compartir por correo\" href='mailto:?subject=Fiscal%C3%ADa%20present%C3%B3%20apelaci%C3%B3n%20ante%20la%20Corte%20de%20Apelaciones%20por%20decisi%C3%B3n%20de%20Juzgado%20que%20suspendi%C3%B3%20procedimiento%20en%20contra%20de%20parlamentario&#038;body=https:\/\/radiorevelacionfm.cl\/?p=63364' aria-hidden='false' data-av_icon='\ue805' data-av_iconfont='entypo-fontello' title='' data-avia-related-tooltip='Compartir por correo'><span class='avia_hidden_link_text'>Compartir por correo<\/span><\/a><\/li><\/ul><\/div><\/div>\n<div  style='height:50px' class='hr hr-invisible   avia-builder-el-8  el_after_av_social_share  el_before_av_comments_list '><span class='hr-inner ' ><span class='hr-inner-style'><\/span><\/span><\/div>\n<div  class='av-buildercomment  av-blog-meta-html-info-disabled av-blog-meta-tag-disabled  '><\/div>\n","protected":false},"excerpt":{"rendered":"","protected":false},"author":1,"featured_media":63295,"comment_status":"closed","ping_status":"closed","sticky":false,"template":"","format":"standard","meta":{"footnotes":""},"categories":[55],"tags":[],"class_list":["post-63364","post","type-post","status-publish","format-standard","has-post-thumbnail","hentry","category-justicia"],"jetpack_featured_media_url":"https:\/\/radiorevelacionfm.cl\/wp-content\/uploads\/2026\/01\/3-2026-01-14t142919_optimized.348-1.jpg","_links":{"self":[{"href":"https:\/\/radiorevelacionfm.cl\/index.php?rest_route=\/wp\/v2\/posts\/63364","targetHints":{"allow":["GET"]}}],"collection":[{"href":"https:\/\/radiorevelacionfm.cl\/index.php?rest_route=\/wp\/v2\/posts"}],"about":[{"href":"https:\/\/radiorevelacionfm.cl\/index.php?rest_route=\/wp\/v2\/types\/post"}],"author":[{"embeddable":true,"href":"https:\/\/radiorevelacionfm.cl\/index.php?rest_route=\/wp\/v2\/users\/1"}],"replies":[{"embeddable":true,"href":"https:\/\/radiorevelacionfm.cl\/index.php?rest_route=%2Fwp%2Fv2%2Fcomments&post=63364"}],"version-history":[{"count":2,"href":"https:\/\/radiorevelacionfm.cl\/index.php?rest_route=\/wp\/v2\/posts\/63364\/revisions"}],"predecessor-version":[{"id":63366,"href":"https:\/\/radiorevelacionfm.cl\/index.php?rest_route=\/wp\/v2\/posts\/63364\/revisions\/63366"}],"wp:featuredmedia":[{"embeddable":true,"href":"https:\/\/radiorevelacionfm.cl\/index.php?rest_route=\/wp\/v2\/media\/63295"}],"wp:attachment":[{"href":"https:\/\/radiorevelacionfm.cl\/index.php?rest_route=%2Fwp%2Fv2%2Fmedia&parent=63364"}],"wp:term":[{"taxonomy":"category","embeddable":true,"href":"https:\/\/radiorevelacionfm.cl\/index.php?rest_route=%2Fwp%2Fv2%2Fcategories&post=63364"},{"taxonomy":"post_tag","embeddable":true,"href":"https:\/\/radiorevelacionfm.cl\/index.php?rest_route=%2Fwp%2Fv2%2Ftags&post=63364"}],"curies":[{"name":"wp","href":"https:\/\/api.w.org\/{rel}","templated":true}]}}