{"id":63360,"date":"2026-01-17T21:01:22","date_gmt":"2026-01-18T00:01:22","guid":{"rendered":"https:\/\/radiorevelacionfm.cl\/?p=63360"},"modified":"2026-01-17T21:01:22","modified_gmt":"2026-01-18T00:01:22","slug":"el-comite-interinstitucional-de-contingencias-ambientales-de-aysen-se-reunio-para-abordar-eventuales-emergencias-en-la-region","status":"publish","type":"post","link":"https:\/\/radiorevelacionfm.cl\/?p=63360","title":{"rendered":"El Comit\u00e9 Interinstitucional de Contingencias Ambientales de Ays\u00e9n se reuni\u00f3 para abordar eventuales emergencias en la regi\u00f3n"},"content":{"rendered":"<div class=\"flex_column av_one_full  flex_column_div av-zero-column-padding first  avia-builder-el-0  el_before_av_one_full  avia-builder-el-first  \" style='border-radius:0px; '><div  class='avia-image-container  av-styling-    avia-builder-el-1  avia-builder-el-no-sibling  avia-align-center '  itemprop=\"image\" itemscope=\"itemscope\" itemtype=\"https:\/\/schema.org\/ImageObject\"  ><div class='avia-image-container-inner'><div class='avia-image-overlay-wrap'><img decoding=\"async\" class='wp-image-63361 avia-img-lazy-loading-not-63361 avia_image' src=\"https:\/\/radiorevelacionfm.cl\/wp-content\/uploads\/2026\/01\/17-6-1_optimized.jpg\" alt='' title='17-(6)-(1)_optimized' height=\"600\" width=\"800\"  itemprop=\"thumbnailUrl\" srcset=\"https:\/\/radiorevelacionfm.cl\/wp-content\/uploads\/2026\/01\/17-6-1_optimized.jpg 800w, https:\/\/radiorevelacionfm.cl\/wp-content\/uploads\/2026\/01\/17-6-1_optimized-300x225.jpg 300w, https:\/\/radiorevelacionfm.cl\/wp-content\/uploads\/2026\/01\/17-6-1_optimized-768x576.jpg 768w, https:\/\/radiorevelacionfm.cl\/wp-content\/uploads\/2026\/01\/17-6-1_optimized-705x529.jpg 705w, https:\/\/radiorevelacionfm.cl\/wp-content\/uploads\/2026\/01\/17-6-1_optimized-450x338.jpg 450w, https:\/\/radiorevelacionfm.cl\/wp-content\/uploads\/2026\/01\/17-6-1_optimized-600x450.jpg 600w\" sizes=\"(max-width: 800px) 100vw, 800px\" \/><\/div><\/div><\/div><\/div><div class=\"flex_column av_one_full  flex_column_div av-zero-column-padding first  avia-builder-el-2  el_after_av_one_full  el_before_av_one_full  column-top-margin\" style='border-radius:0px; '><section class=\"av_textblock_section \"  itemscope=\"itemscope\" itemtype=\"https:\/\/schema.org\/BlogPosting\" itemprop=\"blogPost\" ><div class='avia_textblock  '   itemprop=\"text\" ><p style=\"font-weight: 400; text-align: center;\"><span style=\"font-size: 18pt;\"><strong>El Comit\u00e9 Interinstitucional de Contingencias Ambientales de Ays\u00e9n se reuni\u00f3 para abordar eventuales emergencias en la regi\u00f3n<\/strong><\/span><\/p>\n<div id=\"gtx-trans\" style=\"position: absolute; left: -50px; top: 4.31534px;\">\n<div class=\"gtx-trans-icon\"><\/div>\n<\/div>\n<\/div><\/section><\/div><div class=\"flex_column av_one_full  flex_column_div av-zero-column-padding first  avia-builder-el-4  el_after_av_one_full  el_before_av_hr  column-top-margin\" style='border-radius:0px; '><section class=\"av_textblock_section \"  itemscope=\"itemscope\" itemtype=\"https:\/\/schema.org\/BlogPosting\" itemprop=\"blogPost\" ><div class='avia_textblock  '   itemprop=\"text\" ><p style=\"font-weight: 400; text-align: justify;\">Con el objetivo de fortalecer la coordinaci\u00f3n interinstitucional frente a eventuales contingencias ambientales, este jueves se realiz\u00f3 en la regi\u00f3n de Ays\u00e9n una nueva sesi\u00f3n del Comit\u00e9 Interinstitucional de Contingencias Ambientales (CIICA), instancia clave para el abordaje integral de escenarios asociados a mortalidades masivas de salmones y su gesti\u00f3n log\u00edstica, desde los centros de cultivo hasta la disposici\u00f3n final.<\/p>\n<p style=\"font-weight: 400; text-align: justify;\">Durante la jornada se analizaron distintos factores de riesgo y capacidades de respuesta ante este tipo de eventos. En ese contexto, Oscar Espinoza del Instituto de Fomento Pesquero (IFOP) expuso sobre la variabilidad clim\u00e1tica y la probabilidad de ocurrencia de Floraciones Algales Nocivas (FAN), entregando antecedentes t\u00e9cnicos relevantes para la toma de decisiones preventivas.<\/p>\n<p style=\"font-weight: 400; text-align: justify;\">Asimismo, la Inspecci\u00f3n del Trabajo present\u00f3 los principales requisitos y resguardos asociados al trabajador portuario, mientras que la Armada de Chile abord\u00f3 los procedimientos para el otorgamiento de permisos del trabajador portuario. Por su parte, la empresa Mowi expuso su plan de contingencia frente a eventos FAN, espec\u00edficamente el escenario But\u00e1n 2, compartiendo su experiencia operativa y medidas de mitigaci\u00f3n.<\/p>\n<p style=\"font-weight: 400; text-align: justify;\">Daniela Leiva, directora regional de Sernapesca en Ays\u00e9n, destac\u00f3 la relevancia del CIICA como un espacio de coordinaci\u00f3n ante contingencias, se\u00f1alando que: \u201cesta instancia permite anticiparnos a escenarios complejos, asegurar una gesti\u00f3n oportuna de las mortalidades y resguardar tanto el medio ambiente como la sanidad de la actividad acu\u00edcola\u201d. Asimismo, recalc\u00f3 el rol de Sernapesca en la fiscalizaci\u00f3n, coordinaci\u00f3n operativa y resguardo del cumplimiento normativo, especialmente en situaciones de contingencia.<\/p>\n<p style=\"font-weight: 400; text-align: justify;\">En tanto, el Seremi del Medio Ambiente, Yoal D\u00edaz, subray\u00f3 la importancia de actuar de manera preventiva ante la posible ocurrencia de eventos ambientales adversos, enfatizando que \u201cla preparaci\u00f3n y el trabajo coordinado entre servicios p\u00fablicos y el sector productivo es fundamental para minimizar impactos ambientales\u201d. En este sentido, destac\u00f3 el rol de la Seremi de Medio Ambiente en la evaluaci\u00f3n de riesgos, coordinaci\u00f3n ambiental y fortalecimiento de acciones preventivas frente a contingencias que puedan afectar los ecosistemas de la regi\u00f3n.<\/p>\n<p style=\"font-weight: 400; text-align: justify;\">La realizaci\u00f3n del CIICA reafirma el compromiso de las instituciones participantes por avanzar en una gesti\u00f3n responsable, preventiva y coordinada, frente a los desaf\u00edos ambientales y sanitarios que enfrenta la acuicultura en la regi\u00f3n de Ays\u00e9n.<\/p>\n<\/div><\/section><\/div><div  style='height:50px' class='hr hr-invisible   avia-builder-el-6  el_after_av_one_full  el_before_av_social_share '><span class='hr-inner ' ><span class='hr-inner-style'><\/span><\/span><\/div><\/p>\n<div  class='av-social-sharing-box  avia-builder-el-7  el_after_av_hr  el_before_av_hr  '><div class='av-share-box'><h5 class='av-share-link-description av-no-toc '>Compartir esta noticia<\/h5><ul class='av-share-box-list noLightbox'><li class='av-share-link av-social-link-facebook' ><a target=\"_blank\" aria-label=\"Compartir en Facebook\" href='https:\/\/www.facebook.com\/sharer.php?u=https:\/\/radiorevelacionfm.cl\/?p=63360&#038;t=El%20Comit%C3%A9%20Interinstitucional%20de%20Contingencias%20Ambientales%20de%20Ays%C3%A9n%20se%20reuni%C3%B3%20para%20abordar%20eventuales%20emergencias%20en%20la%20regi%C3%B3n' aria-hidden='false' data-av_icon='\ue8f3' data-av_iconfont='entypo-fontello' title='' data-avia-related-tooltip='Compartir en Facebook' rel=\"noopener\"><span class='avia_hidden_link_text'>Compartir en Facebook<\/span><\/a><\/li><li class='av-share-link av-social-link-twitter' ><a target=\"_blank\" aria-label=\"Compartir en Twitter\" href='https:\/\/twitter.com\/share?text=El%20Comit%C3%A9%20Interinstitucional%20de%20Contingencias%20Ambientales%20de%20Ays%C3%A9n%20se%20reuni%C3%B3%20para%20abordar%20eventuales%20emergencias%20en%20la%20regi%C3%B3n&#038;url=https:\/\/radiorevelacionfm.cl\/?p=63360' aria-hidden='false' data-av_icon='\ue8f1' data-av_iconfont='entypo-fontello' title='' data-avia-related-tooltip='Compartir en Twitter' rel=\"noopener\"><span class='avia_hidden_link_text'>Compartir en Twitter<\/span><\/a><\/li><li class='av-share-link av-social-link-whatsapp' ><a target=\"_blank\" aria-label=\"Compartir en Whatsapp\" href='https:\/\/api.whatsapp.com\/send?text=https:\/\/radiorevelacionfm.cl\/?p=63360' aria-hidden='false' data-av_icon='\uf232' data-av_iconfont='entypo-fontello' title='' data-avia-related-tooltip='Compartir en Whatsapp' rel=\"noopener\"><span class='avia_hidden_link_text'>Compartir en Whatsapp<\/span><\/a><\/li><li class='av-share-link av-social-link-linkedin' ><a target=\"_blank\" aria-label=\"Compartir en LinkedIn\" href='https:\/\/linkedin.com\/shareArticle?mini=true&#038;title=El%20Comit%C3%A9%20Interinstitucional%20de%20Contingencias%20Ambientales%20de%20Ays%C3%A9n%20se%20reuni%C3%B3%20para%20abordar%20eventuales%20emergencias%20en%20la%20regi%C3%B3n&#038;url=https:\/\/radiorevelacionfm.cl\/?p=63360' aria-hidden='false' data-av_icon='\ue8fc' data-av_iconfont='entypo-fontello' title='' data-avia-related-tooltip='Compartir en LinkedIn' rel=\"noopener\"><span class='avia_hidden_link_text'>Compartir en LinkedIn<\/span><\/a><\/li><li class='av-share-link av-social-link-mail' ><a  aria-label=\"Compartir por correo\" href='mailto:?subject=El%20Comit%C3%A9%20Interinstitucional%20de%20Contingencias%20Ambientales%20de%20Ays%C3%A9n%20se%20reuni%C3%B3%20para%20abordar%20eventuales%20emergencias%20en%20la%20regi%C3%B3n&#038;body=https:\/\/radiorevelacionfm.cl\/?p=63360' aria-hidden='false' data-av_icon='\ue805' data-av_iconfont='entypo-fontello' title='' data-avia-related-tooltip='Compartir por correo'><span class='avia_hidden_link_text'>Compartir por correo<\/span><\/a><\/li><\/ul><\/div><\/div>\n<div  style='height:50px' class='hr hr-invisible   avia-builder-el-8  el_after_av_social_share  el_before_av_comments_list '><span class='hr-inner ' ><span class='hr-inner-style'><\/span><\/span><\/div>\n<div  class='av-buildercomment  av-blog-meta-html-info-disabled av-blog-meta-tag-disabled  '><\/div>\n","protected":false},"excerpt":{"rendered":"","protected":false},"author":1,"featured_media":63361,"comment_status":"closed","ping_status":"closed","sticky":false,"template":"","format":"standard","meta":{"footnotes":""},"categories":[60],"tags":[],"class_list":["post-63360","post","type-post","status-publish","format-standard","has-post-thumbnail","hentry","category-pesca"],"jetpack_featured_media_url":"https:\/\/radiorevelacionfm.cl\/wp-content\/uploads\/2026\/01\/17-6-1_optimized.jpg","_links":{"self":[{"href":"https:\/\/radiorevelacionfm.cl\/index.php?rest_route=\/wp\/v2\/posts\/63360","targetHints":{"allow":["GET"]}}],"collection":[{"href":"https:\/\/radiorevelacionfm.cl\/index.php?rest_route=\/wp\/v2\/posts"}],"about":[{"href":"https:\/\/radiorevelacionfm.cl\/index.php?rest_route=\/wp\/v2\/types\/post"}],"author":[{"embeddable":true,"href":"https:\/\/radiorevelacionfm.cl\/index.php?rest_route=\/wp\/v2\/users\/1"}],"replies":[{"embeddable":true,"href":"https:\/\/radiorevelacionfm.cl\/index.php?rest_route=%2Fwp%2Fv2%2Fcomments&post=63360"}],"version-history":[{"count":2,"href":"https:\/\/radiorevelacionfm.cl\/index.php?rest_route=\/wp\/v2\/posts\/63360\/revisions"}],"predecessor-version":[{"id":63428,"href":"https:\/\/radiorevelacionfm.cl\/index.php?rest_route=\/wp\/v2\/posts\/63360\/revisions\/63428"}],"wp:featuredmedia":[{"embeddable":true,"href":"https:\/\/radiorevelacionfm.cl\/index.php?rest_route=\/wp\/v2\/media\/63361"}],"wp:attachment":[{"href":"https:\/\/radiorevelacionfm.cl\/index.php?rest_route=%2Fwp%2Fv2%2Fmedia&parent=63360"}],"wp:term":[{"taxonomy":"category","embeddable":true,"href":"https:\/\/radiorevelacionfm.cl\/index.php?rest_route=%2Fwp%2Fv2%2Fcategories&post=63360"},{"taxonomy":"post_tag","embeddable":true,"href":"https:\/\/radiorevelacionfm.cl\/index.php?rest_route=%2Fwp%2Fv2%2Ftags&post=63360"}],"curies":[{"name":"wp","href":"https:\/\/api.w.org\/{rel}","templated":true}]}}