{"id":63357,"date":"2026-01-15T17:59:03","date_gmt":"2026-01-15T20:59:03","guid":{"rendered":"https:\/\/radiorevelacionfm.cl\/?p=63357"},"modified":"2026-01-15T17:59:03","modified_gmt":"2026-01-15T20:59:03","slug":"hospital-regional-coyhaique-pone-en-marcha-moderno-escaner-odontologico","status":"publish","type":"post","link":"https:\/\/radiorevelacionfm.cl\/?p=63357","title":{"rendered":"Hospital Regional Coyhaique pone en marcha moderno esc\u00e1ner odontol\u00f3gico"},"content":{"rendered":"<div class=\"flex_column av_one_full  flex_column_div av-zero-column-padding first  avia-builder-el-0  el_before_av_one_full  avia-builder-el-first  \" style='border-radius:0px; '><div  class='avia-image-container  av-styling-    avia-builder-el-1  avia-builder-el-no-sibling  avia-align-center '  itemprop=\"image\" itemscope=\"itemscope\" itemtype=\"https:\/\/schema.org\/ImageObject\"  ><div class='avia-image-container-inner'><div class='avia-image-overlay-wrap'><img decoding=\"async\" class='wp-image-63358 avia-img-lazy-loading-not-63358 avia_image' src=\"https:\/\/radiorevelacionfm.cl\/wp-content\/uploads\/2026\/01\/TACD-1-1-1.jpg\" alt='' title='TACD 1 (1) (1)' height=\"600\" width=\"750\"  itemprop=\"thumbnailUrl\" srcset=\"https:\/\/radiorevelacionfm.cl\/wp-content\/uploads\/2026\/01\/TACD-1-1-1.jpg 750w, https:\/\/radiorevelacionfm.cl\/wp-content\/uploads\/2026\/01\/TACD-1-1-1-300x240.jpg 300w, https:\/\/radiorevelacionfm.cl\/wp-content\/uploads\/2026\/01\/TACD-1-1-1-705x564.jpg 705w, https:\/\/radiorevelacionfm.cl\/wp-content\/uploads\/2026\/01\/TACD-1-1-1-450x360.jpg 450w, https:\/\/radiorevelacionfm.cl\/wp-content\/uploads\/2026\/01\/TACD-1-1-1-600x480.jpg 600w\" sizes=\"(max-width: 750px) 100vw, 750px\" \/><\/div><\/div><\/div><\/div><div class=\"flex_column av_one_full  flex_column_div av-zero-column-padding first  avia-builder-el-2  el_after_av_one_full  el_before_av_one_full  column-top-margin\" style='border-radius:0px; '><section class=\"av_textblock_section \"  itemscope=\"itemscope\" itemtype=\"https:\/\/schema.org\/BlogPosting\" itemprop=\"blogPost\" ><div class='avia_textblock  '   itemprop=\"text\" ><p style=\"text-align: center;\"><strong><span style=\"font-size: 18pt;\">Hospital Regional Coyhaique pone en marcha moderno esc\u00e1ner odontol\u00f3gico<\/span><\/strong><\/p>\n<div id=\"gtx-trans\" style=\"position: absolute; left: -50px; top: 4.31534px;\">\n<div class=\"gtx-trans-icon\"><\/div>\n<\/div>\n<\/div><\/section><\/div><div class=\"flex_column av_one_full  flex_column_div av-zero-column-padding first  avia-builder-el-4  el_after_av_one_full  el_before_av_hr  column-top-margin\" style='border-radius:0px; '><section class=\"av_textblock_section \"  itemscope=\"itemscope\" itemtype=\"https:\/\/schema.org\/BlogPosting\" itemprop=\"blogPost\" ><div class='avia_textblock  '   itemprop=\"text\" ><p style=\"text-align: justify;\"><em>El nuevo equipamiento permitir\u00e1 mejorar la precisi\u00f3n diagn\u00f3stica y potenciar el desarrollo de las especialidades odontol\u00f3gicas en el principal centro de salud regional.<\/em><\/p>\n<p style=\"text-align: justify;\">En plena marcha blanca se encuentra el nuevo TAC Dental del Hospital Regional Coyhaique, se trata del Dentsply Sirona, modelo Axeos, equipamiento que cuenta con un sistema de tomograf\u00eda computarizada denominado Cone Beam (CBCT), que constituye un importante apoyo diagn\u00f3stico en los tratamientos de ortodoncia, odontopediatr\u00eda, cirug\u00eda maxilofacial, periodoncia, trastornos temporomandibulares, endodoncia, rehabilitaci\u00f3n e implantolog\u00eda, lo que se traduce en reducci\u00f3n de tiempos de espera y mejor resoluci\u00f3n de las patolog\u00edas bucales de las y los usuarios del Servicio Dental del HRC.<\/p>\n<p style=\"text-align: justify;\">\u201cEstamos muy felices por la adquisici\u00f3n y la puesta en funcionamiento del nuevo esc\u00e1ner odontol\u00f3gico. Es un Cone Beam de \u00faltima tecnolog\u00eda, que ya est\u00e1 en funcionamiento. Esto permitir\u00e1 a la gente y a la poblaci\u00f3n regional disminuir los tiempos de espera para acceder a ex\u00e1menes de imagenolog\u00eda complejos, como radiograf\u00edas panor\u00e1micas, radiograf\u00edas para ortodoncia y esc\u00e1ner dental, que es como el esc\u00e1ner m\u00e9dico pero solamente enfocado en la parte cr\u00e1neo facial\u201d, indic\u00f3 el jefe del Servicio Dental, Dr. Hern\u00e1n Uribe.<\/p>\n<p style=\"text-align: justify;\">El jefe del servicio dental del HRC, que atiende a pacientes derivados desde Atenci\u00f3n Primaria y que cuenta con una decena de odont\u00f3logos especializados en distintas \u00e1reas, hizo hincapi\u00e9 en que este nuevo equipamiento permitir\u00e1 optimizar la atenci\u00f3n de los pacientes, incrementando el n\u00famero de personas que ser\u00e1n atendidas.<\/p>\n<p style=\"text-align: justify;\">\u201cEsperamos acceder a permitir el acceso de aproximadamente 100 personas mensuales a este tipo de ex\u00e1menes, disminuyendo los tiempos de espera de los pacientes de la regi\u00f3n\u201d, precis\u00f3 el Dr. Uribe, en el marco del inicio de funciones de este moderno equipamiento.<\/p>\n<p style=\"text-align: justify;\">Por su parte, Paulina Gajardo, radi\u00f3loga del Servicio Dental, destac\u00f3 que este esc\u00e1ner dental \u201ces un equipo tres en uno, que toma radiograf\u00edas panor\u00e1micas, teleradiograf\u00edas y un Cone Beam que es un examen en tres dimensiones\u201d.<\/p>\n<p style=\"text-align: justify;\">La radi\u00f3loga destac\u00f3 que dada las m\u00faltiples funciones de este equipo, habr\u00e1 una disminuci\u00f3n en las compras de este tipo de ex\u00e1menes en el extrasistema, entregando una oferta mucho mayor a las y los usuarios de toda la regi\u00f3n. \u201cVamos a resolver una cantidad de ex\u00e1menes que son super necesarios para el flujo de nuestros pacientes y una mejor resoluci\u00f3n de sus patolog\u00edas\u201d, profundiz\u00f3 la profesional.<\/p>\n<p style=\"text-align: justify;\">Con su adquisici\u00f3n y puesta en marcha, el Hospital Regional Coyhaique reafirma su compromiso con la innovaci\u00f3n tecnol\u00f3gica, el fortalecimiento de las especialidades odontol\u00f3gicas y la mejora continua de la calidad de atenci\u00f3n, contribuyendo de manera concreta a la salud bucal de la poblaci\u00f3n de la regi\u00f3n de Ays\u00e9n.<\/p>\n<\/div><\/section><\/div><div  style='height:50px' class='hr hr-invisible   avia-builder-el-6  el_after_av_one_full  el_before_av_social_share '><span class='hr-inner ' ><span class='hr-inner-style'><\/span><\/span><\/div><\/p>\n<div  class='av-social-sharing-box  avia-builder-el-7  el_after_av_hr  el_before_av_hr  '><div class='av-share-box'><h5 class='av-share-link-description av-no-toc '>Compartir esta noticia<\/h5><ul class='av-share-box-list noLightbox'><li class='av-share-link av-social-link-facebook' ><a target=\"_blank\" aria-label=\"Compartir en Facebook\" href='https:\/\/www.facebook.com\/sharer.php?u=https:\/\/radiorevelacionfm.cl\/?p=63357&#038;t=Hospital%20Regional%20Coyhaique%20pone%20en%20marcha%20moderno%20esc%C3%A1ner%20odontol%C3%B3gico' aria-hidden='false' data-av_icon='\ue8f3' data-av_iconfont='entypo-fontello' title='' data-avia-related-tooltip='Compartir en Facebook' rel=\"noopener\"><span class='avia_hidden_link_text'>Compartir en Facebook<\/span><\/a><\/li><li class='av-share-link av-social-link-twitter' ><a target=\"_blank\" aria-label=\"Compartir en Twitter\" href='https:\/\/twitter.com\/share?text=Hospital%20Regional%20Coyhaique%20pone%20en%20marcha%20moderno%20esc%C3%A1ner%20odontol%C3%B3gico&#038;url=https:\/\/radiorevelacionfm.cl\/?p=63357' aria-hidden='false' data-av_icon='\ue8f1' data-av_iconfont='entypo-fontello' title='' data-avia-related-tooltip='Compartir en Twitter' rel=\"noopener\"><span class='avia_hidden_link_text'>Compartir en Twitter<\/span><\/a><\/li><li class='av-share-link av-social-link-whatsapp' ><a target=\"_blank\" aria-label=\"Compartir en Whatsapp\" href='https:\/\/api.whatsapp.com\/send?text=https:\/\/radiorevelacionfm.cl\/?p=63357' aria-hidden='false' data-av_icon='\uf232' data-av_iconfont='entypo-fontello' title='' data-avia-related-tooltip='Compartir en Whatsapp' rel=\"noopener\"><span class='avia_hidden_link_text'>Compartir en Whatsapp<\/span><\/a><\/li><li class='av-share-link av-social-link-linkedin' ><a target=\"_blank\" aria-label=\"Compartir en LinkedIn\" href='https:\/\/linkedin.com\/shareArticle?mini=true&#038;title=Hospital%20Regional%20Coyhaique%20pone%20en%20marcha%20moderno%20esc%C3%A1ner%20odontol%C3%B3gico&#038;url=https:\/\/radiorevelacionfm.cl\/?p=63357' aria-hidden='false' data-av_icon='\ue8fc' data-av_iconfont='entypo-fontello' title='' data-avia-related-tooltip='Compartir en LinkedIn' rel=\"noopener\"><span class='avia_hidden_link_text'>Compartir en LinkedIn<\/span><\/a><\/li><li class='av-share-link av-social-link-mail' ><a  aria-label=\"Compartir por correo\" href='mailto:?subject=Hospital%20Regional%20Coyhaique%20pone%20en%20marcha%20moderno%20esc%C3%A1ner%20odontol%C3%B3gico&#038;body=https:\/\/radiorevelacionfm.cl\/?p=63357' aria-hidden='false' data-av_icon='\ue805' data-av_iconfont='entypo-fontello' title='' data-avia-related-tooltip='Compartir por correo'><span class='avia_hidden_link_text'>Compartir por correo<\/span><\/a><\/li><\/ul><\/div><\/div>\n<div  style='height:50px' class='hr hr-invisible   avia-builder-el-8  el_after_av_social_share  el_before_av_comments_list '><span class='hr-inner ' ><span class='hr-inner-style'><\/span><\/span><\/div>\n<div  class='av-buildercomment  av-blog-meta-html-info-disabled av-blog-meta-tag-disabled  '><\/div>\n","protected":false},"excerpt":{"rendered":"","protected":false},"author":1,"featured_media":63358,"comment_status":"closed","ping_status":"closed","sticky":false,"template":"","format":"standard","meta":{"footnotes":""},"categories":[46],"tags":[],"class_list":["post-63357","post","type-post","status-publish","format-standard","has-post-thumbnail","hentry","category-salud"],"jetpack_featured_media_url":"https:\/\/radiorevelacionfm.cl\/wp-content\/uploads\/2026\/01\/TACD-1-1-1.jpg","_links":{"self":[{"href":"https:\/\/radiorevelacionfm.cl\/index.php?rest_route=\/wp\/v2\/posts\/63357","targetHints":{"allow":["GET"]}}],"collection":[{"href":"https:\/\/radiorevelacionfm.cl\/index.php?rest_route=\/wp\/v2\/posts"}],"about":[{"href":"https:\/\/radiorevelacionfm.cl\/index.php?rest_route=\/wp\/v2\/types\/post"}],"author":[{"embeddable":true,"href":"https:\/\/radiorevelacionfm.cl\/index.php?rest_route=\/wp\/v2\/users\/1"}],"replies":[{"embeddable":true,"href":"https:\/\/radiorevelacionfm.cl\/index.php?rest_route=%2Fwp%2Fv2%2Fcomments&post=63357"}],"version-history":[{"count":2,"href":"https:\/\/radiorevelacionfm.cl\/index.php?rest_route=\/wp\/v2\/posts\/63357\/revisions"}],"predecessor-version":[{"id":63363,"href":"https:\/\/radiorevelacionfm.cl\/index.php?rest_route=\/wp\/v2\/posts\/63357\/revisions\/63363"}],"wp:featuredmedia":[{"embeddable":true,"href":"https:\/\/radiorevelacionfm.cl\/index.php?rest_route=\/wp\/v2\/media\/63358"}],"wp:attachment":[{"href":"https:\/\/radiorevelacionfm.cl\/index.php?rest_route=%2Fwp%2Fv2%2Fmedia&parent=63357"}],"wp:term":[{"taxonomy":"category","embeddable":true,"href":"https:\/\/radiorevelacionfm.cl\/index.php?rest_route=%2Fwp%2Fv2%2Fcategories&post=63357"},{"taxonomy":"post_tag","embeddable":true,"href":"https:\/\/radiorevelacionfm.cl\/index.php?rest_route=%2Fwp%2Fv2%2Ftags&post=63357"}],"curies":[{"name":"wp","href":"https:\/\/api.w.org\/{rel}","templated":true}]}}