{"id":63349,"date":"2026-01-15T16:24:52","date_gmt":"2026-01-15T19:24:52","guid":{"rendered":"https:\/\/radiorevelacionfm.cl\/?p=63349"},"modified":"2026-01-15T16:24:52","modified_gmt":"2026-01-15T19:24:52","slug":"se-viene-el-dia-de-los-patrimonios-en-verano","status":"publish","type":"post","link":"https:\/\/radiorevelacionfm.cl\/?p=63349","title":{"rendered":"Se viene el D\u00eda de los Patrimonios en Verano"},"content":{"rendered":"<div class=\"flex_column av_one_full  flex_column_div av-zero-column-padding first  avia-builder-el-0  el_before_av_one_full  avia-builder-el-first  \" style='border-radius:0px; '><div  class='avia-image-container  av-styling-    avia-builder-el-1  avia-builder-el-no-sibling  avia-align-center '  itemprop=\"image\" itemscope=\"itemscope\" itemtype=\"https:\/\/schema.org\/ImageObject\"  ><div class='avia-image-container-inner'><div class='avia-image-overlay-wrap'><img decoding=\"async\" class='wp-image-63350 avia-img-lazy-loading-not-63350 avia_image' src=\"https:\/\/radiorevelacionfm.cl\/wp-content\/uploads\/2026\/01\/afiche-dpc_rrss_lanzamiento-ig-1_optimized-1_optimized-1.jpg\" alt='' title='afiche-dpc_rrss_lanzamiento-ig-(1)_optimized-(1)_optimized (1)' height=\"1000\" width=\"800\"  itemprop=\"thumbnailUrl\" srcset=\"https:\/\/radiorevelacionfm.cl\/wp-content\/uploads\/2026\/01\/afiche-dpc_rrss_lanzamiento-ig-1_optimized-1_optimized-1.jpg 800w, https:\/\/radiorevelacionfm.cl\/wp-content\/uploads\/2026\/01\/afiche-dpc_rrss_lanzamiento-ig-1_optimized-1_optimized-1-240x300.jpg 240w, https:\/\/radiorevelacionfm.cl\/wp-content\/uploads\/2026\/01\/afiche-dpc_rrss_lanzamiento-ig-1_optimized-1_optimized-1-768x960.jpg 768w, https:\/\/radiorevelacionfm.cl\/wp-content\/uploads\/2026\/01\/afiche-dpc_rrss_lanzamiento-ig-1_optimized-1_optimized-1-564x705.jpg 564w, https:\/\/radiorevelacionfm.cl\/wp-content\/uploads\/2026\/01\/afiche-dpc_rrss_lanzamiento-ig-1_optimized-1_optimized-1-450x563.jpg 450w, https:\/\/radiorevelacionfm.cl\/wp-content\/uploads\/2026\/01\/afiche-dpc_rrss_lanzamiento-ig-1_optimized-1_optimized-1-600x750.jpg 600w\" sizes=\"(max-width: 800px) 100vw, 800px\" \/><\/div><\/div><\/div><\/div><div class=\"flex_column av_one_full  flex_column_div av-zero-column-padding first  avia-builder-el-2  el_after_av_one_full  el_before_av_one_full  column-top-margin\" style='border-radius:0px; '><section class=\"av_textblock_section \"  itemscope=\"itemscope\" itemtype=\"https:\/\/schema.org\/BlogPosting\" itemprop=\"blogPost\" ><div class='avia_textblock  '   itemprop=\"text\" ><div style=\"text-align: center;\"><\/div>\n<div><\/div>\n<div style=\"text-align: center;\"><span style=\"font-size: 18pt;\"><strong>Se viene el D\u00eda de los Patrimonios en Verano<\/strong><\/span><\/div>\n<div><\/div>\n<div id=\"gtx-trans\" style=\"position: absolute; left: -50px; top: 4.31534px;\">\n<div class=\"gtx-trans-icon\"><\/div>\n<\/div>\n<\/div><\/section><\/div><div class=\"flex_column av_one_full  flex_column_div av-zero-column-padding first  avia-builder-el-4  el_after_av_one_full  el_before_av_hr  column-top-margin\" style='border-radius:0px; '><section class=\"av_textblock_section \"  itemscope=\"itemscope\" itemtype=\"https:\/\/schema.org\/BlogPosting\" itemprop=\"blogPost\" ><div class='avia_textblock  '   itemprop=\"text\" ><p style=\"text-align: justify;\">Por primera vez en su historia, el D\u00eda de los Patrimonios suma una fecha estival para celebrar nuestra identidad en los barrios, plazas, playas y parques del pa\u00eds, este 31 de enero.<\/p>\n<p style=\"text-align: justify;\">La Secretar\u00eda Regional Ministerial de las Culturas, las Artes y el Patrimonio Regi\u00f3n de Ays\u00e9n y la Direcci\u00f3n Regional de Patrimonio Cultural invitan a organismos p\u00fablicos y privados a inscribir sus actividades para celebrar juntos el D\u00eda de los Patrimonios en Verano. Para hacerlo, debes acceder a <a href=\"http:\/\/diadelospatrimonios.cl\">diadelospatrimonios.cl<\/a> y seguir las instrucciones.<\/p>\n<p style=\"text-align: justify;\">El seremi de Culturas Ays\u00e9n, Felipe Quiroz, invit\u00f3 a vecinas, vecinos y familias a sumarse: \u201cCreemos que sumar una fecha veraniega al D\u00eda de los Patrimonios nos va a permitir ofrecer nuevas experiencias culturales y patrimoniales, con la calidez de estas fechas y siempre buscando multiplicar el inter\u00e9s por resguardar nuestras tradiciones y nuestra identidad\u201d.<\/p>\n<p style=\"text-align: justify;\">La directora regional de Patrimonio Cultural, Claudia Cantero, dijo que \u201cestamos felices de celebrar por primera vez el D\u00eda de los Patrimonios en Verano. Este 31 de enero tendremos actividades pensadas en la participaci\u00f3n de las familias, poniendo en valor nuestras pr\u00e1cticas culturales propias de la Regi\u00f3n de Ays\u00e9n. Vamos a tener juegos, oficios y memoria que van a confluir en Jun hito que remarca la historia de nuestras vidas. Est\u00e1n todos y todos invitados a participar de las iniciativas que vamos a realizar y a inscribir sus actividades\u201d.<\/p>\n<p style=\"text-align: justify;\">Los organismos p\u00fablicos y privados que deseen participar, pueden inscribir sus iniciativas hasta el 28 de enero.<\/p>\n<\/div><\/section><\/div><div  style='height:50px' class='hr hr-invisible   avia-builder-el-6  el_after_av_one_full  el_before_av_social_share '><span class='hr-inner ' ><span class='hr-inner-style'><\/span><\/span><\/div><\/p>\n<div  class='av-social-sharing-box  avia-builder-el-7  el_after_av_hr  el_before_av_hr  '><div class='av-share-box'><h5 class='av-share-link-description av-no-toc '>Compartir esta noticia<\/h5><ul class='av-share-box-list noLightbox'><li class='av-share-link av-social-link-facebook' ><a target=\"_blank\" aria-label=\"Compartir en Facebook\" href='https:\/\/www.facebook.com\/sharer.php?u=https:\/\/radiorevelacionfm.cl\/?p=63349&#038;t=Se%20viene%20el%20D%C3%ADa%20de%20los%20Patrimonios%20en%20Verano' aria-hidden='false' data-av_icon='\ue8f3' data-av_iconfont='entypo-fontello' title='' data-avia-related-tooltip='Compartir en Facebook' rel=\"noopener\"><span class='avia_hidden_link_text'>Compartir en Facebook<\/span><\/a><\/li><li class='av-share-link av-social-link-twitter' ><a target=\"_blank\" aria-label=\"Compartir en Twitter\" href='https:\/\/twitter.com\/share?text=Se%20viene%20el%20D%C3%ADa%20de%20los%20Patrimonios%20en%20Verano&#038;url=https:\/\/radiorevelacionfm.cl\/?p=63349' aria-hidden='false' data-av_icon='\ue8f1' data-av_iconfont='entypo-fontello' title='' data-avia-related-tooltip='Compartir en Twitter' rel=\"noopener\"><span class='avia_hidden_link_text'>Compartir en Twitter<\/span><\/a><\/li><li class='av-share-link av-social-link-whatsapp' ><a target=\"_blank\" aria-label=\"Compartir en Whatsapp\" href='https:\/\/api.whatsapp.com\/send?text=https:\/\/radiorevelacionfm.cl\/?p=63349' aria-hidden='false' data-av_icon='\uf232' data-av_iconfont='entypo-fontello' title='' data-avia-related-tooltip='Compartir en Whatsapp' rel=\"noopener\"><span class='avia_hidden_link_text'>Compartir en Whatsapp<\/span><\/a><\/li><li class='av-share-link av-social-link-linkedin' ><a target=\"_blank\" aria-label=\"Compartir en LinkedIn\" href='https:\/\/linkedin.com\/shareArticle?mini=true&#038;title=Se%20viene%20el%20D%C3%ADa%20de%20los%20Patrimonios%20en%20Verano&#038;url=https:\/\/radiorevelacionfm.cl\/?p=63349' aria-hidden='false' data-av_icon='\ue8fc' data-av_iconfont='entypo-fontello' title='' data-avia-related-tooltip='Compartir en LinkedIn' rel=\"noopener\"><span class='avia_hidden_link_text'>Compartir en LinkedIn<\/span><\/a><\/li><li class='av-share-link av-social-link-mail' ><a  aria-label=\"Compartir por correo\" href='mailto:?subject=Se%20viene%20el%20D%C3%ADa%20de%20los%20Patrimonios%20en%20Verano&#038;body=https:\/\/radiorevelacionfm.cl\/?p=63349' aria-hidden='false' data-av_icon='\ue805' data-av_iconfont='entypo-fontello' title='' data-avia-related-tooltip='Compartir por correo'><span class='avia_hidden_link_text'>Compartir por correo<\/span><\/a><\/li><\/ul><\/div><\/div>\n<div  style='height:50px' class='hr hr-invisible   avia-builder-el-8  el_after_av_social_share  el_before_av_comments_list '><span class='hr-inner ' ><span class='hr-inner-style'><\/span><\/span><\/div>\n<div  class='av-buildercomment  av-blog-meta-html-info-disabled av-blog-meta-tag-disabled  '><\/div>\n","protected":false},"excerpt":{"rendered":"","protected":false},"author":1,"featured_media":63350,"comment_status":"closed","ping_status":"closed","sticky":false,"template":"","format":"standard","meta":{"footnotes":""},"categories":[52],"tags":[],"class_list":["post-63349","post","type-post","status-publish","format-standard","has-post-thumbnail","hentry","category-cultura"],"jetpack_featured_media_url":"https:\/\/radiorevelacionfm.cl\/wp-content\/uploads\/2026\/01\/afiche-dpc_rrss_lanzamiento-ig-1_optimized-1_optimized-1.jpg","_links":{"self":[{"href":"https:\/\/radiorevelacionfm.cl\/index.php?rest_route=\/wp\/v2\/posts\/63349","targetHints":{"allow":["GET"]}}],"collection":[{"href":"https:\/\/radiorevelacionfm.cl\/index.php?rest_route=\/wp\/v2\/posts"}],"about":[{"href":"https:\/\/radiorevelacionfm.cl\/index.php?rest_route=\/wp\/v2\/types\/post"}],"author":[{"embeddable":true,"href":"https:\/\/radiorevelacionfm.cl\/index.php?rest_route=\/wp\/v2\/users\/1"}],"replies":[{"embeddable":true,"href":"https:\/\/radiorevelacionfm.cl\/index.php?rest_route=%2Fwp%2Fv2%2Fcomments&post=63349"}],"version-history":[{"count":2,"href":"https:\/\/radiorevelacionfm.cl\/index.php?rest_route=\/wp\/v2\/posts\/63349\/revisions"}],"predecessor-version":[{"id":63352,"href":"https:\/\/radiorevelacionfm.cl\/index.php?rest_route=\/wp\/v2\/posts\/63349\/revisions\/63352"}],"wp:featuredmedia":[{"embeddable":true,"href":"https:\/\/radiorevelacionfm.cl\/index.php?rest_route=\/wp\/v2\/media\/63350"}],"wp:attachment":[{"href":"https:\/\/radiorevelacionfm.cl\/index.php?rest_route=%2Fwp%2Fv2%2Fmedia&parent=63349"}],"wp:term":[{"taxonomy":"category","embeddable":true,"href":"https:\/\/radiorevelacionfm.cl\/index.php?rest_route=%2Fwp%2Fv2%2Fcategories&post=63349"},{"taxonomy":"post_tag","embeddable":true,"href":"https:\/\/radiorevelacionfm.cl\/index.php?rest_route=%2Fwp%2Fv2%2Ftags&post=63349"}],"curies":[{"name":"wp","href":"https:\/\/api.w.org\/{rel}","templated":true}]}}